{"id":16027,"date":"2025-08-25T16:49:08","date_gmt":"2025-08-25T16:49:08","guid":{"rendered":"https:\/\/www.europesays.com\/fi\/16027\/"},"modified":"2025-08-25T16:49:08","modified_gmt":"2025-08-25T16:49:08","slug":"the-mandalorian-oli-liikaa-star-wars-tahdelle-lopetti-nayttelemisen-melkein-kolmeksi-vuodeksi","status":"publish","type":"post","link":"https:\/\/www.europesays.com\/fi\/16027\/","title":{"rendered":"The Mandalorian oli liikaa Star Wars -t\u00e4hdelle &#8211; lopetti n\u00e4yttelemisen melkein kolmeksi vuodeksi"},"content":{"rendered":"\n<p><strong>Katee Sackhoff on esitt\u00e4nyt Bo-Katan Kryzea Star Wars -universumissa.<\/strong><\/p>\n<p><a href=\"https:\/\/muropaketti.com\/avainsana\/katee-sackhoff\/\" rel=\"nofollow noopener\" target=\"_blank\">Katee Sackhoff<\/a> n\u00e4ytteli The Mandalorian -sarjassa omilla kasvoillaan hahmoa, jota h\u00e4n oli tuohon menness\u00e4 esitt\u00e4nyt \u00e4\u00e4niroolissa. Sackhoffin esitt\u00e4m\u00e4 Bo-Katan Kryze oli mukana Star Wars: Rebels ja The Clone Wars -animaatiosarjoissa.<\/p>\n<p>The Mandalorianissa mukana olo oli kuitenkin Sackhoffille liikaa, uutisoi <a href=\"https:\/\/deadline.com\/2025\/08\/katee-sackhoff-not-acting-three-years-after-the-mandalorian-1236495678\/\" target=\"_blank\" rel=\"noopener nofollow\">Deadline<\/a>. N\u00e4yttelij\u00e4 kertoo menett\u00e4neens\u00e4 sen my\u00f6t\u00e4 itseluottamuksensa ja j\u00e4tt\u00e4neens\u00e4 n\u00e4yttelemisen vuosiksi.<\/p>\n<p>\u201cMenetin kaiken itseluottamukseni Mandalorianin j\u00e4lkeen\u2026 Ymm\u00e4rsin kyll\u00e4 hahmoani, mutta en koskaan tuntenut h\u00e4nt\u00e4 sisuksissani asti. En koskaan identifioitunut h\u00e4neen\u201d, Sackhoff kertoo.<\/p>\n<p>\u201cSe rikkoi minut. Aloin kyseenalaistaa kaikkea itsess\u00e4ni\u2026 Ja k\u00e4yt\u00e4nn\u00f6ss\u00e4 en n\u00e4ytellyt sen j\u00e4lkeen kolmeen vuoteen, sill\u00e4 se tuhosi itseluottamukseni.\u201d<\/p>\n<p>H\u00e4n kertoo ty\u00f6skennelleens\u00e4 tuon j\u00e4lkeen uuden valmentajan kanssa, ja h\u00e4net on nyt kiinnitetty Mike Flanaganin tulevaan Stephen King -sarjaan Carrie. Sackhoffin sarjassa esitt\u00e4m\u00e4\u00e4 roolia ei ole viel\u00e4 paljastettu.<\/p>\n<p><strong>Katso The Mandalorian<\/strong><\/p>\n","protected":false},"excerpt":{"rendered":"Katee Sackhoff on esitt\u00e4nyt Bo-Katan Kryzea Star Wars -universumissa. Katee Sackhoff n\u00e4ytteli The Mandalorian -sarjassa omilla kasvoillaan hahmoa,&hellip;\n","protected":false},"author":2,"featured_media":16028,"comment_status":"","ping_status":"","sticky":false,"template":"","format":"standard","meta":{"footnotes":""},"categories":[130],"tags":[137,33,31,30,6172,32,2239,109],"class_list":{"0":"post-16027","1":"post","2":"type-post","3":"status-publish","4":"format-standard","5":"has-post-thumbnail","7":"category-viihde","8":"tag-entertainment","9":"tag-fi","10":"tag-finland","11":"tag-finnish","12":"tag-katee-sackhoff","13":"tag-suomi","14":"tag-the-mandalorian","15":"tag-viihde"},"share_on_mastodon":{"url":"","error":""},"_links":{"self":[{"href":"https:\/\/www.europesays.com\/fi\/wp-json\/wp\/v2\/posts\/16027","targetHints":{"allow":["GET"]}}],"collection":[{"href":"https:\/\/www.europesays.com\/fi\/wp-json\/wp\/v2\/posts"}],"about":[{"href":"https:\/\/www.europesays.com\/fi\/wp-json\/wp\/v2\/types\/post"}],"author":[{"embeddable":true,"href":"https:\/\/www.europesays.com\/fi\/wp-json\/wp\/v2\/users\/2"}],"replies":[{"embeddable":true,"href":"https:\/\/www.europesays.com\/fi\/wp-json\/wp\/v2\/comments?post=16027"}],"version-history":[{"count":0,"href":"https:\/\/www.europesays.com\/fi\/wp-json\/wp\/v2\/posts\/16027\/revisions"}],"wp:featuredmedia":[{"embeddable":true,"href":"https:\/\/www.europesays.com\/fi\/wp-json\/wp\/v2\/media\/16028"}],"wp:attachment":[{"href":"https:\/\/www.europesays.com\/fi\/wp-json\/wp\/v2\/media?parent=16027"}],"wp:term":[{"taxonomy":"category","embeddable":true,"href":"https:\/\/www.europesays.com\/fi\/wp-json\/wp\/v2\/categories?post=16027"},{"taxonomy":"post_tag","embeddable":true,"href":"https:\/\/www.europesays.com\/fi\/wp-json\/wp\/v2\/tags?post=16027"}],"curies":[{"name":"wp","href":"https:\/\/api.w.org\/{rel}","templated":true}]}}