{"id":160311,"date":"2026-02-03T22:44:11","date_gmt":"2026-02-03T22:44:11","guid":{"rendered":"https:\/\/www.europesays.com\/fi\/160311\/"},"modified":"2026-02-03T22:44:11","modified_gmt":"2026-02-03T22:44:11","slug":"kiinasta-toimitettujen-pakettien-maara-kasvoi-rajusti-viime-vuonna-uutisia-lyhyesti","status":"publish","type":"post","link":"https:\/\/www.europesays.com\/fi\/160311\/","title":{"rendered":"Kiinasta toimitettujen pakettien m\u00e4\u00e4r\u00e4 kasvoi rajusti viime vuonna | Uutisia lyhyesti"},"content":{"rendered":"<p class=\"aw-1gybjub aw-5vja16 kEtdKx kmuxyA yle__article__paragraph\">Pakettivirrasta seuraa muun muassa ylikulutusta ja j\u00e4teongelma.<\/p>\n<p><img decoding=\"async\" alt=\"Temun harmaan l\u00e4hetyspussin kulma kuvattuna punaisella p\u00f6yd\u00e4ll\u00e4.\" src=\"https:\/\/www.europesays.com\/fi\/wp-content\/uploads\/2026\/02\/39-1577413695cb1d215929.jpeg\" class=\"aw-1l9m598 hKVVvP\"\/><\/p>\n<p>Avaa kuvien katselu<\/p>\n<p>EU:n ulkopuolelta Suomeen toimitetuista paketeista l\u00e4hes 99 prosenttia tuli Kiinasta. Kuva: Riikka Kurki \/ Yle<\/p>\n<p>3.2. 14:30\u2022P\u00e4ivitetty 3.2. 14:36<\/p>\n<p class=\"aw-1gybjub aw-1p7kakr kEtdKx cEmitX yle__article__paragraph\">Kiinasta Suomeen toimitettujen pakettien m\u00e4\u00e4r\u00e4 kasvoi viime vuonna l\u00e4hes puolella vuoteen 2024 verrattuna, kertoo <a class=\"aw-iao6s4 iHOxEa yle__article__link\" href=\"https:\/\/kauppa.fi\/uutishuone\/2026\/02\/03\/kiina-pakettien-maara-kasvoi-voimakkaasti-myos-vuonna-2025\/\" role=\"link\" rel=\"nofollow noopener\" target=\"_blank\">Kaupan liitto<\/a>.<\/p>\n<p class=\"aw-1gybjub aw-1p7kakr kEtdKx cEmitX yle__article__paragraph\">Liitto pohjaa tietonsa Tullin tilastoihin.<\/p>\n<p class=\"aw-1gybjub aw-1p7kakr kEtdKx cEmitX yle__article__paragraph\">Kaikkiaan EU:n ulkopuolelta Suomeen toimitetuista paketeista l\u00e4hes 99 prosenttia tuli Kiinasta. Tavaran keskim\u00e4\u00e4r\u00e4inen arvo oli Tullin mukaan runsaat 5,5 euroa.<\/p>\n<p class=\"aw-1gybjub aw-1p7kakr kEtdKx cEmitX yle__article__paragraph\">Kaupan liiton toimitusjohtajan <strong class=\"aw-ak79eh KyCXm yle__article__strong\">Kari Luodon<\/strong> mukaan Kiina-pakettien raju kasvu aiheuttaa vakavia haasteita eurooppalaisille sis\u00e4markkinoille ja suomalaisille kaupan yrityksille. H\u00e4nen mukaansa se muun muassa v\u00e4\u00e4rist\u00e4\u00e4 yritysten v\u00e4list\u00e4 kilpailua.<\/p>\n<p class=\"aw-1gybjub aw-1p7kakr kEtdKx cEmitX yle__article__paragraph\">Aiemmin Tulli on nostanut esille <a class=\"aw-iao6s4 iHOxEa yle__article__link\" href=\"https:\/\/yle.fi\/a\/74-20182083\" role=\"link\" rel=\"nofollow noopener\" target=\"_blank\">nelj\u00e4 ongelmaa<\/a>, jotka seuraavat hallitsemattomasta kiinalaisen tavaran verkkokauppavirrasta: ylikulutus, j\u00e4teongelma, elinkeinoel\u00e4m\u00e4n kilpailukyvyn ongelmat ja tuoteturvallisuus, jota ei pystyt\u00e4 takaamaan.<\/p>\n<p>Asiaan ollaan puuttumassa<\/p>\n<p class=\"aw-1gybjub aw-1p7kakr kEtdKx cEmitX yle__article__paragraph\">EU-tasolla EU-neuvosto on p\u00e4\u00e4tt\u00e4nyt ottaa v\u00e4liaikaisesti k\u00e4ytt\u00f6\u00f6n kiinte\u00e4n kolmen euron tullin 1. hein\u00e4kuuta alkaen. Tullimaksu koskee alle 150 euron arvoisia, EU:n ulkopuolelta tulleita l\u00e4hetyksi\u00e4. T\u00e4ll\u00e4 hetkell\u00e4 v\u00e4h\u00e4arvoiset l\u00e4hetykset saapuvat EU:n alueelle tullimaksutta.<\/p>\n<p class=\"aw-1gybjub aw-1p7kakr kEtdKx cEmitX yle__article__paragraph\">Luodon mukaan Kaupan liitto pit\u00e4\u00e4 kolmen euron tullimaksua tervetulleena, mutta toivoo my\u00f6s Suomen hallitukselta toimia tilanteeseen puuttumiseksi.<\/p>\n<p class=\"aw-1gybjub aw-1p7kakr kEtdKx cEmitX yle__article__paragraph\">Suomessa ty\u00f6ministeri <strong class=\"aw-ak79eh KyCXm yle__article__strong\">Matias Marttinen<\/strong> (kok.) <a class=\"aw-iao6s4 iHOxEa yle__article__link\" href=\"https:\/\/yle.fi\/a\/74-20193135\" role=\"link\" rel=\"nofollow noopener\" target=\"_blank\">asetti marraskuun lopulla ty\u00f6ryhm\u00e4n<\/a> etsim\u00e4\u00e4n ratkaisuja halpatuontiin liittyviin ongelmiin.<\/p>\n","protected":false},"excerpt":{"rendered":"Pakettivirrasta seuraa muun muassa ylikulutusta ja j\u00e4teongelma. Avaa kuvien katselu EU:n ulkopuolelta Suomeen toimitetuista paketeista l\u00e4hes 99 prosenttia&hellip;\n","protected":false},"author":2,"featured_media":160312,"comment_status":"","ping_status":"","sticky":false,"template":"","format":"standard","meta":{"footnotes":"","_share_on_mastodon":"0"},"categories":[76],"tags":[79,77,33,31,30,26664,510,32,78,4628],"class_list":["post-160311","post","type-post","status-publish","format-standard","has-post-thumbnail","category-talous","tag-business","tag-economy","tag-fi","tag-finland","tag-finnish","tag-kaupan-liitto","tag-kiina","tag-suomi","tag-talous","tag-tulli"],"share_on_mastodon":{"url":"https:\/\/pubeurope.com\/@fi\/116009124838268052","error":""},"_links":{"self":[{"href":"https:\/\/www.europesays.com\/fi\/wp-json\/wp\/v2\/posts\/160311","targetHints":{"allow":["GET"]}}],"collection":[{"href":"https:\/\/www.europesays.com\/fi\/wp-json\/wp\/v2\/posts"}],"about":[{"href":"https:\/\/www.europesays.com\/fi\/wp-json\/wp\/v2\/types\/post"}],"author":[{"embeddable":true,"href":"https:\/\/www.europesays.com\/fi\/wp-json\/wp\/v2\/users\/2"}],"replies":[{"embeddable":true,"href":"https:\/\/www.europesays.com\/fi\/wp-json\/wp\/v2\/comments?post=160311"}],"version-history":[{"count":0,"href":"https:\/\/www.europesays.com\/fi\/wp-json\/wp\/v2\/posts\/160311\/revisions"}],"wp:featuredmedia":[{"embeddable":true,"href":"https:\/\/www.europesays.com\/fi\/wp-json\/wp\/v2\/media\/160312"}],"wp:attachment":[{"href":"https:\/\/www.europesays.com\/fi\/wp-json\/wp\/v2\/media?parent=160311"}],"wp:term":[{"taxonomy":"category","embeddable":true,"href":"https:\/\/www.europesays.com\/fi\/wp-json\/wp\/v2\/categories?post=160311"},{"taxonomy":"post_tag","embeddable":true,"href":"https:\/\/www.europesays.com\/fi\/wp-json\/wp\/v2\/tags?post=160311"}],"curies":[{"name":"wp","href":"https:\/\/api.w.org\/{rel}","templated":true}]}}