{"id":160375,"date":"2026-02-04T00:43:07","date_gmt":"2026-02-04T00:43:07","guid":{"rendered":"https:\/\/www.europesays.com\/fi\/160375\/"},"modified":"2026-02-04T00:43:07","modified_gmt":"2026-02-04T00:43:07","slug":"sabina-sarkka-talta-nayttaa-ex-missin-koti","status":"publish","type":"post","link":"https:\/\/www.europesays.com\/fi\/160375\/","title":{"rendered":"Sabina S\u00e4rkk\u00e4: T\u00e4lt\u00e4 n\u00e4ytt\u00e4\u00e4 ex-missin koti"},"content":{"rendered":"<p>\n            Sabina S\u00e4rkk\u00e4 Miss Suomi-kilpailu Billn\u00e4sissa 2018-09-29<br \/>\n            WWW.PASIMURTO.COM\n        <\/p>\n<p class=\"subtitle \">Somevaikuttajan koti on kuin suoraan sisustuslehdest\u00e4.<\/p>\n<p class=\"article-content article-content-width !bg-background\">Mediapersoona ja ex-missi , 37, kodin sisustus her\u00e4tt\u00e4\u00e4 ihastusta.<\/p>\n<p class=\"font-weight-bold m-font-weight-bold article-content article-content-width !bg-background\">Sabina ja valokuvaajarakas laivalla:<\/p>\n<p>Puolison kanssa eri osoitteissa<\/p>\n<p class=\"article-content article-content-width !bg-background\">Sabina on seurustellut valokuvaajarakkaansa kanssa jo kaksi ja puoli vuotta. Vaikka ex-missi ei varsinaisesti piilottele syd\u00e4nk\u00e4py\u00e4\u00e4n, h\u00e4n ei ole my\u00f6sk\u00e4\u00e4n esitellyt kumppaniaan julkisuudessa. Kaksikko asuu edelleen eri osoitteissa.<\/p>\n<p class=\"article-content article-content-width !bg-background\">Sabina on remontoinut Helsingiss\u00e4 sijaitsevaa kotiaan viime aikoina.<\/p>\n<p class=\"article-content article-content-width !bg-background\">\u2013\u00a0Olemme olleet yhdess\u00e4 nyt 2,5 vuotta, ja meill\u00e4 on viel\u00e4 erilliset asunnot. Minulla on oma k\u00e4mpp\u00e4 Kalliossa ja h\u00e4nell\u00e4 muualla, mutta joka y\u00f6 olemme kyll\u00e4 yhdess\u00e4. T\u00e4m\u00e4 on t\u00e4llainen erilainen j\u00e4rjestely, <a href=\"https:\/\/anna.fi\/ihmiset\/sabina-sarkka-on-paatynyt-erikoiseen-asumisjarjestelyyn\" target=\"_blank\" rel=\"nofollow noopener\">Sabina kertoi joulukuussa ilmestyneess\u00e4 Anna-lehden haastattelussa<\/a>.<\/p>\n<p>        <a itemprop=\"url\" href=\"https:\/\/www.seiska.fi\/kotimaa\/sabina-sarkan-ex-mies-yllatyshaat\/2035743\" rel=\"nofollow noopener\" target=\"_blank\"><\/p>\n<p>\nSabinan ex-mies\n<\/p>\n<p class=\"section-date\">\n        <strong class=\"article-section\" data-section=\"kotimaa\"><br \/>\n            kotimaa<br \/>\n        <\/strong><br \/>\n        2.1. 13:31\n    <\/p>\n<p>Sabina S\u00e4rk\u00e4n ex-mies: Yll\u00e4tysh\u00e4\u00e4t!\n    <\/p>\n<p itemprop=\"description\" class=\"subtitle \">\n    Ossin tuore aviovaimo paljastaa iloisia uutisia.\n<\/p>\n<p>        <\/a><\/p>\n<p class=\"article-content article-content-width !bg-background\">Sabina kertoi viime elokuussa yst\u00e4v\u00e4ns\u00e4 Sara Siepin kanssa luotsaamassaan <a href=\"https:\/\/podimo.com\/fi\/shows\/sieppi-ja-sarkka\" target=\"_blank\" rel=\"nofollow noopener\">Sieppi ja S\u00e4rkk\u00e4 -podcastissa<\/a>, ett\u00e4 h\u00e4nen puolisonsa asuu Helsingin keskustassa.<\/p>\n<p class=\"article-content article-content-width !bg-background\">\u2013\u00a0\u00a0H\u00e4nell\u00e4 on isompi k\u00e4mpp\u00e4, ja siin\u00e4 on ihan sika hyv\u00e4 diili. Minulla on v\u00e4h\u00e4n pienempi omistusk\u00e4mpp\u00e4, josta en ole valmis luopumaan. Nyt on muutenkin ehk\u00e4 huonot markkinat myyd\u00e4 k\u00e4mpp\u00e4\u00e4, Sabina paljasti.<\/p>\n<p class=\"article-content article-content-width !bg-background\"><a href=\"https:\/\/www.instagram.com\/p\/DSC0L4ajOuI\/\" target=\"_blank\" rel=\"nofollow noopener\">T\u00e4\u00e4lt\u00e4 voit katsoa Sabinan keitti\u00f6n muodonmuutoksen<\/a>.<\/p>\n<p>El\u00e4inkuosia ja nahkaa<\/p>\n<p class=\"article-content article-content-width !bg-background\">Somevaikuttajana ty\u00f6skentelev\u00e4 Sabina jakoi Instagram-tilill\u00e4\u00e4n kuvia upeasta asunnostaan.<\/p>\n<p class=\"article-content article-content-width !bg-background\">\u2013 Hot mess, Sabina kirjoittaa kuvatekstiss\u00e4 viitaten asunnon siisteyteen, sill\u00e4 otoksissa ex-missin vaatteita ja kodin tavaroita on hieman hujan hajan.<\/p>\n<p>        <a itemprop=\"url\" href=\"https:\/\/www.seiska.fi\/kotimaa\/sabina-sarkan-loma-sai-yllattavan-kaanteen-nain-leonardo-dicaprio-liittyy-asiaan\/2060854\" rel=\"nofollow noopener\" target=\"_blank\"><\/p>\n<p>\nLeonardo DiCaprio liittyy asiaan\n<\/p>\n<p class=\"section-date\">\n        <strong class=\"article-section\" data-section=\"kotimaa\"><br \/>\n            kotimaa<br \/>\n        <\/strong><br \/>\n        30.1. 08:30\n    <\/p>\n<p>Sabina S\u00e4rk\u00e4n loma sai yll\u00e4tt\u00e4v\u00e4n k\u00e4\u00e4nteen \u2013 n\u00e4in Leonardo DiCaprio liittyy asiaan\n    <\/p>\n<p itemprop=\"description\" class=\"subtitle \">\n    Sabinan varaama hotelli tarjosi kaunottarelle melkoisen yll\u00e4tyksen.\n<\/p>\n<p>        <\/a><\/p>\n<p class=\"article-content article-content-width !bg-background\">Sabinan asunnossa on valkoinen lautalattia ja valkoiset sein\u00e4t, jotka luovat avaran tunnelman.\u00a0Tilan tuntua korostavat lattiasta kattoon ulottuvat peilit.<\/p>\n<p class=\"article-content article-content-width !bg-background\">Ehdoton katseenvangitsija on suuri, vaaleanruskea nahkasohva, jossa on istuinpaikat kolmelle. Vaaleas\u00e4vyinen asunto saa s\u00e4rm\u00e4\u00e4 seeprakuvioisista yksityiskohdista \u2013 mustavalkoisesta jakkarasta ja ruskea-mustasta matosta.\u00a0<\/p>\n<p class=\"article-content article-content-width !bg-background\">Asunnon keitti\u00f6 uusittiin hiljattain, ja valkoiset kaapistot korvattiin tummanruskeilla kaapistoilla sek\u00e4 ter\u00e4ksisill\u00e4 yksityiskohdilla.<\/p>\n<p>        <a itemprop=\"url\" href=\"https:\/\/www.seiska.fi\/kotimaa\/sabina-sarkka-joutui-shokkiin-sara-sieppi-aiheutti-jarkytyksen\/2022055\" rel=\"nofollow noopener\" target=\"_blank\"><\/p>\n<p>\nSara Sieppi aiheutti j\u00e4rkytyksen\n<\/p>\n<p class=\"section-date\">\n        <strong class=\"article-section\" data-section=\"kotimaa\"><br \/>\n            kotimaa<br \/>\n        <\/strong><br \/>\n        15.12.2025 14:56\n    <\/p>\n<p>Sabina S\u00e4rkk\u00e4 joutui shokkiin \u2013 Sara Sieppi aiheutti j\u00e4rkytyksen\n    <\/p>\n<p itemprop=\"description\" class=\"subtitle \">\n    L\u00e4heiset onnistuivat yll\u00e4tt\u00e4m\u00e4\u00e4n Sabinan toden teolla.\n<\/p>\n<p>        <\/a><\/p>\n<p class=\"article-content article-content-width !bg-background\"><a href=\"https:\/\/www.instagram.com\/p\/DUQlJIWjMII\/?img_index=1\" target=\"_blank\" rel=\"nofollow noopener\">Jos julkaisu ei n\u00e4y, voit katsoa sen my\u00f6s t\u00e4\u00e4lt\u00e4.<\/a><\/p>\n<p><script async src=\"\/\/www.instagram.com\/embed.js\"><\/script><\/p>\n","protected":false},"excerpt":{"rendered":"Sabina S\u00e4rkk\u00e4 Miss Suomi-kilpailu Billn\u00e4sissa 2018-09-29 WWW.PASIMURTO.COM Somevaikuttajan koti on kuin suoraan sisustuslehdest\u00e4. Mediapersoona ja ex-missi , 37,&hellip;\n","protected":false},"author":2,"featured_media":160376,"comment_status":"","ping_status":"","sticky":false,"template":"","format":"standard","meta":{"footnotes":"","_share_on_mastodon":"0"},"categories":[136],"tags":[407,137,5279,33,31,30,104,408,1233,3395,2923,6691,2658,7143,2210,32,16152,109],"class_list":["post-160375","post","type-post","status-publish","format-standard","has-post-thumbnail","category-julkkikset","tag-celebrities","tag-entertainment","tag-ex-missi","tag-fi","tag-finland","tag-finnish","tag-helsinki","tag-julkkikset","tag-koti","tag-petolliset","tag-podcast","tag-sabina-sarkka","tag-selviytyjat-suomi","tag-sisustus","tag-somevaikuttaja","tag-suomi","tag-viidakon-tahtoset","tag-viihde"],"share_on_mastodon":{"url":"https:\/\/pubeurope.com\/@fi\/116009592582199417","error":""},"_links":{"self":[{"href":"https:\/\/www.europesays.com\/fi\/wp-json\/wp\/v2\/posts\/160375","targetHints":{"allow":["GET"]}}],"collection":[{"href":"https:\/\/www.europesays.com\/fi\/wp-json\/wp\/v2\/posts"}],"about":[{"href":"https:\/\/www.europesays.com\/fi\/wp-json\/wp\/v2\/types\/post"}],"author":[{"embeddable":true,"href":"https:\/\/www.europesays.com\/fi\/wp-json\/wp\/v2\/users\/2"}],"replies":[{"embeddable":true,"href":"https:\/\/www.europesays.com\/fi\/wp-json\/wp\/v2\/comments?post=160375"}],"version-history":[{"count":0,"href":"https:\/\/www.europesays.com\/fi\/wp-json\/wp\/v2\/posts\/160375\/revisions"}],"wp:featuredmedia":[{"embeddable":true,"href":"https:\/\/www.europesays.com\/fi\/wp-json\/wp\/v2\/media\/160376"}],"wp:attachment":[{"href":"https:\/\/www.europesays.com\/fi\/wp-json\/wp\/v2\/media?parent=160375"}],"wp:term":[{"taxonomy":"category","embeddable":true,"href":"https:\/\/www.europesays.com\/fi\/wp-json\/wp\/v2\/categories?post=160375"},{"taxonomy":"post_tag","embeddable":true,"href":"https:\/\/www.europesays.com\/fi\/wp-json\/wp\/v2\/tags?post=160375"}],"curies":[{"name":"wp","href":"https:\/\/api.w.org\/{rel}","templated":true}]}}