{"id":16091,"date":"2025-08-25T18:25:07","date_gmt":"2025-08-25T18:25:07","guid":{"rendered":"https:\/\/www.europesays.com\/fi\/16091\/"},"modified":"2025-08-25T18:25:07","modified_gmt":"2025-08-25T18:25:07","slug":"alina-voronkovalta-hienoja-uutisia-olen-innoissani-tasta","status":"publish","type":"post","link":"https:\/\/www.europesays.com\/fi\/16091\/","title":{"rendered":"Alina Voronkovalta hienoja uutisia \u2013 \u201dOlen innoissani t\u00e4st\u00e4\u201d"},"content":{"rendered":"<p>Ex-missi <strong>Alina Voronkova<\/strong> on tehnyt viime aikoina paljon julkaisuja uudesta kodistaan. Vaikka h\u00e4n muutti asuntoon miehens\u00e4 kanssa jo kuukausia sitten, vietettiin siell\u00e4 vasta muutama p\u00e4iv\u00e4 sitten tupaantuliaisia. Nyt Alinalla on kerrottavana mukavia uutisia. Ne koskevat radiojuontajan teht\u00e4v\u00e4\u00e4, jossa h\u00e4n on pian aloittamassa.<\/p>\n<p>\u2013 M\u00c4 OON OSA SYKSYN VIIHDEILTA JUONTAJAKOKOONPANOA RADIO SUOMIPOPILLA! paljastaa Alina suurin kirjaimin.<\/p>\n<p>Alina paljastaa jo mist\u00e4 h\u00e4nen l\u00e4hetyksiss\u00e4\u00e4n tullaan puhumaan.<\/p>\n<p>\u2013 Tullaan puhumaan syksyn kiinnostavimmista tosi-tv-ohjelmista ja etenkin mun kohdalla The Box Suomi -ohjelma tulee olemaan suurennuslasin alla, kertoo Alina.<\/p>\n<p>\u2013 Pidet\u00e4\u00e4n hauskaa yhdess\u00e4 ja halleluja, m\u00e4 olen innoissani t\u00e4st\u00e4 pestist\u00e4, toteaa Alina my\u00f6s. <\/p>\n<p>Jos upotus ei n\u00e4y, avaa se auki <a href=\"https:\/\/www.instagram.com\/p\/DNyHseS2FUk\/?utm_source=ig_web_copy_link&amp;igsh=MzRlODBiNWFlZA==\" target=\"_blank\" rel=\"noreferrer noopener nofollow\">t\u00e4st\u00e4<\/a>.<\/p>\n<p>Alinan l\u00e4hetyksi\u00e4 odotetaan jo<\/p>\n<p>Moni tuntuu jo odottavan Alinan l\u00e4hetyksi\u00e4. Monet kommentit ovat tulleet Alinan yst\u00e4vilt\u00e4.<\/p>\n<p>\u2013 Giirll love it!!! En malta odottaa!!!! kirjoittaa ex-missi <strong>Viivi Altonen<\/strong> ja somejulkaisujen mukaan Alinan hyv\u00e4 yst\u00e4v\u00e4.<\/p>\n<p>\u2013 T\u00e4ytyy ryhty\u00e4 radion kuunteluun, toteaa <strong>Erika Helin<\/strong>.<\/p>\n<p>Alinan hyv\u00e4 yst\u00e4v\u00e4 ex-missi <strong>Essi Unkuri<\/strong> toimii my\u00f6s radiojuontajana, mutta eri kanavalla. Alina toimi hein\u00e4kuussa Essin h\u00e4iss\u00e4 kaasona. My\u00f6s Altonen oli yksi kaasoista.<\/p>\n<p>Lue my\u00f6s: <a href=\"https:\/\/www.como.fi\/uutiset\/alina-voronkova-hirveasta-paivastaan-miten-tormaan-kumpaankin-saman-paivan-aikana\/\" title=\"Alina Voronkova hirve\u00e4st\u00e4 p\u00e4iv\u00e4st\u00e4\u00e4n: \u201dMiten t\u00f6rm\u00e4\u00e4n kumpaankin saman p\u00e4iv\u00e4n aikana?\u201d\" class=\"underline-custom !font-montserrat !font-bold !underline-offset-4 !decoration-4 !decoration-red-600 !text-md\" rel=\"nofollow noopener\" target=\"_blank\">Alina Voronkova hirve\u00e4st\u00e4 p\u00e4iv\u00e4st\u00e4\u00e4n: \u201dMiten t\u00f6rm\u00e4\u00e4n kumpaankin saman p\u00e4iv\u00e4n aikana?\u201d<\/a><\/p>\n<p>Alina kertoo olevansa mukana l\u00e4hetyksiss\u00e4, jotka l\u00e4hetet\u00e4\u00e4n\u00a015.-19.9. klo 18-21. <\/p>\n<p>Lue my\u00f6s: <a href=\"https:\/\/www.como.fi\/tilaa-comon-uutiskirje\/\" title=\"Tilaa Comon uutiskirje ja tied\u00e4t mist\u00e4 kahvitauolla puhutaan! Nappaa kotimaan tv-vinkit ja puheenaiheet suoraan s\u00e4hk\u00f6postiin t\u00e4st\u00e4.\" class=\"underline-custom !font-montserrat !font-bold !underline-offset-4 !decoration-4 !decoration-red-600 !text-md\" rel=\"nofollow noopener\" target=\"_blank\">Tilaa Comon uutiskirje ja tied\u00e4t mist\u00e4 kahvitauolla puhutaan! Nappaa kotimaan tv-vinkit ja puheenaiheet suoraan s\u00e4hk\u00f6postiin t\u00e4st\u00e4.<\/a><\/p>\n<p>\t\t\t\t<script async src=\"\/\/www.instagram.com\/embed.js\"><\/script><\/p>\n","protected":false},"excerpt":{"rendered":"Ex-missi Alina Voronkova on tehnyt viime aikoina paljon julkaisuja uudesta kodistaan. Vaikka h\u00e4n muutti asuntoon miehens\u00e4 kanssa jo&hellip;\n","protected":false},"author":2,"featured_media":16092,"comment_status":"","ping_status":"","sticky":false,"template":"","format":"standard","meta":{"footnotes":""},"categories":[136],"tags":[6192,407,137,33,31,30,408,32,109],"class_list":{"0":"post-16091","1":"post","2":"type-post","3":"status-publish","4":"format-standard","5":"has-post-thumbnail","7":"category-julkkikset","8":"tag-alina-voronkova","9":"tag-celebrities","10":"tag-entertainment","11":"tag-fi","12":"tag-finland","13":"tag-finnish","14":"tag-julkkikset","15":"tag-suomi","16":"tag-viihde"},"share_on_mastodon":{"url":"","error":""},"_links":{"self":[{"href":"https:\/\/www.europesays.com\/fi\/wp-json\/wp\/v2\/posts\/16091","targetHints":{"allow":["GET"]}}],"collection":[{"href":"https:\/\/www.europesays.com\/fi\/wp-json\/wp\/v2\/posts"}],"about":[{"href":"https:\/\/www.europesays.com\/fi\/wp-json\/wp\/v2\/types\/post"}],"author":[{"embeddable":true,"href":"https:\/\/www.europesays.com\/fi\/wp-json\/wp\/v2\/users\/2"}],"replies":[{"embeddable":true,"href":"https:\/\/www.europesays.com\/fi\/wp-json\/wp\/v2\/comments?post=16091"}],"version-history":[{"count":0,"href":"https:\/\/www.europesays.com\/fi\/wp-json\/wp\/v2\/posts\/16091\/revisions"}],"wp:featuredmedia":[{"embeddable":true,"href":"https:\/\/www.europesays.com\/fi\/wp-json\/wp\/v2\/media\/16092"}],"wp:attachment":[{"href":"https:\/\/www.europesays.com\/fi\/wp-json\/wp\/v2\/media?parent=16091"}],"wp:term":[{"taxonomy":"category","embeddable":true,"href":"https:\/\/www.europesays.com\/fi\/wp-json\/wp\/v2\/categories?post=16091"},{"taxonomy":"post_tag","embeddable":true,"href":"https:\/\/www.europesays.com\/fi\/wp-json\/wp\/v2\/tags?post=16091"}],"curies":[{"name":"wp","href":"https:\/\/api.w.org\/{rel}","templated":true}]}}