{"id":16160,"date":"2025-08-25T19:55:08","date_gmt":"2025-08-25T19:55:08","guid":{"rendered":"https:\/\/www.europesays.com\/fi\/16160\/"},"modified":"2025-08-25T19:55:08","modified_gmt":"2025-08-25T19:55:08","slug":"melania-trumpin-kirjeessa-putinille-mielenkiintoinen-yksityiskohta","status":"publish","type":"post","link":"https:\/\/www.europesays.com\/fi\/16160\/","title":{"rendered":"Melania Trumpin kirjeess\u00e4 Putinille mielenkiintoinen yksityiskohta"},"content":{"rendered":"<p>Melania Trumpin allekirjoitus on her\u00e4tt\u00e4nyt huomiota. <\/p>\n<p><img decoding=\"async\" class=\"image image-show image-preview\" src=\"https:\/\/www.europesays.com\/fi\/wp-content\/uploads\/2025\/08\/7536e64f9a4315bc89736c8418687a3ea6be13227b7241d94d41ee8693ea20b2.jpg\" alt=\"\"\/><img decoding=\"async\" class=\"image image-show\" src=\"https:\/\/www.europesays.com\/fi\/wp-content\/uploads\/2025\/08\/1756151708_212_7536e64f9a4315bc89736c8418687a3ea6be13227b7241d94d41ee8693ea20b2.jpg\" alt=\"\"\/><\/p>\n<p>Yhdysvaltain ensimm\u00e4inen nainen ei osallistunut Alaskan huipputapaamiseen, mutta kirjeen h\u00e4n l\u00e4hetti Vladimir Putinille. ZumaWire \/ MVPHOTOS<\/p>\n<p class=\"paragraph\"><strong>Melania Trumpin<\/strong> allekirjoitus Ven\u00e4j\u00e4n presidentti <strong>Vladimir Putinille<\/strong> osoitetussa kirjeess\u00e4 on her\u00e4tt\u00e4nyt huomiota sosiaalisessa mediassa.<\/p>\n<p class=\"paragraph\">Melania Trump ei ollut miehens\u00e4 mukana taannoisessa Alaskan huippukokouksessa, mutta presidentti <a href=\"https:\/\/www.iltalehti.fi\/henkilot\/Donald Trump\" class=\"article-link-person-page\" rel=\"nofollow noopener\" target=\"_blank\">Donald Trump<\/a> v\u00e4litti Putinille kuitenkin kirjeen Melanialta. Kirjeen sis\u00e4lt\u00f6 julkaistiin muun muassa ensimm\u00e4isen naisen Instagram-tilill\u00e4.<\/p>\n<p class=\"paragraph\">Spekulaatiota ensimm\u00e4isen naisen kirjeest\u00e4 on levinnyt usealla somealustalla. Asiasta kertoo muun muassa <a href=\"https:\/\/www.independent.co.uk\/news\/world\/americas\/us-politics\/melania-trump-signature-letter-putin-b2811981.html\" target=\"_blank\" rel=\"noopener nofollow\">The Independent<\/a>.<\/p>\n<p class=\"paragraph\">Huomio on kiinnittynyt erityisesti kirjeen lopussa olevaan allekirjoitukseen, jossa on monen mielest\u00e4 samoja piirteit\u00e4 Donald Trumpin allekirjoituksen kanssa.<\/p>\n<p class=\"paragraph\">\u201dOliko se Trumpin tussikyn\u00e4?\u201d brittimedia kysyy otsikossaan.<\/p>\n<p class=\"paragraph\">Lehti nostaa jutussaan esiin sosiaalisessa mediassa esitettyj\u00e4 spekulaatioita. Joidenkin mielest\u00e4 allekirjoitukset muistuttavat hyvin paljon toisiaan, ja jotkut ep\u00e4ilev\u00e4t jopa sit\u00e4, ett\u00e4 kirjeen allekirjoittikin presidentti eik\u00e4 ensimm\u00e4inen nainen.<\/p>\n<p>T\u00e4lt\u00e4 Donald Trumpin allekirjoitus n\u00e4ytti hein\u00e4kuussa 2025. ZumaWire \/ MVPHOTOS<\/p>\n<p class=\"paragraph\">K\u00e4siala-asiantuntija <strong>Bart Baggett<\/strong> ei kuitenkaan osta spekulaatioita. H\u00e4nest\u00e4 allekirjoitustyylit mukailevat Trump-\u201dbr\u00e4ndi\u00e4\u201d. Brittimedialle asiaa kommentoineen Baggettin mielest\u00e4 Putinille kohdistetun kirjeen allekirjoitus ei poikennut huomattavasti Melania Trumpin tunnetusta k\u00e4sialasta.<\/p>\n<p>T\u00e4lt\u00e4 Trumpien allekirjoitukset n\u00e4yttiv\u00e4t vuonna 2017. AP-toimitus <\/p>\n","protected":false},"excerpt":{"rendered":"Melania Trumpin allekirjoitus on her\u00e4tt\u00e4nyt huomiota. Yhdysvaltain ensimm\u00e4inen nainen ei osallistunut Alaskan huipputapaamiseen, mutta kirjeen h\u00e4n l\u00e4hetti Vladimir&hellip;\n","protected":false},"author":2,"featured_media":16161,"comment_status":"","ping_status":"","sticky":false,"template":"","format":"standard","meta":{"footnotes":""},"categories":[14],"tags":[35,22,23,26,27,33,31,30,17,24,25,28,29,15,18,21,142,639,637,144,32,19,20,56,16,638,59,60,61],"class_list":{"0":"post-16160","1":"post","2":"type-post","3":"status-publish","4":"format-standard","5":"has-post-thumbnail","7":"category-ulkomaat","8":"tag-24h","9":"tag-breaking-news","10":"tag-breakingnews","11":"tag-featured-news","12":"tag-featurednews","13":"tag-fi","14":"tag-finland","15":"tag-finnish","16":"tag-headlines","17":"tag-latest-news","18":"tag-latestnews","19":"tag-main-news","20":"tag-mainnews","21":"tag-news","22":"tag-otsikot","23":"tag-paauutiset","24":"tag-poliitikot","25":"tag-poliittiset-johtajat","26":"tag-politiikka","27":"tag-presidentti","28":"tag-suomi","29":"tag-top-stories","30":"tag-topstories","31":"tag-ulkomaat","32":"tag-uutiset","33":"tag-valtiovalta","34":"tag-world","35":"tag-world-news","36":"tag-worldnews"},"share_on_mastodon":{"url":"","error":""},"_links":{"self":[{"href":"https:\/\/www.europesays.com\/fi\/wp-json\/wp\/v2\/posts\/16160","targetHints":{"allow":["GET"]}}],"collection":[{"href":"https:\/\/www.europesays.com\/fi\/wp-json\/wp\/v2\/posts"}],"about":[{"href":"https:\/\/www.europesays.com\/fi\/wp-json\/wp\/v2\/types\/post"}],"author":[{"embeddable":true,"href":"https:\/\/www.europesays.com\/fi\/wp-json\/wp\/v2\/users\/2"}],"replies":[{"embeddable":true,"href":"https:\/\/www.europesays.com\/fi\/wp-json\/wp\/v2\/comments?post=16160"}],"version-history":[{"count":0,"href":"https:\/\/www.europesays.com\/fi\/wp-json\/wp\/v2\/posts\/16160\/revisions"}],"wp:featuredmedia":[{"embeddable":true,"href":"https:\/\/www.europesays.com\/fi\/wp-json\/wp\/v2\/media\/16161"}],"wp:attachment":[{"href":"https:\/\/www.europesays.com\/fi\/wp-json\/wp\/v2\/media?parent=16160"}],"wp:term":[{"taxonomy":"category","embeddable":true,"href":"https:\/\/www.europesays.com\/fi\/wp-json\/wp\/v2\/categories?post=16160"},{"taxonomy":"post_tag","embeddable":true,"href":"https:\/\/www.europesays.com\/fi\/wp-json\/wp\/v2\/tags?post=16160"}],"curies":[{"name":"wp","href":"https:\/\/api.w.org\/{rel}","templated":true}]}}