{"id":161610,"date":"2026-02-05T09:25:07","date_gmt":"2026-02-05T09:25:07","guid":{"rendered":"https:\/\/www.europesays.com\/fi\/161610\/"},"modified":"2026-02-05T09:25:07","modified_gmt":"2026-02-05T09:25:07","slug":"fiskars-konsernissa-suunnitellaan-310-tyotehtavan-vahentamista-globaalisti-uutisia-lyhyesti","status":"publish","type":"post","link":"https:\/\/www.europesays.com\/fi\/161610\/","title":{"rendered":"Fiskars-konsernissa suunnitellaan 310 ty\u00f6teht\u00e4v\u00e4n v\u00e4hent\u00e4mist\u00e4 globaalisti | Uutisia lyhyesti"},"content":{"rendered":"<p class=\"aw-1gybjub aw-1p7kakr kEtdKx cEmitX yle__article__paragraph\">Kodintuotteita valmistavan Fiskars-konsernin Vita-liiketoiminta-alue <a class=\"aw-iao6s4 iHOxEa yle__article__link\" href=\"https:\/\/fiskarsgroup.com\/fi\/uutiset\/porssitiedotteet\/sisapiiritieto-fiskars-konsernin-vita-liiketoiminta-alue-suunnittelee-muutoksia-parantaakseen-taloudellista-suorituskykya-seka-luodakseen-perustaa-kannattavalle-kasvulle\/\" role=\"link\" rel=\"nofollow noopener\" target=\"_blank\">suunnittelee 310 ty\u00f6teht\u00e4v\u00e4n v\u00e4hent\u00e4mist\u00e4 globaalisti<\/a>. Hieman yli puolet suunnitelluista v\u00e4hennyksist\u00e4 on yhti\u00f6n mukaan toimistorooleja.<\/p>\n<p class=\"aw-1gybjub aw-1p7kakr kEtdKx cEmitX yle__article__paragraph\">Tanskan tuotanto ollaan keskitt\u00e4m\u00e4ss\u00e4 yhteen paikkaan, Glostrupiin. Vita on my\u00f6s p\u00e4\u00e4tt\u00e4nyt ulkoistaa Yhdysvalloissa toimivan jakelukeskuksensa parantaakseen p\u00e4\u00e4omatehokkuutta.<\/p>\n<p class=\"aw-1gybjub aw-1p7kakr kEtdKx cEmitX yle__article__paragraph\">Vita-liiketoiminta-alueen tunnettuihin br\u00e4ndeihin kuuluvat muun muassa Moomin Arabia, Iittala ja Georg Jensen.<\/p>\n","protected":false},"excerpt":{"rendered":"Kodintuotteita valmistavan Fiskars-konsernin Vita-liiketoiminta-alue suunnittelee 310 ty\u00f6teht\u00e4v\u00e4n v\u00e4hent\u00e4mist\u00e4 globaalisti. Hieman yli puolet suunnitelluista v\u00e4hennyksist\u00e4 on yhti\u00f6n mukaan toimistorooleja.&hellip;\n","protected":false},"author":2,"featured_media":74,"comment_status":"","ping_status":"","sticky":false,"template":"","format":"standard","meta":{"footnotes":"","_share_on_mastodon":"0"},"categories":[76],"tags":[79,77,33,31,30,20189,71,5031,32,78,2247],"class_list":["post-161610","post","type-post","status-publish","format-standard","has-post-thumbnail","category-talous","tag-business","tag-economy","tag-fi","tag-finland","tag-finnish","tag-fiskars","tag-kotimaa","tag-lomautukset-ja-irtisanomiset","tag-suomi","tag-talous","tag-tyomarkkinat"],"share_on_mastodon":{"url":"https:\/\/pubeurope.com\/@fi\/116017307690173150","error":""},"_links":{"self":[{"href":"https:\/\/www.europesays.com\/fi\/wp-json\/wp\/v2\/posts\/161610","targetHints":{"allow":["GET"]}}],"collection":[{"href":"https:\/\/www.europesays.com\/fi\/wp-json\/wp\/v2\/posts"}],"about":[{"href":"https:\/\/www.europesays.com\/fi\/wp-json\/wp\/v2\/types\/post"}],"author":[{"embeddable":true,"href":"https:\/\/www.europesays.com\/fi\/wp-json\/wp\/v2\/users\/2"}],"replies":[{"embeddable":true,"href":"https:\/\/www.europesays.com\/fi\/wp-json\/wp\/v2\/comments?post=161610"}],"version-history":[{"count":0,"href":"https:\/\/www.europesays.com\/fi\/wp-json\/wp\/v2\/posts\/161610\/revisions"}],"wp:featuredmedia":[{"embeddable":true,"href":"https:\/\/www.europesays.com\/fi\/wp-json\/wp\/v2\/media\/74"}],"wp:attachment":[{"href":"https:\/\/www.europesays.com\/fi\/wp-json\/wp\/v2\/media?parent=161610"}],"wp:term":[{"taxonomy":"category","embeddable":true,"href":"https:\/\/www.europesays.com\/fi\/wp-json\/wp\/v2\/categories?post=161610"},{"taxonomy":"post_tag","embeddable":true,"href":"https:\/\/www.europesays.com\/fi\/wp-json\/wp\/v2\/tags?post=161610"}],"curies":[{"name":"wp","href":"https:\/\/api.w.org\/{rel}","templated":true}]}}