{"id":161808,"date":"2026-02-05T14:02:09","date_gmt":"2026-02-05T14:02:09","guid":{"rendered":"https:\/\/www.europesays.com\/fi\/161808\/"},"modified":"2026-02-05T14:02:09","modified_gmt":"2026-02-05T14:02:09","slug":"erna-husko-meinasi-kuolla-balilla-nain-lahella-se-oli","status":"publish","type":"post","link":"https:\/\/www.europesays.com\/fi\/161808\/","title":{"rendered":"Erna Husko meinasi kuolla Balilla \u2013 n\u00e4in l\u00e4hell\u00e4 se oli"},"content":{"rendered":"<p>Somevaikuttaja <strong>Erna Husko <\/strong>on t\u00e4ll\u00e4 hetkell\u00e4 Balilla. H\u00e4n otti sinne mukaansa is\u00e4ns\u00e4, jolle matka tuli yll\u00e4tyksen\u00e4. Tytt\u00e4rell\u00e4 ja is\u00e4ll\u00e4 on ollut tapahtumarikas matka. Heill\u00e4 on ollut matkan aikana mukavia hetki\u00e4, mutta ei koko ajan.<\/p>\n<p>Lue my\u00f6s: <a href=\"https:\/\/www.como.fi\/uutiset\/erna-huskon-kamala-veneretki-puremia-ja-merisairaus\/\" title=\"Erna Huskon kamala veneretki \u2013 puremia ja merisairaus\" class=\"underline-custom !font-montserrat !font-bold !underline-offset-4 !decoration-4 !decoration-red-600 !text-md\" rel=\"nofollow noopener\" target=\"_blank\">Erna Huskon kamala veneretki \u2013 puremia ja merisairaus<\/a><\/p>\n<p>Erna kertoi aiemmassa somejulkaisussaan veneretkest\u00e4, joka ei ollut h\u00e4nen mieleens\u00e4. Sen aikana satoi kaatamalla ja h\u00e4n tuli merisairaaksi. H\u00e4n kykeni my\u00f6s nauttimaan retken aikana.<\/p>\n<p>Nyt Ernan somejulkaisussa on pahempaa kerrottavaa. Ernalla on ollut karmea hetki, joka olisi v\u00e4h\u00e4n huonommalla tuurilla voinut vied\u00e4 jopa h\u00e4nen henkens\u00e4. Kaikki alkoi siit\u00e4, kun h\u00e4n oli unohtanut ottaa skootterinsa mukaan lounaalle.<\/p>\n<p>\u2013 Alkoi satamaan niin sairaasti ja ukkostaa. Olin just t\u00e4n\u00e4\u00e4n unohtanut mun skootterin villalle, joten kaveri p\u00e4\u00e4si nopeasti l\u00e4htem\u00e4\u00e4n ja m\u00e4 j\u00e4in varjon alle odottamaan, ett\u00e4 sade lakkaisi, kertoo Husko ensin.<\/p>\n<p>Seuraavaksi tapahtui jotain kamalaa<\/p>\n<p>Erna joutui tilanteeseen, jossa olisi voinut k\u00e4yd\u00e4 huonosti. Onneksi h\u00e4nell\u00e4 oli tuuria matkassa, koska t\u00e4ss\u00e4 oli kyse vain metrist\u00e4. <\/p>\n<p>\u2013 En ole ikin\u00e4 kokenut mit\u00e4\u00e4n pelottavampaa hetke\u00e4. Minun pit\u00e4\u00e4 p\u00e4\u00e4st\u00e4 villalle k\u00e4vellen kaatosateessa yksin toiselle puolelle saarta. Olin l\u00e4htenyt k\u00e4velem\u00e4\u00e4n rantaa pitkin, kunnes tuolla pime\u00e4ll\u00e4 kadulla salama osuu minua metrin p\u00e4\u00e4h\u00e4n s\u00e4hk\u00f6tolppaan. Sairasta, kertoo Husko kauheasta hetkest\u00e4.<\/p>\n<p>Erna oli p\u00e4\u00e4tt\u00e4nyt j\u00e4\u00e4d\u00e4 odottamaan, kunnes myrsky on ohi. H\u00e4n mietti, onko hiekan p\u00e4\u00e4ll\u00e4 turvallista olla. Onneksi h\u00e4nell\u00e4 vaikutti olevan katto p\u00e4\u00e4n p\u00e4\u00e4ll\u00e4. H\u00e4n oli odottamassa jossain, jossa h\u00e4nelle soitettiin kitaralla musiikkia.<\/p>\n<p>Ernan is\u00e4 oli l\u00e4hett\u00e4nyt per\u00e4ti kaksi skootteria hakemaan tyt\u00e4rt\u00e4\u00e4n takaisin majoitukseen. Erna esittelee viel\u00e4 sometarinoissaan tolppaa, johon salama iski. Kotimatkalla vaikutti olevan melkoinen m\u00e4\u00e4r\u00e4 vett\u00e4 tiell\u00e4. Skootterin renkaat upposivat syv\u00e4lle veteen, mutta is\u00e4 taisi saada tytt\u00e4rens\u00e4 turvallisesti takaisin majoitukseen.<\/p>\n<p>Lue my\u00f6s: <a href=\"https:\/\/www.como.fi\/tilaa-comon-uutiskirje\/\" title=\"Tilaa Comon uutiskirje ja tied\u00e4t mist\u00e4 kahvitauolla puhutaan! Nappaa kotimaan tv-vinkit ja puheenaiheet suoraan s\u00e4hk\u00f6postiin t\u00e4st\u00e4.\" class=\"underline-custom !font-montserrat !font-bold !underline-offset-4 !decoration-4 !decoration-red-600 !text-md\" target=\"_blank\" rel=\"noopener noreferrer nofollow\">Tilaa Comon uutiskirje ja tied\u00e4t mist\u00e4 kahvitauolla puhutaan! Nappaa kotimaan tv-vinkit ja puheenaiheet suoraan s\u00e4hk\u00f6postiin t\u00e4st\u00e4.<\/a><\/p>\n","protected":false},"excerpt":{"rendered":"Somevaikuttaja Erna Husko on t\u00e4ll\u00e4 hetkell\u00e4 Balilla. H\u00e4n otti sinne mukaansa is\u00e4ns\u00e4, jolle matka tuli yll\u00e4tyksen\u00e4. Tytt\u00e4rell\u00e4 ja&hellip;\n","protected":false},"author":2,"featured_media":161809,"comment_status":"","ping_status":"","sticky":false,"template":"","format":"standard","meta":{"footnotes":"","_share_on_mastodon":"0"},"categories":[136],"tags":[407,137,6506,33,31,30,408,32,109],"class_list":["post-161808","post","type-post","status-publish","format-standard","has-post-thumbnail","category-julkkikset","tag-celebrities","tag-entertainment","tag-erna-husko","tag-fi","tag-finland","tag-finnish","tag-julkkikset","tag-suomi","tag-viihde"],"share_on_mastodon":{"url":"https:\/\/pubeurope.com\/@fi\/116018396689633634","error":""},"_links":{"self":[{"href":"https:\/\/www.europesays.com\/fi\/wp-json\/wp\/v2\/posts\/161808","targetHints":{"allow":["GET"]}}],"collection":[{"href":"https:\/\/www.europesays.com\/fi\/wp-json\/wp\/v2\/posts"}],"about":[{"href":"https:\/\/www.europesays.com\/fi\/wp-json\/wp\/v2\/types\/post"}],"author":[{"embeddable":true,"href":"https:\/\/www.europesays.com\/fi\/wp-json\/wp\/v2\/users\/2"}],"replies":[{"embeddable":true,"href":"https:\/\/www.europesays.com\/fi\/wp-json\/wp\/v2\/comments?post=161808"}],"version-history":[{"count":0,"href":"https:\/\/www.europesays.com\/fi\/wp-json\/wp\/v2\/posts\/161808\/revisions"}],"wp:featuredmedia":[{"embeddable":true,"href":"https:\/\/www.europesays.com\/fi\/wp-json\/wp\/v2\/media\/161809"}],"wp:attachment":[{"href":"https:\/\/www.europesays.com\/fi\/wp-json\/wp\/v2\/media?parent=161808"}],"wp:term":[{"taxonomy":"category","embeddable":true,"href":"https:\/\/www.europesays.com\/fi\/wp-json\/wp\/v2\/categories?post=161808"},{"taxonomy":"post_tag","embeddable":true,"href":"https:\/\/www.europesays.com\/fi\/wp-json\/wp\/v2\/tags?post=161808"}],"curies":[{"name":"wp","href":"https:\/\/api.w.org\/{rel}","templated":true}]}}