{"id":16198,"date":"2025-08-25T20:47:09","date_gmt":"2025-08-25T20:47:09","guid":{"rendered":"https:\/\/www.europesays.com\/fi\/16198\/"},"modified":"2025-08-25T20:47:09","modified_gmt":"2025-08-25T20:47:09","slug":"ranskan-hallituksen-suosio-puntariin-kaatuminen-hyvin-lahella-uutisia-lyhyesti","status":"publish","type":"post","link":"https:\/\/www.europesays.com\/fi\/16198\/","title":{"rendered":"Ranskan hallituksen suosio puntariin \u2013 kaatuminen hyvin l\u00e4hell\u00e4 | Uutisia lyhyesti"},"content":{"rendered":"<p class=\"sc-jYczwO sc-dNFkOE bUKqJd eiHPxO yle__article__paragraph\">Iso osa puolueista on ilmoittanut \u00e4\u00e4nest\u00e4v\u00e4ns\u00e4 hallituksen luottamusta vastaan. \u00c4\u00e4nestys j\u00e4rjestet\u00e4\u00e4n kansalliskokouksessa 8. syyskuuta. <\/p>\n<p><img decoding=\"async\" alt=\"Francois Bayroun sivuprofiili. Taustalla on kivisein\u00e4.\" src=\"https:\/\/www.europesays.com\/fi\/wp-content\/uploads\/2025\/08\/39-1484866685a6232d3df1.jpeg\" class=\"sc-dntSTA iywpZY\"\/><\/p>\n<p>Avaa kuvien katselu<\/p>\n<p>Ranskan p\u00e4\u00e4ministeri Fran\u00e7ois Bayrou ilmoitti hallituksen luottamus\u00e4\u00e4nestyksest\u00e4 t\u00e4n\u00e4\u00e4n kansalliskokoukselle. Arkistokuva kes\u00e4kuulta 2025. Kuva: Alain Jocard \/ AFP<\/p>\n<p class=\"sc-jYczwO sc-ciCoXh bUKqJd cIOueB yle__article__paragraph\">Ranskan kansalliskokous eli parlamentti \u00e4\u00e4nest\u00e4\u00e4 kahden viikon kuluttua maan hallituksen luottamuksesta.<\/p>\n<p class=\"sc-jYczwO sc-ciCoXh bUKqJd cIOueB yle__article__paragraph\">P\u00e4\u00e4ministeri <strong class=\"sc-eEHciv gtNhAX yle__article__strong\">Fran\u00e7ois Bayrou<\/strong> ilmoitti asiasta t\u00e4n\u00e4\u00e4n kansalliskokoukselle.<\/p>\n<p class=\"sc-jYczwO sc-ciCoXh bUKqJd cIOueB yle__article__paragraph\">Bayroun v\u00e4hemmist\u00f6hallitus on yritt\u00e4nyt saada l\u00e4pi l\u00e4hes 44 miljardin euron suuruisia leikkauksia ensi vuoden budjettiin.<\/p>\n<p class=\"sc-jYczwO sc-ciCoXh bUKqJd cIOueB yle__article__paragraph\">Leikkausten vastustus on ollut voimakasta useissa eri puolueissa niin oikealla kuin vasemmalla. Erityisen suurta vastustusta on her\u00e4tt\u00e4nyt ty\u00f6ajan lis\u00e4\u00e4ntyminen, koska hallitus tahtoo poistaa kalenterista kaksi juhlap\u00e4iv\u00e4\u00e4.<\/p>\n<p class=\"sc-jYczwO sc-ciCoXh bUKqJd cIOueB yle__article__paragraph\">Iso osa puolueista on tuoreeltaan ilmoittanut \u00e4\u00e4nest\u00e4v\u00e4ns\u00e4 hallituksen luottamusta vastaan. Onkin hyvin todenn\u00e4k\u00f6ist\u00e4, ett\u00e4 hallitus kaatuu luottamus\u00e4\u00e4nestykseen.<\/p>\n<p class=\"sc-jYczwO sc-ciCoXh bUKqJd cIOueB yle__article__paragraph\">Luottamus\u00e4\u00e4nestys on kansalliskokouksessa 8. syyskuuta. Heti kaksi p\u00e4iv\u00e4\u00e4 siit\u00e4 on Pariisiin luvassa laaja lakkoaalto.<\/p>\n<p class=\"sc-jYczwO sc-ciCoXh bUKqJd cIOueB yle__article__paragraph\">L\u00e4hteet: Reuters, AFP<\/p>\n","protected":false},"excerpt":{"rendered":"Iso osa puolueista on ilmoittanut \u00e4\u00e4nest\u00e4v\u00e4ns\u00e4 hallituksen luottamusta vastaan. \u00c4\u00e4nestys j\u00e4rjestet\u00e4\u00e4n kansalliskokouksessa 8. syyskuuta. Avaa kuvien katselu Ranskan&hellip;\n","protected":false},"author":2,"featured_media":16199,"comment_status":"","ping_status":"","sticky":false,"template":"","format":"standard","meta":{"footnotes":""},"categories":[14],"tags":[22,23,26,27,33,31,30,6228,17,24,25,28,29,15,18,21,1422,6227,32,19,20,56,16,59,60,61],"class_list":{"0":"post-16198","1":"post","2":"type-post","3":"status-publish","4":"format-standard","5":"has-post-thumbnail","7":"category-ulkomaat","8":"tag-breaking-news","9":"tag-breakingnews","10":"tag-featured-news","11":"tag-featurednews","12":"tag-fi","13":"tag-finland","14":"tag-finnish","15":"tag-francois-bayrou","16":"tag-headlines","17":"tag-latest-news","18":"tag-latestnews","19":"tag-main-news","20":"tag-mainnews","21":"tag-news","22":"tag-otsikot","23":"tag-paauutiset","24":"tag-ranska","25":"tag-ranskan-politiikka","26":"tag-suomi","27":"tag-top-stories","28":"tag-topstories","29":"tag-ulkomaat","30":"tag-uutiset","31":"tag-world","32":"tag-world-news","33":"tag-worldnews"},"share_on_mastodon":{"url":"","error":""},"_links":{"self":[{"href":"https:\/\/www.europesays.com\/fi\/wp-json\/wp\/v2\/posts\/16198","targetHints":{"allow":["GET"]}}],"collection":[{"href":"https:\/\/www.europesays.com\/fi\/wp-json\/wp\/v2\/posts"}],"about":[{"href":"https:\/\/www.europesays.com\/fi\/wp-json\/wp\/v2\/types\/post"}],"author":[{"embeddable":true,"href":"https:\/\/www.europesays.com\/fi\/wp-json\/wp\/v2\/users\/2"}],"replies":[{"embeddable":true,"href":"https:\/\/www.europesays.com\/fi\/wp-json\/wp\/v2\/comments?post=16198"}],"version-history":[{"count":0,"href":"https:\/\/www.europesays.com\/fi\/wp-json\/wp\/v2\/posts\/16198\/revisions"}],"wp:featuredmedia":[{"embeddable":true,"href":"https:\/\/www.europesays.com\/fi\/wp-json\/wp\/v2\/media\/16199"}],"wp:attachment":[{"href":"https:\/\/www.europesays.com\/fi\/wp-json\/wp\/v2\/media?parent=16198"}],"wp:term":[{"taxonomy":"category","embeddable":true,"href":"https:\/\/www.europesays.com\/fi\/wp-json\/wp\/v2\/categories?post=16198"},{"taxonomy":"post_tag","embeddable":true,"href":"https:\/\/www.europesays.com\/fi\/wp-json\/wp\/v2\/tags?post=16198"}],"curies":[{"name":"wp","href":"https:\/\/api.w.org\/{rel}","templated":true}]}}