{"id":162655,"date":"2026-02-06T11:55:11","date_gmt":"2026-02-06T11:55:11","guid":{"rendered":"https:\/\/www.europesays.com\/fi\/162655\/"},"modified":"2026-02-06T11:55:11","modified_gmt":"2026-02-06T11:55:11","slug":"syyttajan-mukaan-nama-valokuvat-kertovat-etta-anneli-auer-kohdisti-karmeita-tekoja-pieniin-tyttariinsa-kotimaa","status":"publish","type":"post","link":"https:\/\/www.europesays.com\/fi\/162655\/","title":{"rendered":"Syytt\u00e4j\u00e4n mukaan n\u00e4m\u00e4 valokuvat kertovat, ett\u00e4 Anneli Auer kohdisti karmeita tekoja pieniin tytt\u00e4riins\u00e4 | Kotimaa"},"content":{"rendered":"<p class=\"aw-1gybjub aw-5vja16 kEtdKx kmuxyA yle__article__paragraph\">K\u00e4r\u00e4j\u00e4oikeus julkisti valokuvia, jotka toimivat syytt\u00e4j\u00e4n todisteina Anneli Aueria vastaan. Auer kiist\u00e4\u00e4 syyllistyneens\u00e4 v\u00e4itettyihin rikoksiin.<\/p>\n<p><img decoding=\"async\" alt=\"lapsen iholta etsit\u00e4\u00e4n arpia.\" src=\"https:\/\/www.europesays.com\/fi\/wp-content\/uploads\/2026\/02\/39-159299569859d6abf63b.jpeg\" class=\"aw-1l9m598 hKVVvP\"\/><\/p>\n<p>Avaa kuvien katselu<\/p>\n<p>Anneli Auerin toiseksi nuorimman tytt\u00e4ren niskasta etsittiin UV-valon avulla j\u00e4lki\u00e4 v\u00e4itetyst\u00e4 v\u00e4kivallasta vuonna 2011. Kuva: Oikeudenk\u00e4yntiaineisto<\/p>\n<p>12:33\u2022P\u00e4ivitetty 12:35<\/p>\n<ul class=\"aw-1jjocuh iJTSwP yle__article__list yle__article__list--ul\">\n<li class=\"aw-1j7gwms gNYKfi\">Varsinais-Suomen k\u00e4r\u00e4j\u00e4oikeus on julkaissut kuvia, joilla syytt\u00e4j\u00e4 muun muassa pyrkii todistamaan Anneli Auerin kohdistaneen v\u00e4kivaltaa lapsiinsa.<\/li>\n<li class=\"aw-1j7gwms gNYKfi\">Aueria ja h\u00e4nen entist\u00e4 miesyst\u00e4v\u00e4\u00e4ns\u00e4 Jens Ihle\u00e4 syytet\u00e4\u00e4n seksuaali- ja pahoinpitelyrikoksista. Niist\u00e4 aikoinaan annetut tuomiot purettiin ja asiaa k\u00e4siteltiin uudelleen k\u00e4r\u00e4j\u00e4oikeudessa. Molemmat kiist\u00e4v\u00e4t syytteet.<\/li>\n<li class=\"aw-1j7gwms gNYKfi\">Auerin puolustus pit\u00e4\u00e4 muun muassa UV-valolla tehtyj\u00e4 tutkimuksia ep\u00e4luotettavina.<\/li>\n<li class=\"aw-1j7gwms gNYKfi\">K\u00e4r\u00e4j\u00e4oikeuden p\u00e4\u00e4k\u00e4sittely p\u00e4\u00e4ttyi tammikuun lopulla. Tuomio annetaan 29. huhtikuuta.<\/li>\n<\/ul>\n<p class=\"aw-1gybjub aw-1p7kakr kEtdKx cEmitX yle__article__paragraph\">Varsinais-Suomen k\u00e4r\u00e4j\u00e4oikeuden julkistamista valokuvista selvi\u00e4\u00e4, millaisia j\u00e4lki\u00e4 v\u00e4kivallasta Anneli Auerin kahden tytt\u00e4ren nuorimman iholta etsittiin.<\/p>\n<p class=\"aw-1gybjub aw-1p7kakr kEtdKx cEmitX yle__article__paragraph\">Torstaina julkaistut kuvat ovat osa k\u00e4r\u00e4j\u00e4oikeuden k\u00e4sittelemi\u00e4 syytt\u00e4j\u00e4n kirjallisia todisteita.<\/p>\n<p class=\"aw-1gybjub aw-1p7kakr kEtdKx cEmitX yle__article__paragraph\">Kuvat on otettu lokakuussa 2011 Auerin kahdesta tytt\u00e4rest\u00e4, jotka ovat syntyneet vuosina 2002 ja 2004.<\/p>\n<p class=\"aw-1gybjub aw-1p7kakr kEtdKx cEmitX yle__article__paragraph\">Tuolloin erikoisl\u00e4\u00e4k\u00e4ri <strong class=\"aw-ak79eh KyCXm yle__article__strong\">Minna Joki-Erkkil\u00e4<\/strong> tutki lapsia, sill\u00e4 he olivat kertoneet Auerin ja t\u00e4m\u00e4n silloisen miesyst\u00e4v\u00e4n <strong class=\"aw-ak79eh KyCXm yle__article__strong\">Jens Kukan<\/strong> (nykyisin <strong class=\"aw-ak79eh KyCXm yle__article__strong\">Jens Ihle<\/strong>) kohdistaneen heihin seksuaalista v\u00e4kivaltaa ja pahoinpitelyit\u00e4.<\/p>\n<p class=\"aw-1gybjub aw-1p7kakr kEtdKx cEmitX yle__article__paragraph\">Auerin ep\u00e4iltiin muun muassa viillelleen tytt\u00e4ri\u00e4\u00e4n veitsell\u00e4 eri puolille kehoa. Lapsista etsittiin arpia esimerkiksi UV-valolla.<\/p>\n<p class=\"aw-1gybjub aw-1p7kakr kEtdKx cEmitX yle__article__paragraph\">Auer ja Ihle kiist\u00e4v\u00e4t syyllistyneens\u00e4 rikoksiin.<\/p>\n<p class=\"aw-1gybjub aw-1p7kakr kEtdKx cEmitX yle__article__paragraph\">Heid\u00e4n puolustuksensa piti tammikuussa p\u00e4\u00e4ttyneess\u00e4 <a class=\"aw-iao6s4 iHOxEa yle__article__link\" href=\"https:\/\/yle.fi\/a\/74-20199946\" role=\"link\" rel=\"nofollow noopener\" target=\"_blank\">oikeudenk\u00e4ynniss\u00e4<\/a> lapsille tehtyj\u00e4 l\u00e4\u00e4k\u00e4rintutkimuksia ja niiden tuloksia ep\u00e4luotettavina.<\/p>\n<p>Syyte: Nuorinta viillettiin muun muassa k\u00e4mmenelle ja k\u00e4sivarteen<\/p>\n<p class=\"aw-1gybjub aw-1p7kakr kEtdKx cEmitX yle__article__paragraph\">Syytt\u00e4j\u00e4n haastehakemuksen mukaan Anneli Auer viilteli nuorinta, vuonna 2004 syntynytt\u00e4 tyt\u00e4rt\u00e4\u00e4n ainakin kolme kertaa vuosina 2007\u20132009, jolloin perhe asui Turussa.<\/p>\n<p class=\"aw-1gybjub aw-1p7kakr kEtdKx cEmitX yle__article__paragraph\">Syytt\u00e4j\u00e4 katsoo Auerin viilt\u00e4neen veitsell\u00e4 naarmuja kerran tytt\u00e4rens\u00e4 k\u00e4mmenen p\u00e4\u00e4lle, kerran k\u00e4sivarteen ja kerran nilkkaan.<\/p>\n<p class=\"aw-1gybjub aw-1p7kakr kEtdKx cEmitX yle__article__paragraph\">Haastehakemuksessa todetaan, ett\u00e4 lapsesta l\u00f6ytyi useita arpia, joista osa oli \u201dsarjamuodossa\u201d.<\/p>\n<p class=\"aw-1gybjub aw-1p7kakr kEtdKx cEmitX yle__article__paragraph\">Syytteen mukaan Auer syyllistyi n\u00e4ill\u00e4 teoilla t\u00f6rke\u00e4\u00e4n pahoinpitelyyn.<\/p>\n<p class=\"aw-1gybjub aw-1p7kakr kEtdKx cEmitX yle__article__paragraph\">Yle on rajannut osan kuvista.<\/p>\n<p><img decoding=\"async\" alt=\"lapsen iholta etsit\u00e4\u00e4n arpia.\" src=\"https:\/\/www.europesays.com\/fi\/wp-content\/uploads\/2026\/02\/39-15930126985a08e1901e.jpeg\" loading=\"lazy\" class=\"aw-1l9m598 hKVVvP\"\/><\/p>\n<p>Avaa kuvien katselu<\/p>\n<p>Kuva vuonna 2004 syntyneen tytt\u00e4ren k\u00e4sivarresta. Kuva: Oikeudenk\u00e4yntiaineisto<img decoding=\"async\" alt=\"lapsen iholta etsit\u00e4\u00e4n arpia.\" src=\"https:\/\/www.europesays.com\/fi\/wp-content\/uploads\/2026\/02\/39-15930146985a0c9614b8.jpeg\" loading=\"lazy\" class=\"aw-1l9m598 hKVVvP\"\/><\/p>\n<p>Avaa kuvien katselu<\/p>\n<p>Syytteen mukaan Auer oli viilt\u00e4nyt tyt\u00e4rt\u00e4\u00e4n my\u00f6s k\u00e4mmenen p\u00e4\u00e4lle. Kuva: Oikeudenk\u00e4yntiaineisto<img decoding=\"async\" alt=\"lapsen iholta etsit\u00e4\u00e4n arpia.\" src=\"https:\/\/www.europesays.com\/fi\/wp-content\/uploads\/2026\/02\/39-15931026985aa2d5a552.jpeg\" loading=\"lazy\" class=\"aw-1l9m598 hKVVvP\"\/><\/p>\n<p>Avaa kuvien katselu<\/p>\n<p>Syytteess\u00e4 mainitaan, ett\u00e4 viiltely\u00e4 olisi kohdistettu my\u00f6s nilkkaan. Kuva: Oikeudenk\u00e4yntiaineistoSyyte: Toiseksi nuorimmassa tytt\u00e4ress\u00e4 105 arpea<\/p>\n<p class=\"aw-1gybjub aw-1p7kakr kEtdKx cEmitX yle__article__paragraph\">Syytt\u00e4j\u00e4n haastehakemuksen mukaan Anneli Auer viilteli vuonna 2002 syntynytt\u00e4 tyt\u00e4rt\u00e4\u00e4n lukuisia kertoja vuosina 2007\u20132009.<\/p>\n<p class=\"aw-1gybjub aw-1p7kakr kEtdKx cEmitX yle__article__paragraph\">Syytt\u00e4j\u00e4 katsoo, ett\u00e4 viiltohaavoja oli tehty eri puolille vartaloa, ja ett\u00e4 tytt\u00e4ren iholla havaittiin l\u00e4\u00e4k\u00e4rintutkimuksissa 105 arpea.<\/p>\n<p class=\"aw-1gybjub aw-1p7kakr kEtdKx cEmitX yle__article__paragraph\">Lis\u00e4ksi Auerin syytet\u00e4\u00e4n muun muassa ly\u00f6neen lasta nyrkill\u00e4 p\u00e4\u00e4n alueelle useita kertoja.<\/p>\n<p class=\"aw-1gybjub aw-1p7kakr kEtdKx cEmitX yle__article__paragraph\">Yle on rajannut osan kuvista. Kuvissa olevat merkinn\u00e4t ovat viranomaisten tekemi\u00e4.<\/p>\n<p><img decoding=\"async\" alt=\"lapsen iholta etsit\u00e4\u00e4n arpia.\" src=\"https:\/\/www.europesays.com\/fi\/wp-content\/uploads\/2026\/02\/39-159299169859c1ae1be3.jpeg\" loading=\"lazy\" class=\"aw-1l9m598 hKVVvP\"\/><\/p>\n<p>Avaa kuvien katselu<\/p>\n<p>Kuva: Oikeudenk\u00e4yntiaineisto<img decoding=\"async\" alt=\"lapsen iholta etsit\u00e4\u00e4n arpia.\" src=\"https:\/\/www.europesays.com\/fi\/wp-content\/uploads\/2026\/02\/39-159299669859dabc855a.jpeg\" loading=\"lazy\" class=\"aw-1l9m598 hKVVvP\"\/><\/p>\n<p>Avaa kuvien katselu<\/p>\n<p>Kuva: Oikeudenk\u00e4yntiaineisto<img decoding=\"async\" alt=\"lapsen iholta etsit\u00e4\u00e4n arpia.\" src=\"https:\/\/www.europesays.com\/fi\/wp-content\/uploads\/2026\/02\/39-159300369859eb6ea297.jpeg\" loading=\"lazy\" class=\"aw-1l9m598 hKVVvP\"\/><\/p>\n<p>Avaa kuvien katselu<\/p>\n<p>Kuva: Oikeudenk\u00e4yntiaineisto<img decoding=\"async\" alt=\"lapsen iholta etsit\u00e4\u00e4n arpia.\" src=\"https:\/\/www.europesays.com\/fi\/wp-content\/uploads\/2026\/02\/39-159300469859f5081630.jpeg\" loading=\"lazy\" class=\"aw-1l9m598 hKVVvP\"\/><\/p>\n<p>Avaa kuvien katselu<\/p>\n<p>Kuva: Oikeudenk\u00e4yntiaineisto<img decoding=\"async\" alt=\"lapsen iholta etsit\u00e4\u00e4n arpia.\" src=\"https:\/\/www.europesays.com\/fi\/wp-content\/uploads\/2026\/02\/39-159300569859fc6857a6.jpeg\" loading=\"lazy\" class=\"aw-1l9m598 hKVVvP\"\/><\/p>\n<p>Avaa kuvien katselu<\/p>\n<p>Kuva: Oikeudenk\u00e4yntiaineisto<img decoding=\"async\" alt=\"lapsen iholta etsit\u00e4\u00e4n arpia.\" src=\"https:\/\/www.europesays.com\/fi\/wp-content\/uploads\/2026\/02\/39-15930066985a01964355.jpeg\" loading=\"lazy\" class=\"aw-1l9m598 hKVVvP\"\/><\/p>\n<p>Avaa kuvien katselu<\/p>\n<p>Kuva: Oikeudenk\u00e4yntiaineistoTHL pit\u00e4\u00e4 UV-menetelm\u00e4\u00e4 ep\u00e4luotettavana<\/p>\n<p class=\"aw-1gybjub aw-1p7kakr kEtdKx cEmitX yle__article__paragraph\">K\u00e4r\u00e4j\u00e4oikeus kuuli<a class=\"aw-iao6s4 iHOxEa yle__article__link\" href=\"https:\/\/yle.fi\/a\/74-20199946\" role=\"link\" rel=\"nofollow noopener\" target=\"_blank\"> joulun alla <\/a>syytt\u00e4j\u00e4n todistajana erikoisl\u00e4\u00e4k\u00e4ri Minna Joki-Erkkil\u00e4\u00e4, joka tutki aikoinaan Auerin lapsia muun muassa UV-valolla.<\/p>\n<p class=\"aw-1gybjub aw-1p7kakr kEtdKx cEmitX yle__article__paragraph\">Juuri h\u00e4nen johdollaan tehdyiss\u00e4 tutkimuksissa lapsilla raportoitiin lukuisia pahoinpitelyihin viittaavia arpia.<\/p>\n<p class=\"aw-1gybjub aw-1p7kakr kEtdKx cEmitX yle__article__paragraph\">Oikeussalissa valokuvia heijastettiin n\u00e4yt\u00f6ille. Oikeudessa Joki-Erkkil\u00e4 mainitsi useasti kuvien olevan huonolaatuisia. Syytt\u00e4j\u00e4 toisaalta huomautti, ett\u00e4 l\u00f6yd\u00f6ksi\u00e4 tutkittiin alun perin tutkimushuoneessa, ei pelkkien valokuvien perusteella.<\/p>\n<p class=\"aw-1gybjub aw-1p7kakr kEtdKx cEmitX yle__article__paragraph\">K\u00e4r\u00e4j\u00e4oikeus kuuli my\u00f6s THL:n asiantuntijaa <strong class=\"aw-ak79eh KyCXm yle__article__strong\">Sirkka Goebeleria<\/strong>, joka ei tunnistanut kuvissa arpia. H\u00e4nen mukaansa UV-valo voi johtaa virheellisiin tulkintoihin.<\/p>\n<p class=\"aw-1gybjub aw-1p7kakr kEtdKx cEmitX yle__article__paragraph\">\u2013 Olemme p\u00e4\u00e4tyneet siihen, ettei UV-valoa voi hy\u00f6dynt\u00e4\u00e4, koska se tuo niin paljon heijastuksia esille, h\u00e4n sanoi.<\/p>\n<p class=\"aw-1gybjub aw-1p7kakr kEtdKx cEmitX yle__article__paragraph\">Heijastuksilla h\u00e4n viittasi ihon j\u00e4lkiin, jotka eiv\u00e4t ole oikeita arpil\u00f6yd\u00f6ksi\u00e4. Ep\u00e4iltyj\u00e4 uhreja pit\u00e4isi h\u00e4nen mukaansa tutkia tavallisessa valossa ennen UV-valon k\u00e4ytt\u00f6\u00e4.<\/p>\n<p>Auerin asianajaja Markku Fredman perusteli k\u00e4r\u00e4j\u00e4oikeudessa 23. lokakuuta 2025, miksi pit\u00e4\u00e4 alkuper\u00e4isi\u00e4 l\u00e4\u00e4k\u00e4rintutkimuksia ep\u00e4luotettavina.Tuomio tulee huhtikuussa<\/p>\n<p class=\"aw-1gybjub aw-1p7kakr kEtdKx cEmitX yle__article__paragraph\">Auer ja Ihle tuomittiin vuonna 2013 vankeuteen seksuaali- ja pahoinpitelyrikoksista, joista Auerin kolme nuorinta lasta olivat vuonna 2011 viranomaisille kertoneet.<\/p>\n<p class=\"aw-1gybjub aw-1p7kakr kEtdKx cEmitX yle__article__paragraph\">AIkuistuessaan lapset peruivat n\u00e4m\u00e4 kertomuksensa. He ovat kertoneet, ettei rikoksia oikeasti tapahtunut.<\/p>\n<p class=\"aw-1gybjub aw-1p7kakr kEtdKx cEmitX yle__article__paragraph\">Joulukuussa 2024 korkein oikeus purki alkuper\u00e4iset tuomiot suurelta osin ja palautti tapauksen k\u00e4r\u00e4j\u00e4oikeuteen.<\/p>\n<p class=\"aw-1gybjub aw-1p7kakr kEtdKx cEmitX yle__article__paragraph\">K\u00e4r\u00e4j\u00e4oikeuden p\u00e4\u00e4k\u00e4sittely p\u00e4\u00e4ttyi tammikuussa. Tuomio annetaan 29. huhtikuuta.<\/p>\n<p class=\"aw-1gybjub aw-1p7kakr kEtdKx cEmitX yle__article__paragraph\"><strong class=\"aw-ak79eh KyCXm yle__article__strong\">Kaikki Ylen artikkelit tapauksesta l\u00f6ytyv\u00e4t<\/strong> <a class=\"aw-iao6s4 iHOxEa yle__article__link\" href=\"https:\/\/yle.fi\/t\/18-191498\/fi\" role=\"link\" rel=\"nofollow noopener\" target=\"_blank\"><strong class=\"aw-ak79eh KyCXm yle__article__strong\">t\u00e4\u00e4lt\u00e4<\/strong><\/a><strong class=\"aw-ak79eh KyCXm yle__article__strong\">.<\/strong><\/p>\n<p>Erikoissyytt\u00e4j\u00e4 Leena Koivuniemi sanoi 27. tammikuuta 2026 pit\u00e4v\u00e4ns\u00e4 l\u00e4\u00e4k\u00e4rinlausuntoja yh\u00e4 keskeisin\u00e4 todisteina rikoksista. <\/p>\n","protected":false},"excerpt":{"rendered":"K\u00e4r\u00e4j\u00e4oikeus julkisti valokuvia, jotka toimivat syytt\u00e4j\u00e4n todisteina Anneli Aueria vastaan. Auer kiist\u00e4\u00e4 syyllistyneens\u00e4 v\u00e4itettyihin rikoksiin. Avaa kuvien katselu&hellip;\n","protected":false},"author":2,"featured_media":162656,"comment_status":"","ping_status":"","sticky":false,"template":"","format":"standard","meta":{"footnotes":"","_share_on_mastodon":"0"},"categories":[12],"tags":[10877,22,23,26,27,33,31,30,17,71,24,25,28,29,15,2098,18,21,581,32,19,20,662,16,6472,663],"class_list":["post-162655","post","type-post","status-publish","format-standard","has-post-thumbnail","category-suomi","tag-anneli-auer","tag-breaking-news","tag-breakingnews","tag-featured-news","tag-featurednews","tag-fi","tag-finland","tag-finnish","tag-headlines","tag-kotimaa","tag-latest-news","tag-latestnews","tag-main-news","tag-mainnews","tag-news","tag-oikeudenkaynnit","tag-otsikot","tag-paauutiset","tag-rikokset","tag-suomi","tag-top-stories","tag-topstories","tag-turku","tag-uutiset","tag-varsinais-suomen-karajaoikeus","tag-varsinais-suomi"],"share_on_mastodon":{"url":"https:\/\/pubeurope.com\/@fi\/116023559826290785","error":""},"_links":{"self":[{"href":"https:\/\/www.europesays.com\/fi\/wp-json\/wp\/v2\/posts\/162655","targetHints":{"allow":["GET"]}}],"collection":[{"href":"https:\/\/www.europesays.com\/fi\/wp-json\/wp\/v2\/posts"}],"about":[{"href":"https:\/\/www.europesays.com\/fi\/wp-json\/wp\/v2\/types\/post"}],"author":[{"embeddable":true,"href":"https:\/\/www.europesays.com\/fi\/wp-json\/wp\/v2\/users\/2"}],"replies":[{"embeddable":true,"href":"https:\/\/www.europesays.com\/fi\/wp-json\/wp\/v2\/comments?post=162655"}],"version-history":[{"count":0,"href":"https:\/\/www.europesays.com\/fi\/wp-json\/wp\/v2\/posts\/162655\/revisions"}],"wp:featuredmedia":[{"embeddable":true,"href":"https:\/\/www.europesays.com\/fi\/wp-json\/wp\/v2\/media\/162656"}],"wp:attachment":[{"href":"https:\/\/www.europesays.com\/fi\/wp-json\/wp\/v2\/media?parent=162655"}],"wp:term":[{"taxonomy":"category","embeddable":true,"href":"https:\/\/www.europesays.com\/fi\/wp-json\/wp\/v2\/categories?post=162655"},{"taxonomy":"post_tag","embeddable":true,"href":"https:\/\/www.europesays.com\/fi\/wp-json\/wp\/v2\/tags?post=162655"}],"curies":[{"name":"wp","href":"https:\/\/api.w.org\/{rel}","templated":true}]}}