{"id":162709,"date":"2026-02-06T13:26:07","date_gmt":"2026-02-06T13:26:07","guid":{"rendered":"https:\/\/www.europesays.com\/fi\/162709\/"},"modified":"2026-02-06T13:26:07","modified_gmt":"2026-02-06T13:26:07","slug":"harrison-ford-on-valmis-lopettamaan-uransa-nykyiseen-hittisarjaansa","status":"publish","type":"post","link":"https:\/\/www.europesays.com\/fi\/162709\/","title":{"rendered":"Harrison Ford on valmis lopettamaan uransa nykyiseen hittisarjaansa"},"content":{"rendered":"<p>Harrison Ford esitt\u00e4\u00e4 yht\u00e4 p\u00e4\u00e4osaa Apple TV:n draamakomediasarjassa Shrinking.<\/p>\n<p>Apple TV esitt\u00e4\u00e4 parhaillaan palkitun draamakomediasarjansa Shrinkingin kolmatta tuotantokautta. Jason Segelin t\u00e4hditt\u00e4m\u00e4n sarjan toista p\u00e4\u00e4osaa esitt\u00e4\u00e4 <a href=\"https:\/\/muropaketti.com\/avainsana\/harrison-ford\/\" rel=\"nofollow noopener\" target=\"_blank\">Harrison Ford<\/a>, joka <a href=\"https:\/\/www.hollywoodreporter.com\/tv\/tv-news\/harrison-ford-shrinking-apple-tv-michael-j-fox-1236494536\/\" target=\"_blank\" rel=\"noreferrer noopener nofollow\">The Hollywood Reporterin<\/a> haastattelussa paljastaa olevansa valmis lopettamaan uransa juuri t\u00e4h\u00e4n sarjaan.<\/p>\n<p>\u201dMinne t\u00e4st\u00e4 eteenp\u00e4in? Tekem\u00e4mme ty\u00f6 on merkitt\u00e4v\u00e4\u00e4 ottaen huomioon k\u00e4ytett\u00e4viss\u00e4 olevat ty\u00f6kalut ja t\u00e4m\u00e4n sarjan taustalla olevan ajatuksen. Ja jos kaikki olisi p\u00e4\u00e4ttyisi t\u00e4h\u00e4n, se riitt\u00e4isi\u201d, Ford kertoo.<\/p>\n<p>Fordin sarjassa esitt\u00e4m\u00e4 psykiatri sairastaa Parkinsonin tautia. Nyt 83-vuotias Star Wars- ja Indiana Jones -t\u00e4hti selitt\u00e4\u00e4 pit\u00e4v\u00e4ns\u00e4 Shrinking-sarjaa erityisess\u00e4 arvossa.<\/p>\n<p>\u201dT\u00e4m\u00e4 on ollut minulle erilainen ty\u00f6, ja min\u00e4h\u00e4n olen tehnyt t\u00e4t\u00e4 aika pitk\u00e4\u00e4n. T\u00e4m\u00e4 on hyvin erityist\u00e4, se todella ruokkii minua ja saa tuntemaan, ett\u00e4 sill\u00e4, mit\u00e4 teemme, on arvoa ja merkityst\u00e4. Etsin sit\u00e4 el\u00e4m\u00e4st\u00e4ni, ja olen iloinen, ett\u00e4 l\u00f6ysin sen t\u00e4st\u00e4.\u201d<\/p>\n<p>Shrinkingille on luvattu nyt k\u00e4ynniss\u00e4 olevan kolmoskauden j\u00e4lkeen viel\u00e4 ainakin yksi kausi.<\/p>\n","protected":false},"excerpt":{"rendered":"Harrison Ford esitt\u00e4\u00e4 yht\u00e4 p\u00e4\u00e4osaa Apple TV:n draamakomediasarjassa Shrinking. Apple TV esitt\u00e4\u00e4 parhaillaan palkitun draamakomediasarjansa Shrinkingin kolmatta tuotantokautta.&hellip;\n","protected":false},"author":2,"featured_media":162710,"comment_status":"","ping_status":"","sticky":false,"template":"","format":"standard","meta":{"footnotes":"","_share_on_mastodon":"0"},"categories":[136],"tags":[5097,407,137,33,31,30,6827,408,1369,15334,32,109],"class_list":["post-162709","post","type-post","status-publish","format-standard","has-post-thumbnail","category-julkkikset","tag-apple-tv","tag-celebrities","tag-entertainment","tag-fi","tag-finland","tag-finnish","tag-harrison-ford","tag-julkkikset","tag-sarjat","tag-shrinking","tag-suomi","tag-viihde"],"share_on_mastodon":{"url":"https:\/\/pubeurope.com\/@fi\/116023917437146886","error":""},"_links":{"self":[{"href":"https:\/\/www.europesays.com\/fi\/wp-json\/wp\/v2\/posts\/162709","targetHints":{"allow":["GET"]}}],"collection":[{"href":"https:\/\/www.europesays.com\/fi\/wp-json\/wp\/v2\/posts"}],"about":[{"href":"https:\/\/www.europesays.com\/fi\/wp-json\/wp\/v2\/types\/post"}],"author":[{"embeddable":true,"href":"https:\/\/www.europesays.com\/fi\/wp-json\/wp\/v2\/users\/2"}],"replies":[{"embeddable":true,"href":"https:\/\/www.europesays.com\/fi\/wp-json\/wp\/v2\/comments?post=162709"}],"version-history":[{"count":0,"href":"https:\/\/www.europesays.com\/fi\/wp-json\/wp\/v2\/posts\/162709\/revisions"}],"wp:featuredmedia":[{"embeddable":true,"href":"https:\/\/www.europesays.com\/fi\/wp-json\/wp\/v2\/media\/162710"}],"wp:attachment":[{"href":"https:\/\/www.europesays.com\/fi\/wp-json\/wp\/v2\/media?parent=162709"}],"wp:term":[{"taxonomy":"category","embeddable":true,"href":"https:\/\/www.europesays.com\/fi\/wp-json\/wp\/v2\/categories?post=162709"},{"taxonomy":"post_tag","embeddable":true,"href":"https:\/\/www.europesays.com\/fi\/wp-json\/wp\/v2\/tags?post=162709"}],"curies":[{"name":"wp","href":"https:\/\/api.w.org\/{rel}","templated":true}]}}