{"id":16297,"date":"2025-08-25T23:44:13","date_gmt":"2025-08-25T23:44:13","guid":{"rendered":"https:\/\/www.europesays.com\/fi\/16297\/"},"modified":"2025-08-25T23:44:13","modified_gmt":"2025-08-25T23:44:13","slug":"jaromir-jagrin-seura-hankki-leijonista-tutun-hyokkaajan","status":"publish","type":"post","link":"https:\/\/www.europesays.com\/fi\/16297\/","title":{"rendered":"Jaromir Jagrin seura hankki Leijonista tutun hy\u00f6kk\u00e4\u00e4j\u00e4n"},"content":{"rendered":"<p>Julius Junttila hakee pelipaikkaa T\u0161ekist\u00e4.<\/p>\n<p><img decoding=\"async\" class=\"image image-show image-preview\" src=\"https:\/\/www.europesays.com\/fi\/wp-content\/uploads\/2025\/08\/02e55298dbf4f3e4fe33d7ffa78911d03d2d46b627af342c1178967bd4221597.jpg\" alt=\"\"\/><img decoding=\"async\" class=\"image image-show\" src=\"https:\/\/www.europesays.com\/fi\/wp-content\/uploads\/2025\/08\/1756165451_469_02e55298dbf4f3e4fe33d7ffa78911d03d2d46b627af342c1178967bd4221597.jpg\" alt=\"\"\/><\/p>\n<p>Julius Junttila meni try out -sopimuksella Kladnoon. Mauri Ratilainen \/ AOP<\/p>\n<p class=\"paragraph\">Kladno kertoo <a href=\"https:\/\/www.rytirikladno.cz\/clanek.asp?id=Ke-kladenskemu-tymu-se-na-zkousku-pripoji-finsky-forvard-Julius-Junttila-9519\" rel=\"noopener nofollow\" target=\"_blank\">verkkosivuillaan<\/a>, ett\u00e4 seura on tehnyt try out -sopimuksen <strong>Julius Junttilan<\/strong>, 34, kanssa.<\/p>\n<p class=\"paragraph\">K\u00e4rppien kasvatti pelasi T\u0161ekin p\u00e4\u00e4sarjassa jo viime kaudella, kun h\u00e4n edusti BK Mlad\u00e1 Boleslavia.<\/p>\n<p class=\"paragraph\">\u2013 Juliuksella oli hyv\u00e4 kausi Boleslavissa. H\u00e4nen kokemuksensa Extraliigasta on h\u00e4nelle eduksi. Olemme iloisia, ett\u00e4 saimme sovittua lyhyest\u00e4 koeajasta, mink\u00e4 j\u00e4lkeen n\u00e4emme j\u00e4\u00e4k\u00f6 Julius meille, Kladnon urheilujohtaja <strong>Tom\u00e1\u0161 Plekanec<\/strong> kertoo.<\/p>\n<p class=\"paragraph\">Junttila pelasi viime kaudella Boleslavissa 49 peli\u00e4 tehoilla 10+18=28. Pudotuspeleiss\u00e4 hy\u00f6kk\u00e4\u00e4j\u00e4 nakutti kymmenen (3+7) pistett\u00e4 11 matsissa.<\/p>\n<p class=\"paragraph\">Junttila on tullut tunnetuksi etenkin K\u00e4rpist\u00e4, jossa h\u00e4n on voittanut kolme SM-kultaa. Parhaalla kaudella liukasliikkeinen hy\u00f6kk\u00e4\u00e4j\u00e4 on nakuttanut SM-liigassa 52 (13+39) pistett\u00e4 53 peliss\u00e4. H\u00e4net on valittu kertaalleen my\u00f6s SM-liigan parhaaksi pelaajaksi.<\/p>\n<p class=\"paragraph\">Junttila on tuttu n\u00e4ky my\u00f6s maajoukkueesta. H\u00e4n edusti Leijonia muun muassa vuoden 2018 olympialaisissa.<\/p>\n<p class=\"paragraph\">Kladnossa pelasi viel\u00e4 viime kaudella seuran omistaja, kiekkolegenda <strong>Jaromir Jagr<\/strong>, 53, joka ilmoitti vajaa vuosi sitten, ett\u00e4 kausi 2024\u20132025 j\u00e4\u00e4 h\u00e4nen uransa viimeiseksi.<\/p>\n<p class=\"paragraph\">Suomalaisista Kladnossa pelaa ensi kaudella <strong>Niko Ojam\u00e4ki<\/strong>.<\/p>\n<p><a href=\"https:\/\/www.iltalehti.fi\/telkku\/?utm_source=iltalehti.fi&amp;utm_medium=almainternal&amp;utm_campaign=urheilu_artikkelibanneri&amp;utm_content=banner_612_a\" rel=\"nofollow noopener\" target=\"_blank\"><img decoding=\"async\" src=\"https:\/\/www.europesays.com\/fi\/wp-content\/uploads\/2025\/08\/7ef604e47d46ca174b7df4149bd3557dbde56a86d520f8e1b2125548b0a2e03a.png\" alt=\"TV-ohjelmat t\u00e4n\u00e4\u00e4n, TV-opas\"\/><\/a><\/p>\n","protected":false},"excerpt":{"rendered":"Julius Junttila hakee pelipaikkaa T\u0161ekist\u00e4. Julius Junttila meni try out -sopimuksella Kladnoon. Mauri Ratilainen \/ AOP Kladno kertoo&hellip;\n","protected":false},"author":2,"featured_media":16298,"comment_status":"","ping_status":"","sticky":false,"template":"","format":"standard","meta":{"footnotes":""},"categories":[158],"tags":[35,1144,1274,33,31,30,1143,41,159,32,1145,160],"class_list":{"0":"post-16297","1":"post","2":"type-post","3":"status-publish","4":"format-standard","5":"has-post-thumbnail","7":"category-urheilu","8":"tag-24h","9":"tag-ammattilaisjaakiekko","10":"tag-ammattiurheilu","11":"tag-fi","12":"tag-finland","13":"tag-finnish","14":"tag-jaakiekko","15":"tag-liikunta-ja-urheilu","16":"tag-sports","17":"tag-suomi","18":"tag-talviurheilu","19":"tag-urheilu"},"share_on_mastodon":{"url":"","error":""},"_links":{"self":[{"href":"https:\/\/www.europesays.com\/fi\/wp-json\/wp\/v2\/posts\/16297","targetHints":{"allow":["GET"]}}],"collection":[{"href":"https:\/\/www.europesays.com\/fi\/wp-json\/wp\/v2\/posts"}],"about":[{"href":"https:\/\/www.europesays.com\/fi\/wp-json\/wp\/v2\/types\/post"}],"author":[{"embeddable":true,"href":"https:\/\/www.europesays.com\/fi\/wp-json\/wp\/v2\/users\/2"}],"replies":[{"embeddable":true,"href":"https:\/\/www.europesays.com\/fi\/wp-json\/wp\/v2\/comments?post=16297"}],"version-history":[{"count":0,"href":"https:\/\/www.europesays.com\/fi\/wp-json\/wp\/v2\/posts\/16297\/revisions"}],"wp:featuredmedia":[{"embeddable":true,"href":"https:\/\/www.europesays.com\/fi\/wp-json\/wp\/v2\/media\/16298"}],"wp:attachment":[{"href":"https:\/\/www.europesays.com\/fi\/wp-json\/wp\/v2\/media?parent=16297"}],"wp:term":[{"taxonomy":"category","embeddable":true,"href":"https:\/\/www.europesays.com\/fi\/wp-json\/wp\/v2\/categories?post=16297"},{"taxonomy":"post_tag","embeddable":true,"href":"https:\/\/www.europesays.com\/fi\/wp-json\/wp\/v2\/tags?post=16297"}],"curies":[{"name":"wp","href":"https:\/\/api.w.org\/{rel}","templated":true}]}}