{"id":16313,"date":"2025-08-26T00:14:08","date_gmt":"2025-08-26T00:14:08","guid":{"rendered":"https:\/\/www.europesays.com\/fi\/16313\/"},"modified":"2025-08-26T00:14:08","modified_gmt":"2025-08-26T00:14:08","slug":"tesla-model-yn-myynti-romahti-euroopassa-putosi-sijalle-60","status":"publish","type":"post","link":"https:\/\/www.europesays.com\/fi\/16313\/","title":{"rendered":"Tesla Model Y:n myynti romahti Euroopassa \u2013 Putosi sijalle 60"},"content":{"rendered":"<p>Dacia Sandero oli j\u00e4lleen kerran kuukauden myydyin auto.<\/p>\n<p><img decoding=\"async\" class=\"image image-show image-preview\" src=\"https:\/\/www.europesays.com\/fi\/wp-content\/uploads\/2025\/08\/f6dcecdac77224ef127a167df660804cfe7a322a7806418f73336717f29cc3de.jpg\" alt=\"\"\/><img decoding=\"async\" class=\"image image-show\" src=\"https:\/\/www.europesays.com\/fi\/wp-content\/uploads\/2025\/08\/1756167248_398_f6dcecdac77224ef127a167df660804cfe7a322a7806418f73336717f29cc3de.jpg\" alt=\"\"\/><\/p>\n<p>Vaikea kes\u00e4. Tesla Model Y:n myynti Euroopassa kangerteli edelleen hein\u00e4kuussa. Patrick Pleul<\/p>\n<p class=\"paragraph\">Tesla Model Y:n Euroopan-myynti haki uudet pohjat hein\u00e4kuussa. Mallitilastossa se putosi sijaluvulle 60, ja autoja ensirekister\u00f6itiin 5\u202f915 kappaletta.<\/p>\n<p class=\"paragraph\">Teslan luvut ovat tunnetusti olleet aiemminkin heikot vuosinelj\u00e4nneksen ensimm\u00e4isen\u00e4 kuukautena, ja merkki on usein parantanut sijoitustaan kvartaalin viimeisen\u00e4 kuukautena.<\/p>\n<p class=\"paragraph\">Viime vuoden hein\u00e4kuuhun verrattuna Model Y:n myynti kuitenkin sukelsi 40 prosenttia, vaikka uudistuneen mallin tuotannon ja asiakastoimitusten pit\u00e4isi olla jo hyv\u00e4ss\u00e4 vauhdissa.<\/p>\n<p class=\"paragraph\">Tulevat kuukaudet antavat osviittaa siit\u00e4, miten Tesla selvi\u00e4\u00e4 br\u00e4ndikolhuista ja jatkuvasti kovenevasta kilpailusta s\u00e4hk\u00f6automarkkinoilla.<\/p>\n<p class=\"paragraph\">Tammi-hein\u00e4kuussa Model Y:n myynti on pudonnut yli 33 prosenttia vuodentakaisesta 113\u202f085 autosta 75\u202f295 autoon, selvi\u00e4\u00e4 Dataforcen tilastosta. Se kattaa EU-alueen lis\u00e4ksi my\u00f6s muut Euroopan maat, mukaan lukien Britannian.<\/p>\n<p class=\"paragraph\">T\u00e4n\u00e4 vuonna ykk\u00f6spaikalla ovat vuorotelleet halpa-auto Dacia Sandero ja Dacian emoyhti\u00f6n Renaultin Clio. Hein\u00e4kuu meni nyt Sanderon nimiin 21\u202f040 autolla, ja Clio valui yhdeks\u00e4nneksi.<\/p>\n<p class=\"paragraph\">K\u00e4rkikolmikko kuvastaa hyvin eurooppalaista automakua: Sandero on pienehk\u00f6 ja edullinen auto, ja kompakteja ovat my\u00f6s kakkostilan Volkswagen T-Roc ja kolmanneksi sijoittunut Toyota Yaris Cross.<\/p>\n<p class=\"paragraph\">Sijoilla 4\u201310 ovat VW Tiguan, VW Golf, \u0160koda Octavia, Kia Sportage, Dacia Duster, Renault Clio ja Opel Corsa.<\/p>\n<p>Dacia Sandero. Romanialaismerkin auto on Euroopan myydyin tammi-hein\u00e4kuussa. Dacia<\/p>\n<p class=\"paragraph\">Koko kuluvan vuoden eli tammi-hein\u00e4kuun ykk\u00f6nen on Dacia Sandero. Sit\u00e4 seuraavat Renault Clio, VW T-Roc, Peugeot 205, VW Golf, VW Tiguan, Toyota Yaris Cross, Dacia Duster, Peugeot 2008 ja Opel Corsa.<\/p>\n<p class=\"paragraph\"><a href=\"https:\/\/www.autonews.com\/europe\/ane-europe-top-sellers-july-7-months-0821\/\" rel=\"noopener nofollow\" target=\"_blank\">Automotive News Europe<\/a> selitt\u00e4\u00e4 Renault Clion menestyst\u00e4 ainakin osittain sill\u00e4, ett\u00e4 mallista esiteltiin toukokuussa uusi varustetaso Generation. Se on 2\u202f700 euroa edullisempi kuin aiempi perusvarusteltu malli.<\/p>\n<p class=\"paragraph\">Clion l\u00e4ht\u00f6hinta Ranskassa on nyt 16\u202f900 euroa. Suomessa sen halvin malliversio maksaa 19\u202f990 euroa.<\/p>\n<p class=\"paragraph\">Seuraavan sukupolven Clio esitell\u00e4\u00e4n IAA Mobility -auton\u00e4yttelyss\u00e4 M\u00fcncheniss\u00e4 syyskuussa.<\/p>\n<p class=\"paragraph\">Uusi Tesla Model Y oli hiljattain kattavassa kotimaan koeajossa. Lue raportti alla olevasta linkist\u00e4.<\/p>\n","protected":false},"excerpt":{"rendered":"Dacia Sandero oli j\u00e4lleen kerran kuukauden myydyin auto. Vaikea kes\u00e4. Tesla Model Y:n myynti Euroopassa kangerteli edelleen hein\u00e4kuussa.&hellip;\n","protected":false},"author":2,"featured_media":16314,"comment_status":"","ping_status":"","sticky":false,"template":"","format":"standard","meta":{"footnotes":""},"categories":[76],"tags":[35,4723,648,79,77,33,31,30,2763,1049,32,78,128],"class_list":{"0":"post-16313","1":"post","2":"type-post","3":"status-publish","4":"format-standard","5":"has-post-thumbnail","7":"category-talous","8":"tag-24h","9":"tag-automerkki","10":"tag-autot","11":"tag-business","12":"tag-economy","13":"tag-fi","14":"tag-finland","15":"tag-finnish","16":"tag-kulkuneuvojen-valmistus","17":"tag-moottoriajoneuvojen-valmistus-ja-varustus-autoteollisuus","18":"tag-suomi","19":"tag-talous","20":"tag-tieliikenne"},"share_on_mastodon":{"url":"","error":""},"_links":{"self":[{"href":"https:\/\/www.europesays.com\/fi\/wp-json\/wp\/v2\/posts\/16313","targetHints":{"allow":["GET"]}}],"collection":[{"href":"https:\/\/www.europesays.com\/fi\/wp-json\/wp\/v2\/posts"}],"about":[{"href":"https:\/\/www.europesays.com\/fi\/wp-json\/wp\/v2\/types\/post"}],"author":[{"embeddable":true,"href":"https:\/\/www.europesays.com\/fi\/wp-json\/wp\/v2\/users\/2"}],"replies":[{"embeddable":true,"href":"https:\/\/www.europesays.com\/fi\/wp-json\/wp\/v2\/comments?post=16313"}],"version-history":[{"count":0,"href":"https:\/\/www.europesays.com\/fi\/wp-json\/wp\/v2\/posts\/16313\/revisions"}],"wp:featuredmedia":[{"embeddable":true,"href":"https:\/\/www.europesays.com\/fi\/wp-json\/wp\/v2\/media\/16314"}],"wp:attachment":[{"href":"https:\/\/www.europesays.com\/fi\/wp-json\/wp\/v2\/media?parent=16313"}],"wp:term":[{"taxonomy":"category","embeddable":true,"href":"https:\/\/www.europesays.com\/fi\/wp-json\/wp\/v2\/categories?post=16313"},{"taxonomy":"post_tag","embeddable":true,"href":"https:\/\/www.europesays.com\/fi\/wp-json\/wp\/v2\/tags?post=16313"}],"curies":[{"name":"wp","href":"https:\/\/api.w.org\/{rel}","templated":true}]}}