{"id":16315,"date":"2025-08-26T00:15:11","date_gmt":"2025-08-26T00:15:11","guid":{"rendered":"https:\/\/www.europesays.com\/fi\/16315\/"},"modified":"2025-08-26T00:15:11","modified_gmt":"2025-08-26T00:15:11","slug":"stubb-vahvisti-iln-tiedot-hunnikohusta-ei-pida-paikkaansa","status":"publish","type":"post","link":"https:\/\/www.europesays.com\/fi\/16315\/","title":{"rendered":"Stubb vahvisti IL:n tiedot hunnikohusta: \u201dEi pid\u00e4 paikkaansa\u201d"},"content":{"rendered":"<p>Presidentti Stubb otti Ahvenanmaalla kantaa hunnikohuun.<\/p>\n<p><img decoding=\"async\" class=\"image image-show image-preview\" src=\"https:\/\/www.europesays.com\/fi\/wp-content\/uploads\/2025\/08\/ee6151256d41303301e65291499ca5239249b26f57773a2298776ed57818912c.jpg\" alt=\"\"\/><img decoding=\"async\" class=\"image image-show\" src=\"https:\/\/www.europesays.com\/fi\/wp-content\/uploads\/2025\/08\/1756167311_846_ee6151256d41303301e65291499ca5239249b26f57773a2298776ed57818912c.jpg\" alt=\"\"\/><\/p>\n<p>Tasavallan presidentti Alexander Stubb Ahvenanmaalla. Elle Laitila<\/p>\n<p class=\"paragraph\">Tasavallan presidentti <strong>Alexander Stubb<\/strong> osallistui viikko sitten maanantaina Valkoisessa talossa keskusteluihin Ven\u00e4j\u00e4n aloittamasta laittomasta hy\u00f6kk\u00e4yssodasta Ukrainaan.<\/p>\n<p class=\"paragraph\">Tapaamisen j\u00e4lkeen amerikkalaismedia <a href=\"https:\/\/www.wsj.com\/world\/trump-pushes-for-peace-summit-with-u-s-russia-and-ukraine-d4b81a57\" rel=\"noopener nofollow\" target=\"_blank\">The Wall Street Journal<\/a> (WSJ) kertoi, ett\u00e4 Stubb olisi kutsunut it\u00e4isen Ukrainan Donetskissa sijaitsevia kaupunkeja Kramatorskia ja Slovjanskia \u201dlinnoitukseksi hunneja vastaan\u201d.<\/p>\n<p class=\"paragraph\">WSJ perusti asian nimett\u00f6miin virkamiesl\u00e4hteisiin. Asiasta nousi kohua niin Suomessa kuin Ven\u00e4j\u00e4ll\u00e4kin.<\/p>\n<p class=\"paragraph\">Iltalehti kertoi perjantaina, ett\u00e4 useat keskusteluista perill\u00e4 olevat ulko- ja turvallisuuspolitiikan l\u00e4hteet kertoivat, ett\u00e4 Stubb ei k\u00e4ytt\u00e4nyt v\u00e4itetty\u00e4 hunnivertausta.<\/p>\n<p class=\"paragraph\">Ahvenanmaan vierailulla Stubbilta kysyttiin asiasta. Stubbilta tuli tiukka kuitti kysymykseen, pit\u00e4\u00e4k\u00f6 paikkansa, ett\u00e4 h\u00e4n olisi k\u00e4ytt\u00e4nyt hunnivertausta.<\/p>\n<p class=\"paragraph\">\u2013\u2009Ei pid\u00e4 paikkaansa, presidentti sanoi.<\/p>\n","protected":false},"excerpt":{"rendered":"Presidentti Stubb otti Ahvenanmaalla kantaa hunnikohuun. Tasavallan presidentti Alexander Stubb Ahvenanmaalla. Elle Laitila Tasavallan presidentti Alexander Stubb osallistui&hellip;\n","protected":false},"author":2,"featured_media":16316,"comment_status":"","ping_status":"","sticky":false,"template":"","format":"standard","meta":{"footnotes":""},"categories":[14],"tags":[35,22,23,26,27,33,31,30,17,24,25,28,29,15,18,21,142,637,144,886,32,19,20,56,16,638,59,60,61],"class_list":{"0":"post-16315","1":"post","2":"type-post","3":"status-publish","4":"format-standard","5":"has-post-thumbnail","7":"category-ulkomaat","8":"tag-24h","9":"tag-breaking-news","10":"tag-breakingnews","11":"tag-featured-news","12":"tag-featurednews","13":"tag-fi","14":"tag-finland","15":"tag-finnish","16":"tag-headlines","17":"tag-latest-news","18":"tag-latestnews","19":"tag-main-news","20":"tag-mainnews","21":"tag-news","22":"tag-otsikot","23":"tag-paauutiset","24":"tag-poliitikot","25":"tag-politiikka","26":"tag-presidentti","27":"tag-puolueet","28":"tag-suomi","29":"tag-top-stories","30":"tag-topstories","31":"tag-ulkomaat","32":"tag-uutiset","33":"tag-valtiovalta","34":"tag-world","35":"tag-world-news","36":"tag-worldnews"},"share_on_mastodon":{"url":"","error":""},"_links":{"self":[{"href":"https:\/\/www.europesays.com\/fi\/wp-json\/wp\/v2\/posts\/16315","targetHints":{"allow":["GET"]}}],"collection":[{"href":"https:\/\/www.europesays.com\/fi\/wp-json\/wp\/v2\/posts"}],"about":[{"href":"https:\/\/www.europesays.com\/fi\/wp-json\/wp\/v2\/types\/post"}],"author":[{"embeddable":true,"href":"https:\/\/www.europesays.com\/fi\/wp-json\/wp\/v2\/users\/2"}],"replies":[{"embeddable":true,"href":"https:\/\/www.europesays.com\/fi\/wp-json\/wp\/v2\/comments?post=16315"}],"version-history":[{"count":0,"href":"https:\/\/www.europesays.com\/fi\/wp-json\/wp\/v2\/posts\/16315\/revisions"}],"wp:featuredmedia":[{"embeddable":true,"href":"https:\/\/www.europesays.com\/fi\/wp-json\/wp\/v2\/media\/16316"}],"wp:attachment":[{"href":"https:\/\/www.europesays.com\/fi\/wp-json\/wp\/v2\/media?parent=16315"}],"wp:term":[{"taxonomy":"category","embeddable":true,"href":"https:\/\/www.europesays.com\/fi\/wp-json\/wp\/v2\/categories?post=16315"},{"taxonomy":"post_tag","embeddable":true,"href":"https:\/\/www.europesays.com\/fi\/wp-json\/wp\/v2\/tags?post=16315"}],"curies":[{"name":"wp","href":"https:\/\/api.w.org\/{rel}","templated":true}]}}