{"id":163192,"date":"2026-02-07T02:39:09","date_gmt":"2026-02-07T02:39:09","guid":{"rendered":"https:\/\/www.europesays.com\/fi\/163192\/"},"modified":"2026-02-07T02:39:09","modified_gmt":"2026-02-07T02:39:09","slug":"pielisen-karjalassa-ajettiin-perjantai-iltapaivan-aikana-kolme-liikenneonnettomuutta-pohjois-karjala","status":"publish","type":"post","link":"https:\/\/www.europesays.com\/fi\/163192\/","title":{"rendered":"Pielisen Karjalassa ajettiin perjantai-iltap\u00e4iv\u00e4n aikana kolme liikenne\u00adonnettomuutta | Pohjois-Karjala"},"content":{"rendered":"<p class=\"aw-1gybjub aw-5vja16 kEtdKx kmuxyA yle__article__paragraph\">Yksi ihminen kuljetettiin sairaalaan Nurmeksen Pirttim\u00e4en\u00adtiell\u00e4 sattuneen t\u00f6rm\u00e4yksen j\u00e4lkeen.<\/p>\n<p><img decoding=\"async\" alt=\"Pohjois-Karjalan pelastuslaitoksen auton ovi l\u00e4hikuvassa.\" src=\"https:\/\/www.europesays.com\/fi\/wp-content\/uploads\/2025\/09\/39-1468229682c1f2d31fe4.jpeg\" class=\"aw-1l9m598 hKVVvP\"\/><\/p>\n<p>Avaa kuvien katselu<\/p>\n<p>Pohjois-Karjalan pelastuslaitos raivasi perjantaina onnettomuuspaikkoja Nurmeksessa ja Juuassa. Kuvituskuva. Kuva: Alberto Politi \/ Yle<\/p>\n<p class=\"aw-1gybjub aw-1p7kakr kEtdKx cEmitX yle__article__paragraph\">Nurmeksen ja Juuan alueella sattui perjantaina iltap\u00e4iv\u00e4ll\u00e4 kolme liikenneonnettomuutta.<\/p>\n<p class=\"aw-1gybjub aw-1p7kakr kEtdKx cEmitX yle__article__paragraph\">Vakavin onnettomuus ajettiin Nurmeksen lounaisosassa Pirttim\u00e4entiell\u00e4. Henkil\u00f6auto t\u00f6rm\u00e4si kapealla tiell\u00e4 kuorma-auton keulaan. Ajoneuvoissa oli vain kuljettajat. Henkil\u00f6auton kuljettaja loukkaantui liev\u00e4sti ja h\u00e4net kuljetettiin jatkotutkimuksiin Joensuuhun Pohjois-Karjalan keskussairaalaan. Henkil\u00f6auto vaurioitui korjauskelvottomaksi, my\u00f6s kuorma-auto on t\u00f6rm\u00e4yksen j\u00e4ljilt\u00e4 ajokelvoton.<\/p>\n<p class=\"aw-1gybjub aw-1p7kakr kEtdKx cEmitX yle__article__paragraph\">Henkil\u00f6auto ja kuorma-auto kolaroivat my\u00f6s Juuassa, miss\u00e4 henkil\u00f6auto osui risteysalueella kuorma-auton kylkeen. Molempiin autoihin tuli peltivahinkoja. Henkil\u00f6autossa oli kaksi ihmist\u00e4 ja kuorma-autossa kuljettaja. Ensihoito tarkisti osallisten voinnin paikan p\u00e4\u00e4ll\u00e4.<\/p>\n<p class=\"aw-1gybjub aw-1p7kakr kEtdKx cEmitX yle__article__paragraph\">Lis\u00e4ksi Nurmeksen keskustassa ajettiin kahden auton risteyskolari, jossa toinen ajoneuvoista t\u00f6rm\u00e4si toisen kylkeen. Ajoneuvoissa oli nelj\u00e4 ihmist\u00e4, mutta kukaan ei loukkaantunut.<\/p>\n<p class=\"aw-1gybjub aw-1p7kakr kEtdKx cEmitX yle__article__paragraph\">Poliisi tutkii onnettomuuksien syit\u00e4.<\/p>\n","protected":false},"excerpt":{"rendered":"Yksi ihminen kuljetettiin sairaalaan Nurmeksen Pirttim\u00e4en\u00adtiell\u00e4 sattuneen t\u00f6rm\u00e4yksen j\u00e4lkeen. Avaa kuvien katselu Pohjois-Karjalan pelastuslaitos raivasi perjantaina onnettomuuspaikkoja Nurmeksessa&hellip;\n","protected":false},"author":2,"featured_media":26791,"comment_status":"","ping_status":"","sticky":false,"template":"","format":"standard","meta":{"footnotes":"","_share_on_mastodon":"0"},"categories":[12],"tags":[22,23,26,27,33,31,30,17,2947,24,25,990,28,29,15,1360,837,18,21,1137,32,19,20,16],"class_list":["post-163192","post","type-post","status-publish","format-standard","has-post-thumbnail","category-suomi","tag-breaking-news","tag-breakingnews","tag-featured-news","tag-featurednews","tag-fi","tag-finland","tag-finnish","tag-headlines","tag-juuka","tag-latest-news","tag-latestnews","tag-liikenneonnettomuudet","tag-main-news","tag-mainnews","tag-news","tag-nurmes","tag-onnettomuudet","tag-otsikot","tag-paauutiset","tag-pohjois-karjala","tag-suomi","tag-top-stories","tag-topstories","tag-uutiset"],"share_on_mastodon":{"url":"https:\/\/pubeurope.com\/@fi\/116027035746969757","error":""},"_links":{"self":[{"href":"https:\/\/www.europesays.com\/fi\/wp-json\/wp\/v2\/posts\/163192","targetHints":{"allow":["GET"]}}],"collection":[{"href":"https:\/\/www.europesays.com\/fi\/wp-json\/wp\/v2\/posts"}],"about":[{"href":"https:\/\/www.europesays.com\/fi\/wp-json\/wp\/v2\/types\/post"}],"author":[{"embeddable":true,"href":"https:\/\/www.europesays.com\/fi\/wp-json\/wp\/v2\/users\/2"}],"replies":[{"embeddable":true,"href":"https:\/\/www.europesays.com\/fi\/wp-json\/wp\/v2\/comments?post=163192"}],"version-history":[{"count":0,"href":"https:\/\/www.europesays.com\/fi\/wp-json\/wp\/v2\/posts\/163192\/revisions"}],"wp:featuredmedia":[{"embeddable":true,"href":"https:\/\/www.europesays.com\/fi\/wp-json\/wp\/v2\/media\/26791"}],"wp:attachment":[{"href":"https:\/\/www.europesays.com\/fi\/wp-json\/wp\/v2\/media?parent=163192"}],"wp:term":[{"taxonomy":"category","embeddable":true,"href":"https:\/\/www.europesays.com\/fi\/wp-json\/wp\/v2\/categories?post=163192"},{"taxonomy":"post_tag","embeddable":true,"href":"https:\/\/www.europesays.com\/fi\/wp-json\/wp\/v2\/tags?post=163192"}],"curies":[{"name":"wp","href":"https:\/\/api.w.org\/{rel}","templated":true}]}}