{"id":16321,"date":"2025-08-26T00:29:13","date_gmt":"2025-08-26T00:29:13","guid":{"rendered":"https:\/\/www.europesays.com\/fi\/16321\/"},"modified":"2025-08-26T00:29:13","modified_gmt":"2025-08-26T00:29:13","slug":"ensitreffit-jenni-paljastaa-suhdetilanteensa-tapasi-miehen-edelliselta-kaudelta","status":"publish","type":"post","link":"https:\/\/www.europesays.com\/fi\/16321\/","title":{"rendered":"Ensitreffit-Jenni paljastaa suhdetilanteensa \u2013 tapasi miehen edelliselt\u00e4 kaudelta"},"content":{"rendered":"<p class=\"article-content article-content-width !bg-background\"><a alt=\"Haku\" class=\"text-primary-red font-extrabold\" href=\"https:\/\/www.seiska.fi\/haku?q=Jenni Muurinen\" rel=\"nofollow noopener\" target=\"_blank\">Jenni Muurinen<\/a> osallistui Ensitreffit alttarilla -ohjelmaan vuonna 2024. H\u00e4n avioitui ohjelmassa <a alt=\"Haku\" class=\"text-primary-red font-extrabold\" href=\"https:\/\/www.seiska.fi\/haku?q=Jyrkin\" rel=\"nofollow noopener\" target=\"_blank\">Jyrkin<\/a> kanssa, mutta pari p\u00e4\u00e4tyi eroon kuvausten j\u00e4lkeen.\u00a0<\/p>\n<p class=\"font-weight-bold m-font-weight-bold article-content article-content-width !bg-background\">Videolla Ensitreffit alttarilla -asiantuntijoiden parisuhdevinkit:<\/p>\n<p class=\"article-content article-content-width !bg-background\">Jennin suorasukaiset kommentit Jyrkist\u00e4 her\u00e4ttiv\u00e4t kauden aikana n\u00e4r\u00e4\u00e4 joissakin katsojissa.\u00a0Jennin mielest\u00e4 m\u00e4\u00e4r\u00e4aikaisissa t\u00f6iss\u00e4 ollut Jyrki suhtautui el\u00e4m\u00e4\u00e4n liian huolettomasti, sill\u00e4 h\u00e4n itse toivoi puolisolta vakaata tilannetta taloudellisestikin.\u00a0<\/p>\n<p class=\"article-content article-content-width !bg-background\">Erop\u00e4\u00e4t\u00f6s tuli Jyrkille shokkina, sill\u00e4 p\u00e4\u00e4t\u00f6sjaksossa Jenni oli viel\u00e4 my\u00f6t\u00e4mielinen jatkamaan liittoa.<\/p>\n<p class=\"article-content article-content-width !bg-background\">Nyt Jenni on avannut uusimpia kuulumisiaan <a href=\"https:\/\/www.is.fi\/viihde\/art-2000011429799.html\" target=\"_blank\" rel=\"nofollow noopener\">Ilta-Sanomien<\/a> haastattelussa. H\u00e4n kertoo, ettei ole ollut ohjelman kuvausten j\u00e4lkeen Jyrkin kanssa miss\u00e4\u00e4n tekemisiss\u00e4.<\/p>\n<p>                <img decoding=\"async\" src=\"https:\/\/www.europesays.com\/fi\/wp-content\/uploads\/2025\/08\/1525436.webp\" width=\"576\" height=\"274\" alt=\"Jennin ja Jyrkin suhde ei lopulta toiminut.\" loading=\"lazy\" \/>            <\/p>\n<p>\n            Jennin ja Jyrkin suhde ei lopulta toiminut.<br \/>\n            MTV\n        <\/p>\n<p>Tapailusuhteita<\/p>\n<p class=\"article-content article-content-width !bg-background\">Jenni avaa artikkelissa yritt\u00e4neens\u00e4 ohjelmassa miellytt\u00e4\u00e4 liikaa muita ja on oppinut sen j\u00e4lkeen keskittym\u00e4\u00e4n enemm\u00e4n omiin tunteisiinsa.<\/p>\n<p class=\"article-content article-content-width !bg-background\">Ohjelman j\u00e4lkeen h\u00e4n paljastaa tapailleensa paria ihmist\u00e4, mutta el\u00e4\u00e4 t\u00e4ll\u00e4 hetkell\u00e4 sinkkuna.<\/p>\n<p class=\"article-content article-content-width !bg-background\">\u2013 Jos joku tapailusuhde on p\u00e4\u00e4ttynyt, niin en ole siit\u00e4 oikeastaan moksiskaan. Ajattelen, ett\u00e4 n\u00e4in se oli tarkoitettu ja nyt ei muuta kuin eteenp\u00e4in, h\u00e4n toteaa.<\/p>\n<p class=\"article-content article-content-width !bg-background\">Jenni paljastaa haastattelussa k\u00e4yneens\u00e4 ulkona my\u00f6s er\u00e4\u00e4n Ensitreffit alttarilla -ohjelmassa aiemmalla kaudella mukana olleen miehen kanssa.<\/p>\n<p class=\"article-content article-content-width !bg-background\">\u2013 Oli kyll\u00e4 arvokasta jakaa ajatuksia h\u00e4nen kanssaan.<\/p>\n<p class=\"article-content article-content-width !bg-background\">Ensitreffit alttarilla -ohjelmassa annettiin Jennin mielest\u00e4 h\u00e4nest\u00e4 osittain v\u00e4\u00e4r\u00e4 kuva, mik\u00e4 oli saatu aikaan leikkauksella. H\u00e4n ei omien sanojensa mukaan ole rahan per\u00e4\u00e4n.<\/p>\n<p class=\"italic m-italic article-content article-content-width !bg-background\">Uusi Ensitreffit alttarilla -kausi alkaa MTV:ll\u00e4 4. syyskuuta.<\/p>\n","protected":false},"excerpt":{"rendered":"Jenni Muurinen osallistui Ensitreffit alttarilla -ohjelmaan vuonna 2024. H\u00e4n avioitui ohjelmassa Jyrkin kanssa, mutta pari p\u00e4\u00e4tyi eroon kuvausten&hellip;\n","protected":false},"author":2,"featured_media":16322,"comment_status":"","ping_status":"","sticky":false,"template":"","format":"standard","meta":{"footnotes":""},"categories":[136],"tags":[407,1657,6240,137,1664,33,31,30,101,6239,408,32,156,109],"class_list":{"0":"post-16321","1":"post","2":"type-post","3":"status-publish","4":"format-standard","5":"has-post-thumbnail","7":"category-julkkikset","8":"tag-celebrities","9":"tag-ensitreffit-alttarilla","10":"tag-ensitreffit-alttarilla-jenni","11":"tag-entertainment","12":"tag-ero","13":"tag-fi","14":"tag-finland","15":"tag-finnish","16":"tag-ihmissuhteet","17":"tag-jenni-muurinen","18":"tag-julkkikset","19":"tag-suomi","20":"tag-tv","21":"tag-viihde"},"share_on_mastodon":{"url":"","error":""},"_links":{"self":[{"href":"https:\/\/www.europesays.com\/fi\/wp-json\/wp\/v2\/posts\/16321","targetHints":{"allow":["GET"]}}],"collection":[{"href":"https:\/\/www.europesays.com\/fi\/wp-json\/wp\/v2\/posts"}],"about":[{"href":"https:\/\/www.europesays.com\/fi\/wp-json\/wp\/v2\/types\/post"}],"author":[{"embeddable":true,"href":"https:\/\/www.europesays.com\/fi\/wp-json\/wp\/v2\/users\/2"}],"replies":[{"embeddable":true,"href":"https:\/\/www.europesays.com\/fi\/wp-json\/wp\/v2\/comments?post=16321"}],"version-history":[{"count":0,"href":"https:\/\/www.europesays.com\/fi\/wp-json\/wp\/v2\/posts\/16321\/revisions"}],"wp:featuredmedia":[{"embeddable":true,"href":"https:\/\/www.europesays.com\/fi\/wp-json\/wp\/v2\/media\/16322"}],"wp:attachment":[{"href":"https:\/\/www.europesays.com\/fi\/wp-json\/wp\/v2\/media?parent=16321"}],"wp:term":[{"taxonomy":"category","embeddable":true,"href":"https:\/\/www.europesays.com\/fi\/wp-json\/wp\/v2\/categories?post=16321"},{"taxonomy":"post_tag","embeddable":true,"href":"https:\/\/www.europesays.com\/fi\/wp-json\/wp\/v2\/tags?post=16321"}],"curies":[{"name":"wp","href":"https:\/\/api.w.org\/{rel}","templated":true}]}}