{"id":163405,"date":"2026-02-07T08:41:07","date_gmt":"2026-02-07T08:41:07","guid":{"rendered":"https:\/\/www.europesays.com\/fi\/163405\/"},"modified":"2026-02-07T08:41:07","modified_gmt":"2026-02-07T08:41:07","slug":"8k-televisioiden-aika-ei-tainnut-koskaan-koittaa","status":"publish","type":"post","link":"https:\/\/www.europesays.com\/fi\/163405\/","title":{"rendered":"8K-televisioiden aika ei tainnut koskaan koittaa"},"content":{"rendered":"<p>Vuodesta 2015 markkinoilla olleiden 8k-televisioiden piti olla seuraava suuri harppaus kuluttajan\u00e4ytt\u00f6jen kehityksess\u00e4, mutta lupaus n\u00e4ytt\u00e4\u00e4 j\u00e4\u00e4neen lunastamatta, Gizmodo kertoo.<\/p>\n<p>Yh\u00e4 useampi valmistaja <a href=\"https:\/\/gizmodo.com\/sorry-8k-tvs-have-flopped-2000716663\" target=\"_blank\" rel=\"noreferrer noopener nofollow\">on<\/a> vet\u00e4ytynyt hiljaisesti markkinalta, ja nyt my\u00f6s LG on k\u00e4yt\u00e4nn\u00f6ss\u00e4 pist\u00e4nyt 8k-televisionsa j\u00e4ihin. N\u00e4in Samsung j\u00e4\u00e4 l\u00e4hes yksin puolustamaan formaattia, jolle ei tunnu l\u00f6ytyv\u00e4n yleis\u00f6\u00e4.<\/p>\n<p>LG <a href=\"https:\/\/www.flatpanelshd.com\/news.php?subaction=showfull&amp;id=1767646801\" rel=\"nofollow noopener\" target=\"_blank\">kertoi <\/a>FlatpanelsHD:lle tarkastelevansa \u201dkokonaisvaltaisesti nykyisi\u00e4 n\u00e4ytt\u00f6markkinoiden trendej\u00e4 ja 8k-sis\u00e4lt\u00f6ekosysteemin kehityst\u00e4\u201d. K\u00e4yt\u00e4nn\u00f6ss\u00e4 t\u00e4m\u00e4 tarkoittanee, ett\u00e4 yhti\u00f6 keskeytt\u00e4\u00e4 8k-televisioiden kehityksen toistaiseksi.<\/p>\n<p>FlatpanelsHD:n <a href=\"https:\/\/www.flatpanelshd.com\/news.php?subaction=showfull&amp;id=1769749009\" rel=\"nofollow noopener\" target=\"_blank\">anonyymien l\u00e4hteiden mukaan<\/a> LG:n viimeisin 8k-malli, QNED99TUA Mini led -televisio, on poistumassa valikoimista.<\/p>\n<p>Samsung on k\u00e4yt\u00e4nn\u00f6ss\u00e4 ainoa suuri valmistaja, joka yh\u00e4 pit\u00e4\u00e4 kiinni 8k:sta. Yhti\u00f6 esitteli CES 2026 -messuilla <a href=\"https:\/\/news.samsung.com\/global\/samsung-presents-your-companion-to-ai-living-at-the-first-look-during-ces-2026\" rel=\"nofollow noopener\" target=\"_blank\">98-tuumaisen QN990H-mallin<\/a>, mutta ei kertonut sen hinnasta tai saatavuudesta. Vuonna 2020 Samsungilla oli tarjolla kolme 8k-mallia.<\/p>\n<p>Sis\u00e4ll\u00f6n puute on ollut 8K:n olennainen kompastuskivi. LG:n CES 2026 -osastolla painopiste oli uusissa n\u00e4ytt\u00f6tyypeiss\u00e4, kuten 5k2k-tarkkuuden Ultragear-pelin\u00e4yt\u00f6ss\u00e4 ja woled-televisioissa.<\/p>\n<p>My\u00f6s pelikonsolivalmistajat ovat per\u00e4\u00e4ntyneet. Sony markkinoi PlayStation 5 -konsoliaan viel\u00e4 vuonna 2020 n\u00e4kyv\u00e4ll\u00e4 8k-merkinn\u00e4ll\u00e4, mutta vain harvat pelit tukivat tarkkuutta. Osa peleist\u00e4\u00a0hy\u00f6dynt\u00e4\u00e4 lis\u00e4pikseleit\u00e4 PlayStation 5 Pro -mallissa yl\u00f6sskaalauksen avulla. Vuonna 2024 Sony poisti 8k-maininnan konsolin pakkauksista.<\/p>\n<p>Teknologiamarkkinoita tutkivan Omdian analyytikko <strong>Paul Gray<\/strong>, arvioi jo vuonna 2024 <a href=\"https:\/\/www.flatpanelshd.com\/news.php?subaction=showfull&amp;id=1726486660\" rel=\"nofollow noopener\" target=\"_blank\">FlatpanelsHD:lle<\/a>, ett\u00e4 vuodesta 2015 l\u00e4htien maailmassa oli myyty yhteens\u00e4 vain noin 1,6 miljoonaa 8k-televisiota. Samana aikana 4k-televisiot ovat vallanneet markkinat. S&amp;S Insiderin viime lokakuussa julkistaman <a href=\"https:\/\/www.snsinsider.com\/reports\/4k-tv-market-8543\" rel=\"nofollow noopener\" target=\"_blank\">raportin <\/a>mukaan UHD-markkinoiden arvo on 305,58 miljardia dollaria, ja 70 prosenttia ostajista Pohjois-Amerikassa ja L\u00e4nsi-Euroopassa suosii 4k-malleja.<\/p>\n<p>My\u00f6s TCL ja Sony ovat luopuneet 8k-televisioista. TCL ilmaisi asian <a href=\"https:\/\/www.flatpanelshd.com\/news.php?subaction=showfull&amp;id=1672937087\" rel=\"nofollow noopener\" target=\"_blank\">FlatpanelsHD:lle<\/a> suorasukaisesti jo vuonna 2023 todetessaan, ett\u00e4 \u201dmarkkinoita tarkasteltaessa ne eiv\u00e4t vastanneet ihmisten odotuksia\u201d. Tammikuussa 2026 <a href=\"https:\/\/www.sony.co.jp\/en\/news-release\/202601\/26-0120E\" rel=\"nofollow noopener\" target=\"_blank\">Sony ilmoitti<\/a> TCL:n hankkivan 51 prosentin osuuden sen televisioliiketoiminnasta, ja ensi vuonna TCL alkaa valmistaa Sonyn Bravia oled- ja qled-malleja.<\/p>\n<p>Kuluttajilla oli mahdollisuus valita 8k, mutta kiinnostus j\u00e4i olemattomaksi. Hdmi 2.2 -standardi silotti tiet\u00e4 suurentamalla kaistanleveytt\u00e4 ja mahdollistamalla jopa 240 hertsin virkistystaajuuden 8k-tarkkuudella, mutta se ei muuttanut markkinatilannetta.<\/p>\n<p>N\u00e4ytt\u00f6valmistajien katse on nyt uusissa n\u00e4ytt\u00f6paneelitekniikoissa kuten Tandem oledissa, woledissa sek\u00e4 entist\u00e4 pienemmiss\u00e4 micro rgb -n\u00e4yt\u00f6iss\u00e4, jotka lupaavat parempaa v\u00e4rintoistoa ja paikallista himmennyst\u00e4. Tarkkuuskilpa n\u00e4ytt\u00e4\u00e4 pys\u00e4htyneen, mutta kehitys ei.<\/p>\n","protected":false},"excerpt":{"rendered":"Vuodesta 2015 markkinoilla olleiden 8k-televisioiden piti olla seuraava suuri harppaus kuluttajan\u00e4ytt\u00f6jen kehityksess\u00e4, mutta lupaus n\u00e4ytt\u00e4\u00e4 j\u00e4\u00e4neen lunastamatta, Gizmodo&hellip;\n","protected":false},"author":2,"featured_media":163406,"comment_status":"","ping_status":"","sticky":false,"template":"","format":"standard","meta":{"footnotes":"","_share_on_mastodon":"0"},"categories":[76],"tags":[20771,79,77,33,31,30,32,78,206],"class_list":["post-163405","post","type-post","status-publish","format-standard","has-post-thumbnail","category-talous","tag-8k","tag-business","tag-economy","tag-fi","tag-finland","tag-finnish","tag-suomi","tag-talous","tag-televisiot"],"share_on_mastodon":{"url":"https:\/\/pubeurope.com\/@fi\/116028459159586152","error":""},"_links":{"self":[{"href":"https:\/\/www.europesays.com\/fi\/wp-json\/wp\/v2\/posts\/163405","targetHints":{"allow":["GET"]}}],"collection":[{"href":"https:\/\/www.europesays.com\/fi\/wp-json\/wp\/v2\/posts"}],"about":[{"href":"https:\/\/www.europesays.com\/fi\/wp-json\/wp\/v2\/types\/post"}],"author":[{"embeddable":true,"href":"https:\/\/www.europesays.com\/fi\/wp-json\/wp\/v2\/users\/2"}],"replies":[{"embeddable":true,"href":"https:\/\/www.europesays.com\/fi\/wp-json\/wp\/v2\/comments?post=163405"}],"version-history":[{"count":0,"href":"https:\/\/www.europesays.com\/fi\/wp-json\/wp\/v2\/posts\/163405\/revisions"}],"wp:featuredmedia":[{"embeddable":true,"href":"https:\/\/www.europesays.com\/fi\/wp-json\/wp\/v2\/media\/163406"}],"wp:attachment":[{"href":"https:\/\/www.europesays.com\/fi\/wp-json\/wp\/v2\/media?parent=163405"}],"wp:term":[{"taxonomy":"category","embeddable":true,"href":"https:\/\/www.europesays.com\/fi\/wp-json\/wp\/v2\/categories?post=163405"},{"taxonomy":"post_tag","embeddable":true,"href":"https:\/\/www.europesays.com\/fi\/wp-json\/wp\/v2\/tags?post=163405"}],"curies":[{"name":"wp","href":"https:\/\/api.w.org\/{rel}","templated":true}]}}