{"id":16344,"date":"2025-08-26T01:08:09","date_gmt":"2025-08-26T01:08:09","guid":{"rendered":"https:\/\/www.europesays.com\/fi\/16344\/"},"modified":"2025-08-26T01:08:09","modified_gmt":"2025-08-26T01:08:09","slug":"hs-tutkijalta-suorat-sanat-suomen-kayttamasta-hakaristista-huterat-perusteet","status":"publish","type":"post","link":"https:\/\/www.europesays.com\/fi\/16344\/","title":{"rendered":"HS: Tutkijalta suorat sanat Suomen k\u00e4ytt\u00e4m\u00e4st\u00e4 hakaristist\u00e4: \u201dHuterat perusteet\u201d"},"content":{"rendered":"<p>Maailmanpolitiikan professorin mielest\u00e4 hakaristin k\u00e4yt\u00f6ss\u00e4 Suomessa pit\u00e4isi keskustella vakavasti, kertoo Helsingin Sanomat.<\/p>\n<p><img decoding=\"async\" class=\"image image-show image-preview\" src=\"https:\/\/www.europesays.com\/fi\/wp-content\/uploads\/2025\/08\/1836b439f987b891449d50d3de7c5c7b2a655cbabf3a0f4cecd5b8b53397528c.jpg\" alt=\"\"\/><img decoding=\"async\" class=\"image image-show\" src=\"https:\/\/www.europesays.com\/fi\/wp-content\/uploads\/2025\/08\/1756170489_919_1836b439f987b891449d50d3de7c5c7b2a655cbabf3a0f4cecd5b8b53397528c.jpg\" alt=\"\"\/><\/p>\n<p>Suomessa hakaristi on olult k\u00e4yt\u00f6ss\u00e4 esimerkiksi Ilmavoimissa. hannu mononen \/ AOP<\/p>\n<p class=\"paragraph\">Suomi ei ole luopunut hakaristitunnuksen k\u00e4yt\u00f6st\u00e4. Se esiintyy monissa arvokkaissa yhteyksiss\u00e4, kuten presidentin lipussa ja kunniamerkeiss\u00e4. Maailmanpolitiikan professori <a href=\"https:\/\/www.iltalehti.fi\/henkilot\/Teivo Teivainen\" class=\"article-link-person-page\" rel=\"nofollow noopener\" target=\"_blank\">Teivo Teivainen<\/a> v\u00e4itt\u00e4\u00e4, ett\u00e4 hakaristin k\u00e4ytt\u00f6 Suomessa on haitaksi integroitumiselle l\u00e4nsimaihin.<\/p>\n<p class=\"paragraph\">Teivainen luettelee uudessa kirjassaan Hakaristin historia (SKS Kirjat) tilanteita, joissa Suomen hakaristin k\u00e4ytt\u00f6 on her\u00e4tt\u00e4nyt n\u00e4r\u00e4\u00e4 kansainv\u00e4lisesti.<\/p>\n<p class=\"paragraph\">Teivaisen kirjasta uutisoi <a href=\"https:\/\/www.hs.fi\/taide\/art-2000011423680.html\" target=\"_blank\" rel=\"noopener nofollow\">Helsingin Sanomat.<\/a><\/p>\n<p class=\"paragraph\">Esimerkiksi saksalaislent\u00e4j\u00e4t eiv\u00e4t voineet osallistua Puolustusvoimien juhlaseremoniaan sotaharjoitusten ohessa Rovaniemell\u00e4, koska Ilmavoimien lipussa oli hakaristi. Ilmavoimien esikunta on <a href=\"https:\/\/www.iltalehti.fi\/kotimaa\/89d27c3d-1037-4218-901e-16af0cde7823\" rel=\"nofollow noopener\" target=\"_blank\">sittemmin luopunut<\/a> tunnuksen k\u00e4yt\u00f6st\u00e4 kaikessa hiljaisuudessa muutama vuosi sitten. Tunnus n\u00e4htiin kuitenkin viel\u00e4 vuonna 2022 Puolustusvoimain <a href=\"https:\/\/www.iltalehti.fi\/kotimaa\/902a2b03-4f34-4d43-b17c-8b79767a59fb\" rel=\"nofollow noopener\" target=\"_blank\">lippujuhlan paraatissa.<\/a><\/p>\n<p>Maailmanpolitiikan professori Teivo Teivainen ei puolla hakaristin k\u00e4ytt\u00f6\u00e4 Suomessa. Henri K\u00e4rkk\u00e4inen<\/p>\n<p class=\"paragraph\">Puolustusministeri <a href=\"https:\/\/www.iltalehti.fi\/henkilot\/Antti Kaikkonen\" class=\"article-link-person-page\" rel=\"nofollow noopener\" target=\"_blank\">Antti Kaikkonen<\/a> (kesk) sanoi tuolloin, ett\u00e4 tunnus ei ole sama kuin natsien hakaristi, vaikka valitettavasti merkit voivat sekoittua kesken\u00e4\u00e4n.<\/p>\n<p class=\"paragraph\">Teivainen on ainakin osin eri mielt\u00e4. Natsi-Saksassa k\u00e4ytettiin tunnuksena my\u00f6s vaakasuuntaan makaavaa hakaristi\u00e4.<\/p>\n<p class=\"paragraph\">\u2013 Suomessa oletetaan, ett\u00e4 meill\u00e4 on jonkinlainen erillishakaristi. Perusteet oletukselle ovat kuitenkin huterat, h\u00e4n sanoo Helsingin Sanomille.<\/p>\n<p class=\"paragraph\">Teivainen arvelee HS:lle, ett\u00e4 Ven\u00e4j\u00e4 pystyisi k\u00e4ytt\u00e4m\u00e4\u00e4n hakaristi\u00e4 Suomea vastaan, jos konflikti syttyisi.<\/p>\n<p class=\"paragraph\">Teivainen ei halua kielt\u00e4\u00e4 ristin k\u00e4ytt\u00f6\u00e4 kokonaan, sill\u00e4 se tukahduttaisi ilmaisunvapautta liikaa mutta haluaa her\u00e4tt\u00e4\u00e4 aiheesta keskustelua, sill\u00e4 k\u00e4ytt\u00f6\u00e4 olisi syyt\u00e4 pohtia.<\/p>\n","protected":false},"excerpt":{"rendered":"Maailmanpolitiikan professorin mielest\u00e4 hakaristin k\u00e4yt\u00f6ss\u00e4 Suomessa pit\u00e4isi keskustella vakavasti, kertoo Helsingin Sanomat. Suomessa hakaristi on olult k\u00e4yt\u00f6ss\u00e4 esimerkiksi&hellip;\n","protected":false},"author":2,"featured_media":16345,"comment_status":"","ping_status":"","sticky":false,"template":"","format":"standard","meta":{"footnotes":""},"categories":[12],"tags":[35,802,22,23,26,27,33,31,30,17,24,25,28,29,15,18,21,637,2535,888,887,32,19,20,16],"class_list":{"0":"post-16344","1":"post","2":"type-post","3":"status-publish","4":"format-standard","5":"has-post-thumbnail","7":"category-suomi","8":"tag-24h","9":"tag-armeijat-ja-aseelliset-joukot","10":"tag-breaking-news","11":"tag-breakingnews","12":"tag-featured-news","13":"tag-featurednews","14":"tag-fi","15":"tag-finland","16":"tag-finnish","17":"tag-headlines","18":"tag-latest-news","19":"tag-latestnews","20":"tag-main-news","21":"tag-mainnews","22":"tag-news","23":"tag-otsikot","24":"tag-paauutiset","25":"tag-politiikka","26":"tag-puolustuspolitiikka","27":"tag-suomalaiset-poliitikot","28":"tag-suomen-politiikka","29":"tag-suomi","30":"tag-top-stories","31":"tag-topstories","32":"tag-uutiset"},"share_on_mastodon":{"url":"","error":""},"_links":{"self":[{"href":"https:\/\/www.europesays.com\/fi\/wp-json\/wp\/v2\/posts\/16344","targetHints":{"allow":["GET"]}}],"collection":[{"href":"https:\/\/www.europesays.com\/fi\/wp-json\/wp\/v2\/posts"}],"about":[{"href":"https:\/\/www.europesays.com\/fi\/wp-json\/wp\/v2\/types\/post"}],"author":[{"embeddable":true,"href":"https:\/\/www.europesays.com\/fi\/wp-json\/wp\/v2\/users\/2"}],"replies":[{"embeddable":true,"href":"https:\/\/www.europesays.com\/fi\/wp-json\/wp\/v2\/comments?post=16344"}],"version-history":[{"count":0,"href":"https:\/\/www.europesays.com\/fi\/wp-json\/wp\/v2\/posts\/16344\/revisions"}],"wp:featuredmedia":[{"embeddable":true,"href":"https:\/\/www.europesays.com\/fi\/wp-json\/wp\/v2\/media\/16345"}],"wp:attachment":[{"href":"https:\/\/www.europesays.com\/fi\/wp-json\/wp\/v2\/media?parent=16344"}],"wp:term":[{"taxonomy":"category","embeddable":true,"href":"https:\/\/www.europesays.com\/fi\/wp-json\/wp\/v2\/categories?post=16344"},{"taxonomy":"post_tag","embeddable":true,"href":"https:\/\/www.europesays.com\/fi\/wp-json\/wp\/v2\/tags?post=16344"}],"curies":[{"name":"wp","href":"https:\/\/api.w.org\/{rel}","templated":true}]}}