{"id":163643,"date":"2026-02-07T14:46:11","date_gmt":"2026-02-07T14:46:11","guid":{"rendered":"https:\/\/www.europesays.com\/fi\/163643\/"},"modified":"2026-02-07T14:46:11","modified_gmt":"2026-02-07T14:46:11","slug":"rovaniemi-luopui-kruunustaan-oulun-yrittajat-vuoden-2025-parhaaksi-paikallisyhdistykseksi","status":"publish","type":"post","link":"https:\/\/www.europesays.com\/fi\/163643\/","title":{"rendered":"Rovaniemi luopui kruunustaan \u2013 Oulun Yritt\u00e4j\u00e4t vuoden 2025 parhaaksi paikallisyhdistykseksi"},"content":{"rendered":"<p>Rovaniemen yritt\u00e4j\u00e4t luopui kruunustaan ja perij\u00e4ksi valittiin Oulun Yritt\u00e4j\u00e4t ry. Onnittelemme l\u00e4mpim\u00e4sti kaikkia palkittuja yhdistyksi\u00e4 ja toimijoita.<\/p>\n<p>Suomen Yritt\u00e4j\u00e4t palkitsi vuoden 2025 parhaat paikallisyhdistykset ja toimialaj\u00e4rjest\u00f6n perjantaina Helsingiss\u00e4 j\u00e4rjestetyss\u00e4 Vaikuttajafoorumissa. Palkinnot jaettiin yhdistysten koon mukaan seuraavasti:<\/p>\n<ul class=\"wp-block-list\">\n<li><strong>Alle 100 j\u00e4sent\u00e4:<\/strong> Tohmaj\u00e4rven Yritt\u00e4j\u00e4t<\/li>\n<li><strong>100\u2013200 j\u00e4sent\u00e4:<\/strong> Haapaj\u00e4rven Yritt\u00e4j\u00e4t<\/li>\n<li><strong>201\u2013499 j\u00e4sent\u00e4:<\/strong> Heinolan Yritt\u00e4j\u00e4t<\/li>\n<li><strong>Yli 500 j\u00e4sent\u00e4:<\/strong> Oulun Yritt\u00e4j\u00e4t<\/li>\n<\/ul>\n<p>Vuoden toimialaj\u00e4rjest\u00f6n\u00e4 palkittiin <strong>N\u00e4keminen ja silm\u00e4terveys N\u00c4E ry<\/strong>.<\/p>\n<p>Erityiset onnittelut manttelinperij\u00e4llemme <strong>Oulun Yritt\u00e4j\u00e4t ry:lle<\/strong> sek\u00e4 Vuoden toimialaj\u00e4rjest\u00f6lle. Olemme ylpeit\u00e4 siit\u00e4, ett\u00e4 N\u00c4E ry:n hallituksessa vaikuttaa my\u00f6s j\u00e4senyrityksemme yritt\u00e4j\u00e4 <strong>Pasi Hiukka<\/strong>.<\/p>\n<p>Uskalletaanko kasvaa? \u2013 Vaikuttajafoorumi nosti esiin kasvun ja muutoksen teemat<\/p>\n<p>Vaikuttajafoorumissa keskusteltiin yritt\u00e4jyyden tulevaisuudesta, kasvun edellytyksist\u00e4 sek\u00e4 muuttuvasta toimintaymp\u00e4rist\u00f6st\u00e4.<\/p>\n<p><img loading=\"lazy\" decoding=\"async\" width=\"1024\" height=\"267\" src=\"https:\/\/www.europesays.com\/fi\/wp-content\/uploads\/2026\/02\/Paneelikeskustelu-vihdoinkin-kasvua-18-vuoden-jalkeen-mutta-miten-1024x267.webp.webp\" alt=\"\" class=\"wp-image-831904\"  \/><\/p>\n<p>Paneelikeskusteluun osallistuivat <strong>Finnveran toimitusjohtaja Juuso Heinel\u00e4<\/strong>, <strong>ty\u00f6el\u00e4keyhti\u00f6 Elon toimitusjohtaja Carl Pettersson<\/strong>, <strong>Jaakko Kilpel\u00e4inen (CEO, Valtimo Components Oyj)<\/strong> sek\u00e4 <strong>Else Thinkingin perustaja ja toimitusjohtaja Tiina Kossila<\/strong>. Keskustelun veti <strong>Harri Jaskari<\/strong>.<\/p>\n<p>Paneelikeskustelussa nousivat esiin useat yritystoiminnan kannalta keskeiset teemat. Paneelissa <strong>Finnvera<\/strong> korosti haluaan jatkaa hyv\u00e4\u00e4 ja arvokasta dialogia yritt\u00e4jien kanssa my\u00f6s maakunnissa. Olennaisena pidettiin sit\u00e4, ett\u00e4 yritysten kasvu mahdollistetaan kaikissa kokoluokissa ja kaikilla toimialoilla. Edellytykset kasvulle ovat olemassa, mutta toimintaymp\u00e4rist\u00f6\u00e4 on kehitett\u00e4v\u00e4, jotta kasvu toteutuu k\u00e4yt\u00e4nn\u00f6ss\u00e4.<\/p>\n<p><strong>Elo<\/strong> nosti esiin luopumisen ja hyv\u00e4ksymisen teemat. Trendien ymm\u00e4rt\u00e4minen ja niihin uskominen n\u00e4htiin merkityksellisen\u00e4 tulevaisuutta rakennettaessa. Keskustelussa painotettiin tarvetta suunnata ajattelua avoimemmin sek\u00e4 pohtia konkreettisesti, mit\u00e4 halutaan s\u00e4ilytt\u00e4\u00e4 ja mist\u00e4 ollaan valmiita luopumaan my\u00f6s tulevaisuuden toimenpiteit\u00e4 ajatellen.<\/p>\n<p>Kasvua tarkasteltiin my\u00f6s yritt\u00e4j\u00e4n n\u00e4k\u00f6kulmasta. <strong>Fennia<\/strong> toi esiin kysymyksen siit\u00e4, kannustetaanko nykyisess\u00e4 toimintaymp\u00e4rist\u00f6ss\u00e4 kasvua vai rajoitetaanko sit\u00e4. Keskustelussa todettiin, ett\u00e4 yrityksiss\u00e4 ei aina uskalleta ajatella riitt\u00e4v\u00e4n isosti, vaikka monet kasvun rajoitteet ovat viime vuosina pienentyneet. Yritt\u00e4ji\u00e4 tulisi rohkaista pohtimaan avoimemmin, mist\u00e4 oma kasvu voi synty\u00e4.<\/p>\n<p><strong>Else Thinking<\/strong> nosti esiin, ett\u00e4 yleinen ilmapiiri koetaan usein haastavaksi ja paikoin kriittiseksi tai negatiiviseksi. Katse tulisi siirt\u00e4\u00e4 pois pelk\u00e4st\u00e4 paikallisesta kilpailusta ja pohtia, miten toimintatapoja voidaan muuttaa kohti yhteist\u00e4 tekemist\u00e4. Kasvua on haettava my\u00f6s globaalisti, mik\u00e4 edellytt\u00e4\u00e4 entist\u00e4 vahvempaa ekosysteemist\u00e4 ajattelua ja yhteisty\u00f6n hy\u00f6dynt\u00e4mist\u00e4.<\/p>\n<p>Kuvat: Finnvera, Ty\u00f6el\u00e4keyhti\u00f6 Elo, Arkistokuva Heikki Rissanen, Else Thinking, Suomen Yritt\u00e4j\u00e4t ry, Kansikuva Atte Kajova <\/p>\n","protected":false},"excerpt":{"rendered":"Rovaniemen yritt\u00e4j\u00e4t luopui kruunustaan ja perij\u00e4ksi valittiin Oulun Yritt\u00e4j\u00e4t ry. Onnittelemme l\u00e4mpim\u00e4sti kaikkia palkittuja yhdistyksi\u00e4 ja toimijoita. Suomen&hellip;\n","protected":false},"author":2,"featured_media":163644,"comment_status":"","ping_status":"","sticky":false,"template":"","format":"standard","meta":{"footnotes":"","_share_on_mastodon":"0"},"categories":[76],"tags":[79,77,33,31,30,2544,32,78,1667],"class_list":["post-163643","post","type-post","status-publish","format-standard","has-post-thumbnail","category-talous","tag-business","tag-economy","tag-fi","tag-finland","tag-finnish","tag-kasvu","tag-suomi","tag-talous","tag-tapahtumat"],"share_on_mastodon":{"url":"https:\/\/pubeurope.com\/@fi\/116029894579780078","error":""},"_links":{"self":[{"href":"https:\/\/www.europesays.com\/fi\/wp-json\/wp\/v2\/posts\/163643","targetHints":{"allow":["GET"]}}],"collection":[{"href":"https:\/\/www.europesays.com\/fi\/wp-json\/wp\/v2\/posts"}],"about":[{"href":"https:\/\/www.europesays.com\/fi\/wp-json\/wp\/v2\/types\/post"}],"author":[{"embeddable":true,"href":"https:\/\/www.europesays.com\/fi\/wp-json\/wp\/v2\/users\/2"}],"replies":[{"embeddable":true,"href":"https:\/\/www.europesays.com\/fi\/wp-json\/wp\/v2\/comments?post=163643"}],"version-history":[{"count":0,"href":"https:\/\/www.europesays.com\/fi\/wp-json\/wp\/v2\/posts\/163643\/revisions"}],"wp:featuredmedia":[{"embeddable":true,"href":"https:\/\/www.europesays.com\/fi\/wp-json\/wp\/v2\/media\/163644"}],"wp:attachment":[{"href":"https:\/\/www.europesays.com\/fi\/wp-json\/wp\/v2\/media?parent=163643"}],"wp:term":[{"taxonomy":"category","embeddable":true,"href":"https:\/\/www.europesays.com\/fi\/wp-json\/wp\/v2\/categories?post=163643"},{"taxonomy":"post_tag","embeddable":true,"href":"https:\/\/www.europesays.com\/fi\/wp-json\/wp\/v2\/tags?post=163643"}],"curies":[{"name":"wp","href":"https:\/\/api.w.org\/{rel}","templated":true}]}}