{"id":16389,"date":"2025-08-26T02:46:08","date_gmt":"2025-08-26T02:46:08","guid":{"rendered":"https:\/\/www.europesays.com\/fi\/16389\/"},"modified":"2025-08-26T02:46:08","modified_gmt":"2025-08-26T02:46:08","slug":"newcastlen-tasoitus-saikaytti-liverpoolin-voittomaalin-iski-liverpoolin-16-vuotias-rio-ngumoha-urheilu","status":"publish","type":"post","link":"https:\/\/www.europesays.com\/fi\/16389\/","title":{"rendered":"Newcastlen tasoitus s\u00e4ik\u00e4ytti Liverpoolin \u2013 voittomaalin iski Liverpoolin 16-vuotias Rio Ngumoha | Urheilu"},"content":{"rendered":"<p>Englannin Valioliigassa Newcastle p\u00e4\u00e4si yll\u00e4tt\u00e4m\u00e4\u00e4n hallitsevan mestarin Liverpoolin, kun kotijoukkue iski 2\u20132-tasoitusmaalin vain pari minuuttia ennen varsinaisen peliajan p\u00e4\u00e4ttymist\u00e4.<\/p>\n<p>My\u00f6h\u00e4\u00e4n maanantaina pelatun ottelun voitti kuitenkin lopulta Liverpool. Vasta 16-vuotias Rio Ngumoha iski 3\u20132-voittomaalin, kun lis\u00e4aikaa oli kulunut kymmenen minuuttia. Liverpoolin aiemmat maalit laukoivat Ryan Gravenberch ja Hugo Ekitike.<\/p>\n<p>Kymmenhenkisen\u00e4 pelannut Newcastle kavensi Bruno Guimaraesin osumalla 57. minuutilla, ja 2\u20132-tasoituksen takana oli William Osula. Anthony Gordon sai ensimm\u00e4isen puoliajan p\u00e4\u00e4tteeksi punaisen kortin Liverpoolin kapteenin Virgil van Dijkin taklauksesta.<\/p>\n<p>Liverpoolin Ngumoha p\u00e4\u00e4si maalintekoon heti Valioliiga-debyytiss\u00e4\u00e4n.<\/p>\n<p>\u2013\u2009T\u00e4m\u00e4 oli h\u00e4nelle unelma-aloitus, kapteeni van Dijk kommentoi Sky Sportsille <a href=\"https:\/\/www.bbc.com\/sport\/football\/live\/c776m8l58j8t?post=asset%3Adf5e3f05-6d98-44c8-abab-5d3f93d6e4c9#post\" rel=\"nofollow noopener\" target=\"_blank\">BBC:n<\/a> mukaan.<\/p>\n<p>\u2013\u2009Olen todella iloinen Rion puolesta. Sanoin jo h\u00e4nelle, ett\u00e4 t\u00e4st\u00e4 se kaikki alkaa. H\u00e4nen t\u00e4ytyy jaksaa tehd\u00e4 lujasti t\u00f6it\u00e4 ja pysy\u00e4 n\u00f6yr\u00e4n\u00e4, mutta samalla h\u00e4nen on voitava nauttia t\u00e4st\u00e4, sill\u00e4 t\u00e4llaiset illat eiv\u00e4t ole h\u00e4nen asemassaan itsest\u00e4\u00e4nselvyyksi\u00e4, van Dijk jatkoi.<\/p>\n<p>&#8212;&#8211;<\/p>\n<p>L\u00e4hteen\u00e4 my\u00f6s uutistoimisto AFP<\/p>\n","protected":false},"excerpt":{"rendered":"Englannin Valioliigassa Newcastle p\u00e4\u00e4si yll\u00e4tt\u00e4m\u00e4\u00e4n hallitsevan mestarin Liverpoolin, kun kotijoukkue iski 2\u20132-tasoitusmaalin vain pari minuuttia ennen varsinaisen peliajan&hellip;\n","protected":false},"author":2,"featured_media":16390,"comment_status":"","ping_status":"","sticky":false,"template":"","format":"standard","meta":{"footnotes":""},"categories":[158],"tags":[2326,531,33,31,30,43,42,41,2290,1616,159,32,160],"class_list":{"0":"post-16389","1":"post","2":"type-post","3":"status-publish","4":"format-standard","5":"has-post-thumbnail","7":"category-urheilu","8":"tag-bbc","9":"tag-englannin-valioliiga","10":"tag-fi","11":"tag-finland","12":"tag-finnish","13":"tag-jalkapallo","14":"tag-jalkapalloon-perustuvat-lajit","15":"tag-liikunta-ja-urheilu","16":"tag-liverpool","17":"tag-media-viestinta","18":"tag-sports","19":"tag-suomi","20":"tag-urheilu"},"share_on_mastodon":{"url":"","error":""},"_links":{"self":[{"href":"https:\/\/www.europesays.com\/fi\/wp-json\/wp\/v2\/posts\/16389","targetHints":{"allow":["GET"]}}],"collection":[{"href":"https:\/\/www.europesays.com\/fi\/wp-json\/wp\/v2\/posts"}],"about":[{"href":"https:\/\/www.europesays.com\/fi\/wp-json\/wp\/v2\/types\/post"}],"author":[{"embeddable":true,"href":"https:\/\/www.europesays.com\/fi\/wp-json\/wp\/v2\/users\/2"}],"replies":[{"embeddable":true,"href":"https:\/\/www.europesays.com\/fi\/wp-json\/wp\/v2\/comments?post=16389"}],"version-history":[{"count":0,"href":"https:\/\/www.europesays.com\/fi\/wp-json\/wp\/v2\/posts\/16389\/revisions"}],"wp:featuredmedia":[{"embeddable":true,"href":"https:\/\/www.europesays.com\/fi\/wp-json\/wp\/v2\/media\/16390"}],"wp:attachment":[{"href":"https:\/\/www.europesays.com\/fi\/wp-json\/wp\/v2\/media?parent=16389"}],"wp:term":[{"taxonomy":"category","embeddable":true,"href":"https:\/\/www.europesays.com\/fi\/wp-json\/wp\/v2\/categories?post=16389"},{"taxonomy":"post_tag","embeddable":true,"href":"https:\/\/www.europesays.com\/fi\/wp-json\/wp\/v2\/tags?post=16389"}],"curies":[{"name":"wp","href":"https:\/\/api.w.org\/{rel}","templated":true}]}}