{"id":164076,"date":"2026-02-08T03:20:18","date_gmt":"2026-02-08T03:20:18","guid":{"rendered":"https:\/\/www.europesays.com\/fi\/164076\/"},"modified":"2026-02-08T03:20:18","modified_gmt":"2026-02-08T03:20:18","slug":"latelan-lauri-huttunen-ilmestyi-karajille-tuomarilta-heti-yllattava-veto","status":"publish","type":"post","link":"https:\/\/www.europesays.com\/fi\/164076\/","title":{"rendered":"Latelan Lauri Huttunen ilmestyi k\u00e4r\u00e4jille &#8211; tuomarilta heti yll\u00e4tt\u00e4v\u00e4 veto"},"content":{"rendered":"<p>Latela-sarjasta tuttu Lauri Huttunen on t\u00e4n\u00e4\u00e4n vastaamassa Pirkanmaan k\u00e4r\u00e4j\u00e4oikeudessa h\u00e4neen kohdistuneisiin syytteisiin.<\/p>\n<p>Huttusta syytet\u00e4\u00e4n laittomasta uhkauksesta, yksityisel\u00e4m\u00e4\u00e4 loukkaavasta tiedon levitt\u00e4misest\u00e4 ja kunnianloukkauksesta.<\/p>\n<p>Lue my\u00f6s: <a href=\"https:\/\/www.como.fi\/uutiset\/latelan-lauri-huttunen-on-kultainen-mies-taman-rakensi-sarkku-vaimolleen\/\" title=\"Latelan Lauri Huttunen on kultainen mies \u2013 t\u00e4m\u00e4n rakensi Sarkku-vaimolleen\" class=\"underline-custom !font-montserrat !font-bold !underline-offset-4 !decoration-4 !decoration-red-600 !text-md\" rel=\"nofollow noopener\" target=\"_blank\">Latelan Lauri Huttunen on kultainen mies \u2013 t\u00e4m\u00e4n rakensi Sarkku-vaimolleen<\/a><\/p>\n<p>Ep\u00e4illyt teot ovat tapahtuneet kes\u00e4ll\u00e4 2024 ja tammikuussa 2025.\u00a0<\/p>\n<p>Huttunen saapui paikalle oikeustalolle vasta paria minuuttia vaille oikeudenk\u00e4ynnin alkamista, eik\u00e4 h\u00e4n halunnut vastata paikalle saapuneen runsaslukuisen toimittajajoukon kysymyksiin mill\u00e4\u00e4n lailla.<\/p>\n<p>Oikeudenk\u00e4ynniss\u00e4 n\u00e4htiin heti yll\u00e4tys ja Laurin kuitti runsaalle mediav\u00e4elle.<\/p>\n<p>Kun saliin kutsuttiin, Huttunen totesi, ett\u00e4 media voi menn\u00e4 ensin. Lopulta h\u00e4n kuitenkin asteli itse ennen mediaa saliin.<\/p>\n<p>Lue my\u00f6s: <a href=\"https:\/\/www.como.fi\/uutiset\/is-kanniset-naiset-soittivat-latelan-laurille-late-lahti-heti-pukkeilemaan\/\" title=\"IS: K\u00e4nniset naiset soittivat Latelan Laurille \u2013 Late l\u00e4hti heti pukkeilemaan\" class=\"underline-custom !font-montserrat !font-bold !underline-offset-4 !decoration-4 !decoration-red-600 !text-md\" rel=\"nofollow noopener\" target=\"_blank\">IS: K\u00e4nniset naiset soittivat Latelan Laurille \u2013 Late l\u00e4hti heti pukkeilemaan<\/a><\/p>\n<p>Heti alussa Huttusen edustus pyysi salaista oikeudenk\u00e4ynti\u00e4, koska juttuun liittyy lapsi. Kukaan ei vastustanut asiaa.<\/p>\n<p>Koska asiassa olisi vaikea erotella julkista ja salaista materiaalia oikeudenk\u00e4ynnin aikana, tuomari teki p\u00e4\u00e4t\u00f6ksen, ett\u00e4 koko juttu istutaan yleis\u00f6n l\u00e4sn\u00e4 olematta. <\/p>\n<p>Oikeus istuu siis suljetuin ovin ja p\u00e4\u00e4t\u00f6ksest\u00e4 saadaan tiet\u00e4\u00e4 my\u00f6hemmin. P\u00e4\u00e4t\u00f6s eli mahdollinen syyksi lukeminen on julkinen.<\/p>\n<p>Lue my\u00f6s: <a href=\"https:\/\/www.como.fi\/tilaa-comon-uutiskirje\/\" title=\"Tilaa Comon uutiskirje ja tied\u00e4t mist\u00e4 kahvitauolla puhutaan! Nappaa kotimaan tv-vinkit ja puheenaiheet suoraan s\u00e4hk\u00f6postiin t\u00e4st\u00e4.\" class=\"underline-custom !font-montserrat !font-bold !underline-offset-4 !decoration-4 !decoration-red-600 !text-md\" target=\"_blank\" rel=\"noopener noreferrer nofollow\">Tilaa Comon uutiskirje ja tied\u00e4t mist\u00e4 kahvitauolla puhutaan! Nappaa kotimaan tv-vinkit ja puheenaiheet suoraan s\u00e4hk\u00f6postiin t\u00e4st\u00e4.<\/a><\/p>\n","protected":false},"excerpt":{"rendered":"Latela-sarjasta tuttu Lauri Huttunen on t\u00e4n\u00e4\u00e4n vastaamassa Pirkanmaan k\u00e4r\u00e4j\u00e4oikeudessa h\u00e4neen kohdistuneisiin syytteisiin. Huttusta syytet\u00e4\u00e4n laittomasta uhkauksesta, yksityisel\u00e4m\u00e4\u00e4 loukkaavasta&hellip;\n","protected":false},"author":2,"featured_media":164077,"comment_status":"","ping_status":"","sticky":false,"template":"","format":"standard","meta":{"footnotes":"","_share_on_mastodon":"0"},"categories":[136],"tags":[407,137,33,31,30,408,5147,32,109],"class_list":["post-164076","post","type-post","status-publish","format-standard","has-post-thumbnail","category-julkkikset","tag-celebrities","tag-entertainment","tag-fi","tag-finland","tag-finnish","tag-julkkikset","tag-latela","tag-suomi","tag-viihde"],"share_on_mastodon":{"url":"https:\/\/pubeurope.com\/@fi\/116032859300493473","error":""},"_links":{"self":[{"href":"https:\/\/www.europesays.com\/fi\/wp-json\/wp\/v2\/posts\/164076","targetHints":{"allow":["GET"]}}],"collection":[{"href":"https:\/\/www.europesays.com\/fi\/wp-json\/wp\/v2\/posts"}],"about":[{"href":"https:\/\/www.europesays.com\/fi\/wp-json\/wp\/v2\/types\/post"}],"author":[{"embeddable":true,"href":"https:\/\/www.europesays.com\/fi\/wp-json\/wp\/v2\/users\/2"}],"replies":[{"embeddable":true,"href":"https:\/\/www.europesays.com\/fi\/wp-json\/wp\/v2\/comments?post=164076"}],"version-history":[{"count":0,"href":"https:\/\/www.europesays.com\/fi\/wp-json\/wp\/v2\/posts\/164076\/revisions"}],"wp:featuredmedia":[{"embeddable":true,"href":"https:\/\/www.europesays.com\/fi\/wp-json\/wp\/v2\/media\/164077"}],"wp:attachment":[{"href":"https:\/\/www.europesays.com\/fi\/wp-json\/wp\/v2\/media?parent=164076"}],"wp:term":[{"taxonomy":"category","embeddable":true,"href":"https:\/\/www.europesays.com\/fi\/wp-json\/wp\/v2\/categories?post=164076"},{"taxonomy":"post_tag","embeddable":true,"href":"https:\/\/www.europesays.com\/fi\/wp-json\/wp\/v2\/tags?post=164076"}],"curies":[{"name":"wp","href":"https:\/\/api.w.org\/{rel}","templated":true}]}}