{"id":164108,"date":"2026-02-08T04:25:18","date_gmt":"2026-02-08T04:25:18","guid":{"rendered":"https:\/\/www.europesays.com\/fi\/164108\/"},"modified":"2026-02-08T04:25:18","modified_gmt":"2026-02-08T04:25:18","slug":"metsa-groupin-biotuotetehtaalla-kemissa-syttyi-yolla-tulipalo-lappi","status":"publish","type":"post","link":"https:\/\/www.europesays.com\/fi\/164108\/","title":{"rendered":"Mets\u00e4 Groupin biotuotetehtaalla Kemiss\u00e4 syttyi y\u00f6ll\u00e4 tulipalo | Lappi"},"content":{"rendered":"<p class=\"aw-1gybjub aw-5vja16 kEtdKx kmuxyA yle__article__paragraph\">Palo havaittiin kuorenkuivatuksen j\u00e4rjestelm\u00e4ss\u00e4 noin kello 23. Palo saatiin sammutettua ja se ei vaikuta tuotantoon, eik\u00e4 henkil\u00f6vahinkoja tullut.<\/p>\n<p><img decoding=\"async\" alt=\"Mets\u00e4 Groupin moderni teollisuuslaitos, jossa n\u00e4kyv\u00e4t suuret prosessointis\u00e4ili\u00f6t ja piipusta kohoava savupilvi.\" src=\"https:\/\/www.europesays.com\/fi\/wp-content\/uploads\/2026\/02\/39-154249368f9e6dd8033c.jpeg\" class=\"aw-1l9m598 hKVVvP\"\/><\/p>\n<p>Avaa kuvien katselu<\/p>\n<p>Mets\u00e4 Groupin tehdas Kemiss\u00e4. Arkistokuva. Kuva: Antti Ullakko \/ Yle<\/p>\n<p class=\"aw-1gybjub aw-1p7kakr kEtdKx cEmitX yle__article__paragraph\">Pelastuslaitos sai h\u00e4lytyksen Mets\u00e4 Groupin Kemin biotuotetehtaalle, jossa kuorenkuivausj\u00e4rjestelm\u00e4ss\u00e4 oli syttynyt tulipalo.<\/p>\n<p class=\"aw-1gybjub aw-1p7kakr kEtdKx cEmitX yle__article__paragraph\">Pelastuslaitos sammutti palon ja tarkisti, ettei palo ollut levinnyt laajemmalle alueelle. Tehtaan henkil\u00f6kunta hoitaa paikalla j\u00e4lkivartiointia ja pelastuslaitos poistui paikalta noi n kello 2.30. Paikalle h\u00e4lytettiin yhdeks\u00e4n yksikk\u00f6\u00e4 Meri-Lapin alueelta.<\/p>\n<p class=\"aw-1gybjub aw-1p7kakr kEtdKx cEmitX yle__article__paragraph\">Mets\u00e4 Fibren tehtaanjohtaja <strong class=\"aw-ak79eh KyCXm yle__article__strong\">Ari-Pekka Vanamon<\/strong> mukaan tulipalo ei vaikuta tehtaan tuotantoon.<\/p>\n<p class=\"aw-1gybjub aw-1p7kakr kEtdKx cEmitX yle__article__paragraph\">Henkil\u00f6vahinkoja ei sattunut.<\/p>\n","protected":false},"excerpt":{"rendered":"Palo havaittiin kuorenkuivatuksen j\u00e4rjestelm\u00e4ss\u00e4 noin kello 23. Palo saatiin sammutettua ja se ei vaikuta tuotantoon, eik\u00e4 henkil\u00f6vahinkoja tullut.&hellip;\n","protected":false},"author":2,"featured_media":164109,"comment_status":"","ping_status":"","sticky":false,"template":"","format":"standard","meta":{"footnotes":"","_share_on_mastodon":"0"},"categories":[12],"tags":[27110,22,23,26,27,33,31,30,17,665,667,24,25,28,29,1397,6108,3641,15,837,18,21,32,1053,19,20,6110,1265,16],"class_list":["post-164108","post","type-post","status-publish","format-standard","has-post-thumbnail","category-suomi","tag-biotuotetehtaat","tag-breaking-news","tag-breakingnews","tag-featured-news","tag-featurednews","tag-fi","tag-finland","tag-finnish","tag-headlines","tag-kemi","tag-lappi","tag-latest-news","tag-latestnews","tag-main-news","tag-mainnews","tag-meri-lappi","tag-metsa-fibre","tag-metsa-group","tag-news","tag-onnettomuudet","tag-otsikot","tag-paauutiset","tag-suomi","tag-teollisuus","tag-top-stories","tag-topstories","tag-tulipalojen-sammuttaminen","tag-tulipalot","tag-uutiset"],"share_on_mastodon":{"url":"https:\/\/pubeurope.com\/@fi\/116033114804936100","error":""},"_links":{"self":[{"href":"https:\/\/www.europesays.com\/fi\/wp-json\/wp\/v2\/posts\/164108","targetHints":{"allow":["GET"]}}],"collection":[{"href":"https:\/\/www.europesays.com\/fi\/wp-json\/wp\/v2\/posts"}],"about":[{"href":"https:\/\/www.europesays.com\/fi\/wp-json\/wp\/v2\/types\/post"}],"author":[{"embeddable":true,"href":"https:\/\/www.europesays.com\/fi\/wp-json\/wp\/v2\/users\/2"}],"replies":[{"embeddable":true,"href":"https:\/\/www.europesays.com\/fi\/wp-json\/wp\/v2\/comments?post=164108"}],"version-history":[{"count":0,"href":"https:\/\/www.europesays.com\/fi\/wp-json\/wp\/v2\/posts\/164108\/revisions"}],"wp:featuredmedia":[{"embeddable":true,"href":"https:\/\/www.europesays.com\/fi\/wp-json\/wp\/v2\/media\/164109"}],"wp:attachment":[{"href":"https:\/\/www.europesays.com\/fi\/wp-json\/wp\/v2\/media?parent=164108"}],"wp:term":[{"taxonomy":"category","embeddable":true,"href":"https:\/\/www.europesays.com\/fi\/wp-json\/wp\/v2\/categories?post=164108"},{"taxonomy":"post_tag","embeddable":true,"href":"https:\/\/www.europesays.com\/fi\/wp-json\/wp\/v2\/tags?post=164108"}],"curies":[{"name":"wp","href":"https:\/\/api.w.org\/{rel}","templated":true}]}}