{"id":164403,"date":"2026-02-08T12:52:08","date_gmt":"2026-02-08T12:52:08","guid":{"rendered":"https:\/\/www.europesays.com\/fi\/164403\/"},"modified":"2026-02-08T12:52:08","modified_gmt":"2026-02-08T12:52:08","slug":"antti-paalanen-ja-takatukka-umk-tahti-paljastaa-terveytensa-salat","status":"publish","type":"post","link":"https:\/\/www.europesays.com\/fi\/164403\/","title":{"rendered":"Antti Paalanen ja Takatukka: UMK-t\u00e4hti paljastaa terveytens\u00e4 salat"},"content":{"rendered":"<p>            Ninni Varsila\n        <\/p>\n<p class=\"subtitle \">Antti Paalanen on noussut suuren yleis\u00f6n tietoisuuteen Takatukka-viisullaan.<\/p>\n<p class=\"article-content article-content-width !bg-background\">Helmikuussa  on 49-vuotissyntym\u00e4p\u00e4iv\u00e4n<br \/>\nlis\u00e4ksi toinenkin syy juhlaan. Kuun viimeisen\u00e4 p\u00e4iv\u00e4n\u00e4 h\u00e4n saa kiivet\u00e4 Nokia Arenan<br \/>\nlavalle esitt\u00e4m\u00e4\u00e4n Uuden Musiikin Kilpailu -viisunsa Takatukan.<\/p>\n<p class=\"article-content article-content-width !bg-background\">Tuloillaan on ylpe\u00e4 hetki, johon Antti on pyrkinyt jo vuosien ajan.<\/p>\n<p class=\"font-weight-bold m-font-weight-bold article-content article-content-width !bg-background\">Videolla Antti opettaa toimittajalle haitarin soiton salat:<\/p>\n<p class=\"article-content article-content-width !bg-background\">Antin vaimo  on h\u00e4nkin musiikkialalla,<br \/>\njoskin musiikintekij\u00e4n\u00e4, ei niink\u00e4\u00e4n esiintyj\u00e4n\u00e4. H\u00e4nen k\u00e4denj\u00e4lkens\u00e4 n\u00e4kyy<br \/>\nmy\u00f6s Takatukassa. Niinp\u00e4 UMK:hon p\u00e4\u00e4sy on iso saavutus koko perheelle.<\/p>\n<p class=\"article-content article-content-width !bg-background\">\u2013 Meid\u00e4n poikamme on 18-vuotias, ja olemme kanssaan<br \/>\nseuranneet UMK:ta ihan alkumetreilt\u00e4 asti.<\/p>\n<p class=\"article-content article-content-width !bg-background\">Vaimon ja pojan lis\u00e4ksi Antin perheeseen kuuluu<br \/>\ncockerspanieli Pepe.<\/p>\n<p class=\"article-content article-content-width !bg-background\">Antin ja Heidin ensimm\u00e4inen koira oli 20 vuotta sitten h\u00e4\u00e4lahjaksi itse ostettu cockerspanieli Touko,<br \/>\njonka l\u00e4\u00e4h\u00e4tys toimi inspiraationa yhden Antin Breathe-kappaleen<br \/>\ntaustalla.<\/p>\n<p class=\"article-content article-content-width !bg-background\">\u2013 Olen yritt\u00e4nyt opettaa sit\u00e4 samaa biisi\u00e4 muille<br \/>\nkoirillemme; Toukon j\u00e4lkeen Taunolle, ett\u00e4 saadaan musiikkiperinne jatkumaan<br \/>\nkoiralta toiselle. Nyt yrit\u00e4n opettaa sit\u00e4 Pepelle, Antti nauraa.<\/p>\n<p>        <a itemprop=\"url\" href=\"https:\/\/www.seiska.fi\/kotimaa\/nain-pete-parkkonen-on-muuttunut-sai-lapsen-laulajan-kanssa\/2054596\" rel=\"nofollow noopener\" target=\"_blank\"><\/p>\n<p>\nMuistatko yll\u00e4tysvauvan?\n<\/p>\n<p class=\"section-date\">\n        <strong class=\"article-section\" data-section=\"kotimaa\"><br \/>\n            kotimaa<br \/>\n        <\/strong><br \/>\n        24.1. 18:00\n    <\/p>\n<p>N\u00e4in Pete Parkkonen on muuttunut \u2013 sai lapsen laulajan kanssa\n    <\/p>\n<p itemprop=\"description\" class=\"subtitle \">\n    Pete Parkkosen vuosiin on mahtunut monia k\u00e4\u00e4nteit\u00e4.\n<\/p>\n<p>        <\/a><\/p>\n<p>                <img decoding=\"async\" src=\"https:\/\/www.europesays.com\/fi\/wp-content\/uploads\/2026\/02\/2064748.webp.jpeg\" width=\"576\" height=\"720\" alt=\"Antti tuo haitarin mukaan yll\u00e4tt\u00e4v\u00e4\u00e4n musiikkityyliins\u00e4.\" loading=\"lazy\" \/>            <\/p>\n<p>\n            Antti tuo haitarin mukaan yll\u00e4tt\u00e4v\u00e4\u00e4n musiikkityyliins\u00e4.<br \/>\n            Ninni Varsila\n        <\/p>\n<p>Kurkku k\u00e4yt\u00f6ss\u00e4<\/p>\n<p class=\"article-content article-content-width !bg-background\">Antin viisu erottuu muista UMK-teoksista selke\u00e4sti, etenkin<br \/>\nh\u00e4nen kurkkulaulunsa takia.<\/p>\n<p class=\"article-content article-content-width !bg-background\">\u00d6rin\u00e4 kumpuaa kurkussa olevista vale\u00e4\u00e4nihuulista eli tasku\u00e4\u00e4nihuulista,<br \/>\njoita treenaamalla ja jumppaamalla \u00e4\u00e4nt\u00e4 saa venytetty\u00e4 ja muokattua.<\/p>\n<p class=\"article-content article-content-width !bg-background\">Harjoittelun<br \/>\nvoi aloittaa pienell\u00e4 k\u00f6himisell\u00e4, josta syntynytt\u00e4 \u00e4\u00e4nt\u00e4 voi sitten pitkitt\u00e4\u00e4.<\/p>\n<p class=\"article-content article-content-width !bg-background\">\u2013 Se voi alkuun tuntua hieman ep\u00e4mukavalta kurkussa, mutta<br \/>\nei siin\u00e4 mit\u00e4\u00e4n vaaraa ole, Antti tuumaa.<\/p>\n<p class=\"article-content article-content-width !bg-background\">Laulutyyli on alkujaan paimentolaislaulutekniikka<br \/>\nMongoliasta, ja sen avulla on voitu matkia vaikka vuohia tai lehmi\u00e4. Antti<br \/>\nkertoo oman \u00f6rin\u00e4ns\u00e4 muistuttavan ehk\u00e4 myskih\u00e4rk\u00e4\u00e4.<\/p>\n<p class=\"article-content article-content-width !bg-background\">Antin m\u00f6re\u00e4ll\u00e4 laululla ei ole mit\u00e4\u00e4n tekemist\u00e4 viskibasson<br \/>\nsen suuremmin kuin tupakankaan kanssa. Itse asiassa vahvin aine, mit\u00e4 h\u00e4n<br \/>\nnauttii, on japanilaisittain valmistettu vihre\u00e4 tee.<\/p>\n<p class=\"article-content article-content-width !bg-background\">\u2013 Kaikki mik\u00e4 hoitaa kehoa, on hyv\u00e4ksi. P\u00e4ihteet eiv\u00e4t sit\u00e4<br \/>\ntee, Antti toteaa.<\/p>\n<p>        <a itemprop=\"url\" href=\"https:\/\/www.seiska.fi\/katso\/chachi-hilden-mukana-umkssa-talta-hanen-laulunsa-kuulostaa\/2046654\" rel=\"nofollow noopener\" target=\"_blank\"><\/p>\n<p>\nChachi Hild\u00e9n mukana UMK:ssa\n<\/p>\n<p class=\"section-date\">\n        <strong class=\"article-section\" data-section=\"katso\"><br \/>\n            katso<br \/>\n        <\/strong><br \/>\n        15.1. 08:07\n    <\/p>\n<p>Chachi Hild\u00e9n mukana UMK:ssa \u2013 t\u00e4lt\u00e4 h\u00e4nen laulunsa kuulostaa\n    <\/p>\n<p itemprop=\"description\" class=\"subtitle \">\n    Chachi Hild\u00e9n on UMK-artisti, mutta h\u00e4n on osallistunut aiemminkin laulukisaan. Tuolloin esiintyminen poiki h\u00e4nelle levytyssopimuksen.\n<\/p>\n<p>        <\/a><\/p>\n<p>Pitk\u00e4kestoinen sairaus mukana<\/p>\n<p class=\"article-content article-content-width !bg-background\">Terveys l\u00f6ytyy el\u00e4m\u00e4\u00e4n tasapainon kautta.<\/p>\n<p class=\"article-content article-content-width !bg-background\">Tasapainon<br \/>\nopettelu on tullut Antille tutuksi Crohnin taudin my\u00f6t\u00e4. Tulehduksellinen<br \/>\nsuolistosairaus on pitk\u00e4aikainen vaiva, jonka hallinta vaatii opettelua. Antin<br \/>\nseurana se on viipynyt 30 vuotta.<\/p>\n<p class=\"article-content article-content-width !bg-background\">\u2013 Siit\u00e4 on tullut minulle sellainen yst\u00e4v\u00e4. Jos minulle<br \/>\ntulee mielitekoja, niin t\u00e4m\u00e4 yst\u00e4v\u00e4 muistuttaa, ett\u00e4 \u201dsulla on t\u00e4llainen<br \/>\nominaisuus kehossa\u201d. Sitten pit\u00e4\u00e4 pariin otteeseen mietti\u00e4, Antti kertoo.<\/p>\n<p class=\"article-content article-content-width !bg-background\">\u2013 T\u00e4m\u00e4 on v\u00e4h\u00e4n t\u00e4llainen kaksiter\u00e4inen miekka; sairaus<br \/>\npit\u00e4\u00e4 minut kunnossa.<\/p>\n<p class=\"article-content article-content-width !bg-background\">Ruokavalio on toki yksi tekij\u00e4, joka voi aiheuttaa huonon<br \/>\nolon, mutta hermoston hyvinvointi on etusijalla. Kuormittuneessa tilassa<br \/>\nep\u00e4sopiva ruoka tuntuu heti, mutta rentona ja tasapainoisena se ei vaikuta ehk\u00e4<br \/>\nollenkaan.<\/p>\n<p>        <a itemprop=\"url\" href=\"https:\/\/www.seiska.fi\/katso\/etan-umk-biisi-julkaistiin-nain-viisukansa-reagoi\/2046723\" rel=\"nofollow noopener\" target=\"_blank\"><\/p>\n<p>\nEtan UMK-kappale:\n<\/p>\n<p class=\"section-date\">\n        <strong class=\"article-section\" data-section=\"katso\"><br \/>\n            katso<br \/>\n        <\/strong><br \/>\n        15.1. 08:49\n    <\/p>\n<p>Etan UMK-biisi julkaistiin \u2013 n\u00e4in viisukansa reagoi\n    <\/p>\n<p itemprop=\"description\" class=\"subtitle \">\n    Osan mielest\u00e4 Etan UMK-kappale ylt\u00e4\u00e4 radiohitiksi, mutta ei UMK-voittajaksi.\n<\/p>\n<p>        <\/a><\/p>\n<p>Vienti\u00e4 maailmalla<\/p>\n<p class=\"article-content article-content-width !bg-background\">Antin haitarin, \u00f6rin\u00e4n ja teknon yhdist\u00e4v\u00e4 musiikki on<br \/>\nkiinnostanut suuresti maailmallakin.<\/p>\n<p class=\"article-content article-content-width !bg-background\">H\u00e4n on keikkaillut Pohjoismaiden lis\u00e4ksi<br \/>\nmy\u00f6s Yhdysvalloissa, Keski- ja Etel\u00e4-Euroopassa, Kanadassa, Japanissa, Kiinassa<br \/>\nja Ven\u00e4j\u00e4ll\u00e4.<\/p>\n<p class=\"article-content article-content-width !bg-background\">\u2013 Yksi erikoisimmista paikoista oli ehk\u00e4 Hong Kongin<br \/>\nkamariorkesterin lastenteatteriesitys. Esitin suomalaista kurkkulaulajaa, jonka<br \/>\n\u00e4\u00e4ni houkuttelee haita. Antti kertoo roolistaan hain ry\u00f6st\u00f6kalastukseen<br \/>\ntietoisuutta ker\u00e4nneess\u00e4 n\u00e4ytelm\u00e4ss\u00e4.<\/p>\n<p class=\"article-content article-content-width !bg-background\">Antin musiikki on p\u00e4rj\u00e4nnyt hienosti etnopiireiss\u00e4, ja h\u00e4nelle<br \/>\non sadellut tunnustuksia Alavuden kaupungin kulttuuripalkinnosta ja Vuoden<br \/>\nkansanmusiikkilevyst\u00e4 Etno-Emmaan.<\/p>\n<p class=\"article-content article-content-width !bg-background\">UMK:hon p\u00e4\u00e4sy sijoittuu sekin tunnustusten<br \/>\nlistalla varsin korkealle.<\/p>\n<p class=\"article-content article-content-width !bg-background\">\u2013 Saavutuksia on vaikeaa arvottaa kesken\u00e4\u00e4n. Alavuden<br \/>\nkaupungin kulttuuripalkinto on ihan yht\u00e4 lailla t\u00e4rke\u00e4 kuin UMK \u2013 kun olen sen<br \/>\nalueen kansanperinnett\u00e4 esitt\u00e4nyt viimeiset 40 vuotta.<\/p>\n<p class=\"article-content article-content-width !bg-background\">Antti pit\u00e4\u00e4 itse\u00e4\u00e4n \u201dtaviksena\u201d, tavallisena perheenis\u00e4n\u00e4 \u2013<br \/>\nh\u00e4nen ty\u00f6ns\u00e4 nyt vain sattuu olemaan haitarin kanssa \u00f6riseminen.<\/p>\n<p class=\"article-content article-content-width !bg-background\">UMK:n my\u00f6t\u00e4<br \/>\nh\u00e4nen musiikkinsa on kuitenkin saavuttanut iskelm\u00e4\u00e4 kuuntelevat kotisohvat ja<br \/>\ninnostanut lapsia ja nuoriakin musiikin \u00e4\u00e4reen.<\/p>\n<p>        <a itemprop=\"url\" href=\"https:\/\/www.seiska.fi\/katso\/tassa-ovat-umk-artistit-yksi-kilpailija-on-todellinen-yllattaja\/2046238\" rel=\"nofollow noopener\" target=\"_blank\"><\/p>\n<p>\nT\u00e4ss\u00e4 ovat UMK-artistit\n<\/p>\n<p class=\"section-date\">\n        <strong class=\"article-section\" data-section=\"katso\"><br \/>\n            katso<br \/>\n        <\/strong><br \/>\n        14.1. 20:30\n    <\/p>\n<p>T\u00e4ss\u00e4 ovat UMK-artistit \u2013 yksi kilpailija on todellinen yll\u00e4tt\u00e4j\u00e4!\n    <\/p>\n<p itemprop=\"description\" class=\"subtitle \">\n    Uuden Musiikin Kilpailussa n\u00e4hd\u00e4\u00e4n t\u00e4n\u00e4 vuonna v\u00e4rik\u00e4s kattaus uusia ja tuttuja t\u00e4hti\u00e4.\n<\/p>\n<p>        <\/a><\/p>\n<p>                <img decoding=\"async\" src=\"https:\/\/www.europesays.com\/fi\/wp-content\/uploads\/2026\/02\/2064750.webp.jpeg\" width=\"576\" height=\"322\" alt=\"Antin n\u00e4ytt\u00e4v\u00e4 tyyli her\u00e4tti huomiota ja UMK-artistien julkistustilaisuudessa.\" loading=\"lazy\" \/>            <\/p>\n<p>\n            Antin n\u00e4ytt\u00e4v\u00e4 tyyli her\u00e4tti huomiota ja UMK-artistien julkistustilaisuudessa.<br \/>\n            Ninni Varsila\n        <\/p>\n","protected":false},"excerpt":{"rendered":"Ninni Varsila Antti Paalanen on noussut suuren yleis\u00f6n tietoisuuteen Takatukka-viisullaan. Helmikuussa on 49-vuotissyntym\u00e4p\u00e4iv\u00e4n lis\u00e4ksi toinenkin syy juhlaan. Kuun&hellip;\n","protected":false},"author":2,"featured_media":164404,"comment_status":"","ping_status":"","sticky":false,"template":"","format":"standard","meta":{"footnotes":"","_share_on_mastodon":"0"},"categories":[136],"tags":[24534,407,21185,137,33,31,30,408,27155,32,27156,167,5734,109],"class_list":["post-164403","post","type-post","status-publish","format-standard","has-post-thumbnail","category-julkkikset","tag-antti-paalanen","tag-celebrities","tag-crohnin-tauti","tag-entertainment","tag-fi","tag-finland","tag-finnish","tag-julkkikset","tag-kurkkulaulu","tag-suomi","tag-takatukka","tag-terveys","tag-uuden-musiikin-kilpailu","tag-viihde"],"share_on_mastodon":{"url":"https:\/\/pubeurope.com\/@fi\/116035108385801425","error":""},"_links":{"self":[{"href":"https:\/\/www.europesays.com\/fi\/wp-json\/wp\/v2\/posts\/164403","targetHints":{"allow":["GET"]}}],"collection":[{"href":"https:\/\/www.europesays.com\/fi\/wp-json\/wp\/v2\/posts"}],"about":[{"href":"https:\/\/www.europesays.com\/fi\/wp-json\/wp\/v2\/types\/post"}],"author":[{"embeddable":true,"href":"https:\/\/www.europesays.com\/fi\/wp-json\/wp\/v2\/users\/2"}],"replies":[{"embeddable":true,"href":"https:\/\/www.europesays.com\/fi\/wp-json\/wp\/v2\/comments?post=164403"}],"version-history":[{"count":0,"href":"https:\/\/www.europesays.com\/fi\/wp-json\/wp\/v2\/posts\/164403\/revisions"}],"wp:featuredmedia":[{"embeddable":true,"href":"https:\/\/www.europesays.com\/fi\/wp-json\/wp\/v2\/media\/164404"}],"wp:attachment":[{"href":"https:\/\/www.europesays.com\/fi\/wp-json\/wp\/v2\/media?parent=164403"}],"wp:term":[{"taxonomy":"category","embeddable":true,"href":"https:\/\/www.europesays.com\/fi\/wp-json\/wp\/v2\/categories?post=164403"},{"taxonomy":"post_tag","embeddable":true,"href":"https:\/\/www.europesays.com\/fi\/wp-json\/wp\/v2\/tags?post=164403"}],"curies":[{"name":"wp","href":"https:\/\/api.w.org\/{rel}","templated":true}]}}