{"id":164407,"date":"2026-02-08T13:00:08","date_gmt":"2026-02-08T13:00:08","guid":{"rendered":"https:\/\/www.europesays.com\/fi\/164407\/"},"modified":"2026-02-08T13:00:08","modified_gmt":"2026-02-08T13:00:08","slug":"suvi-hartlin-jakoi-harvinaisen-kuvan-tyttarestaan-upea-kaunotar","status":"publish","type":"post","link":"https:\/\/www.europesays.com\/fi\/164407\/","title":{"rendered":"Suvi Hartlin jakoi harvinaisen kuvan tytt\u00e4rest\u00e4\u00e4n \u2013 upea kaunotar!"},"content":{"rendered":"<p>\n            (230331) &#8212; Helsinki, March 31, 2023 \u2013 Suvi Hartlin poses for the camera during Radiogaala 2023 in Helsinki, Finland, 31. March 2023. (Matti Matikainen\/Aller Media)<br \/>\n            Matti Matikainen\n        <\/p>\n<p class=\"subtitle \">Omena ei ole kauas puusta pudonnut, sill\u00e4 Suvin tyt\u00e4r on \u00e4itins\u00e4 veroinen kaunotar. Puku, hiukset ja korut kertovat tytt\u00e4ren suuresta p\u00e4iv\u00e4st\u00e4.<\/p>\n<p class=\"article-content article-content-width !bg-background\"> on Perni\u00f6st\u00e4 Helsingin Kaapelitehtaalle ponnistanut sisupussi, joka jakaa el\u00e4m\u00e4ns\u00e4 iloja sek\u00e4 suruja antaumuksella somessa.<\/p>\n<p class=\"article-content article-content-width !bg-background\">Unohtaa ei my\u00f6sk\u00e4\u00e4n saa, ett\u00e4 Suvi on lottojuontaja.<\/p>\n<p class=\"article-content article-content-width !bg-background\">Radio Novalla Suvi on viihdytt\u00e4nyt kuulijoita ex-hunks  kanssa useamman vuoden.<\/p>\n<p>        <a itemprop=\"url\" href=\"https:\/\/www.seiska.fi\/kotimaa\/suvi-hartlin-murtui-kyyneliin-sattuu\/2059710\" rel=\"nofollow noopener\" target=\"_blank\"><\/p>\n<p>\nSuvi Hartlin\n<\/p>\n<p class=\"section-date\">\n        <strong class=\"article-section\" data-section=\"kotimaa\"><br \/>\n            kotimaa<br \/>\n        <\/strong><br \/>\n        28.1. 18:39\n    <\/p>\n<p>Suvi Hartlin murtui kyyneliin: &#8221;Sattuu&#8221;\n    <\/p>\n<p itemprop=\"description\" class=\"subtitle \">\n    Radiojuontaja itki vuolaasti, sill\u00e4 joutuu luopumaan vanhasta uuden edess\u00e4.\n<\/p>\n<p>        <\/a><\/p>\n<p class=\"article-content article-content-width !bg-background\">Siihen tuli kuitenkin taannoin stoppi, sill\u00e4 Suvi hypp\u00e4si kanavan aamuohjelmaan  ja  seuraksi.<\/p>\n<p class=\"article-content article-content-width !bg-background\">Esko taas siirtyi iltap\u00e4iviin Suvin tilalle  kanssa.<\/p>\n<p>                <img decoding=\"async\" src=\"https:\/\/www.europesays.com\/fi\/wp-content\/uploads\/2026\/02\/2059366.webp.jpeg\" width=\"576\" height=\"720\" title=\"Suvi Hartlin ja Esko Eerik\u00e4inen olivat dynaaminen duo Radio Novan iltap\u00e4iv\u00e4ss\u00e4 vuosia.\" alt=\"Suvi Hartlin ja Esko Eerik\u00e4inen\" loading=\"lazy\" \/>            <\/p>\n<p>\n            Suvi Hartlin ja Esko Eerik\u00e4inen olivat dynaaminen duo Radio Novan iltap\u00e4iv\u00e4ss\u00e4 vuosia.<br \/>\n            Timo Korhonen\n        <\/p>\n<p>Vainoaja<\/p>\n<p class=\"article-content article-content-width !bg-background\">Suvi on ollut uutisissa my\u00f6s Tinderins\u00e4 sek\u00e4 suhteidensa tiimoilta.<\/p>\n<p class=\"article-content article-content-width !bg-background\">Viime elokuussa Seiska kertoi, ett\u00e4 Suvin ymp\u00e4rill\u00e4 on ollut k\u00e4ynniss\u00e4 ik\u00e4v\u00e4 oikeusprosessi, johon liittyi mies, jolle Suvi oli hakenut l\u00e4hestymiskieltoa.<\/p>\n<p>        <a itemprop=\"url\" href=\"https:\/\/www.seiska.fi\/rikos\/suvi-hartlinin-painajainen-paljastui-mies-maarattiin-lahestymiskieltoon\/1878619\" rel=\"nofollow noopener\" target=\"_blank\"><\/p>\n<p>\nSuvi Hartlinin painajainen\n<\/p>\n<p class=\"section-date\">\n        <strong class=\"article-section\" data-section=\"rikos\"><br \/>\n            rikos<br \/>\n        <\/strong><br \/>\n        8.8.2025 06:00\n    <\/p>\n<p>Suvi Hartlinin painajainen paljastui: Mies m\u00e4\u00e4r\u00e4ttiin l\u00e4hestymiskieltoon\n    <\/p>\n<p itemprop=\"description\" class=\"subtitle \">\n    Poliisit ottivat miehen kiinni radiojuontajan rappuk\u00e4yt\u00e4v\u00e4st\u00e4.\n<\/p>\n<p>        <\/a><\/p>\n<p class=\"article-content article-content-width !bg-background\">Laajennettu l\u00e4hestymiskielto oli m\u00e4\u00e4r\u00e4tty jo aiemmin kev\u00e4\u00e4ll\u00e4, mutta sek\u00e4\u00e4n ei ollut auttanut, vaan mies oli rikkonut sit\u00e4 ilmestyen Suvin kotipihalle.<\/p>\n<p class=\"article-content article-content-width !bg-background\">Lis\u00e4ksi samainen mies oli rikkonut Suvin autoa ja ilmestynyt toisella kertaa aina Suvin rappuk\u00e4yt\u00e4v\u00e4\u00e4n asti.<\/p>\n<p>                <img decoding=\"async\" src=\"https:\/\/www.europesays.com\/fi\/wp-content\/uploads\/2026\/02\/1830535.webp.jpeg\" width=\"576\" height=\"312\" alt=\"Miss Suomi 2003 -kisoissa Suvi sai pronssia ollessaan toinen perint\u00f6prinsessa.\" loading=\"lazy\" \/>            <\/p>\n<p>\n            Miss Suomi 2003 -kisoissa Suvi sai pronssia ollessaan toinen perint\u00f6prinsessa.<br \/>\n            Matti Matikainen\n        <\/p>\n<p>Mamma Mia, mik\u00e4 tyt\u00e4r!<\/p>\n<p class=\"article-content article-content-width !bg-background\">Aiemmin t\u00e4ll\u00e4 viikolla koettiin kuitenkin iloisempia hetki\u00e4, kun Suvi jakoi kuvia tytt\u00e4rest\u00e4\u00e4n.<\/p>\n<p class=\"article-content article-content-width !bg-background\">Ja mamma mia, millainen tytt\u00f6 onkaan \u2013 aivan kuin ilmetty \u00e4itins\u00e4 \u2013 todellinen kaunotar siis.<\/p>\n<p>        <a itemprop=\"url\" href=\"https:\/\/www.seiska.fi\/kotimaa\/suvi-hartlinilta-synkka-ulostulo-nyt-on-tosi-paha-kuoppa\/1912515\" rel=\"nofollow noopener\" target=\"_blank\"><\/p>\n<p>\nSuvi Hartlinilta synkk\u00e4 ulostulo\n<\/p>\n<p class=\"section-date\">\n        <strong class=\"article-section\" data-section=\"kotimaa\"><br \/>\n            kotimaa<br \/>\n        <\/strong><br \/>\n        27.8.2025 18:30\n    <\/p>\n<p>Suvi Hartlinilta synkk\u00e4 ulostulo: &#8221;Nyt on tosi paha kuoppa&#8221;\n    <\/p>\n<p itemprop=\"description\" class=\"subtitle \">\n    Raju, mutta samalla herkk\u00e4 ulostulo on resonoinut Suvin seuraajissa.\n<\/p>\n<p>        <\/a><\/p>\n<p class=\"article-content article-content-width !bg-background\">\u2013 Voi rakas lapsi miten s\u00e4 s\u00e4dehdit t\u00e4n\u00e4\u00e4n. \u2728\u2728, Suvi kirjoitti perjantaina.<\/p>\n<p class=\"article-content article-content-width !bg-background\">Ja sitten itse kuviin.<\/p>\n<p class=\"article-content article-content-width !bg-background\">Niiss\u00e4 \u201dMini-Suvi\u201d eli poseeraa sis\u00e4tiloissa onnellisen n\u00e4k\u00f6isen\u00e4 vanhojen tanssipuvussaan, jonka keltainen v\u00e4ri tuo mieleen Disney-klassikon Kaunotar ja Hirvi\u00f6 -elokuvan kaunottaren.<\/p>\n<p>&#8221;On h\u00e4\u00e4 niin kaunis..!&#8221;<\/p>\n<p class=\"article-content article-content-width !bg-background\">Puku, hiukset ja korut kertovat suuresta p\u00e4iv\u00e4st\u00e4, pian koittavan aikuisuuden kynnyksell\u00e4.<\/p>\n<p class=\"article-content article-content-width !bg-background\">Tykk\u00e4yksi\u00e4 julkaisu on ker\u00e4nnyt jo yli 12 000 ja kommenttejakin on l\u00e4hes parisataa.<\/p>\n<p class=\"article-content article-content-width !bg-background\">\u2013 Oijoijoi \ud83d\ude0d\ud83d\ude0d\ud83d\ude0d Ihana. \u2764\ufe0f, ihastelee aamukollega Minna.<\/p>\n<p>        <a itemprop=\"url\" href=\"https:\/\/www.seiska.fi\/kotimaa\/jopas-suvi-hartlin-otti-valtavan-tatuoinnin\/2038888\" rel=\"nofollow noopener\" target=\"_blank\"><\/p>\n<p>\nSuvi Hartlin\n<\/p>\n<p class=\"section-date\">\n        <strong class=\"article-section\" data-section=\"kotimaa\"><br \/>\n            kotimaa<br \/>\n        <\/strong><br \/>\n        7.1. 15:28\n    <\/p>\n<p>Jopas! Suvi Hartlin otti valtavan tatuoinnin\n    <\/p>\n<p itemprop=\"description\" class=\"subtitle \">\n    Juontajakaunotar koristi ihoaan n\u00e4ytt\u00e4v\u00e4ll\u00e4 leimalla.\n<\/p>\n<p>        <\/a><\/p>\n<p class=\"article-content article-content-width !bg-background\">\u2013 \ud83d\ude0dtodella kaunis mekko, hiukset ja tytt\u00f6, riemuitsee toinen nainen.<\/p>\n<p class=\"article-content article-content-width !bg-background\">\u2013 On h\u00e4\u00e4 niin kaunis..!\u2764\ufe0f, linjaa muuan mies.<\/p>\n<p class=\"article-content article-content-width !bg-background\">Julkaisu on my\u00f6s harvinainen, sill\u00e4 vaikka Suvi jakaa arkeaan jatkuvasti, ei h\u00e4n rakkaasta tytt\u00e4rest\u00e4\u00e4n ole juuri hetki\u00e4 jakanut.<\/p>\n","protected":false},"excerpt":{"rendered":"(230331) &#8212; Helsinki, March 31, 2023 \u2013 Suvi Hartlin poses for the camera during Radiogaala 2023 in Helsinki,&hellip;\n","protected":false},"author":2,"featured_media":164408,"comment_status":"","ping_status":"","sticky":false,"template":"","format":"standard","meta":{"footnotes":"","_share_on_mastodon":"0"},"categories":[130],"tags":[137,1176,33,31,30,14084,212,3229,32,3232,3489,109],"class_list":["post-164407","post","type-post","status-publish","format-standard","has-post-thumbnail","category-viihde","tag-entertainment","tag-esko-eerikainen","tag-fi","tag-finland","tag-finnish","tag-lahestymiskielto","tag-lifestyle","tag-radio-nova","tag-suomi","tag-suvi-hartlin","tag-tytar","tag-viihde"],"share_on_mastodon":{"url":"https:\/\/pubeurope.com\/@fi\/116035139852152221","error":""},"_links":{"self":[{"href":"https:\/\/www.europesays.com\/fi\/wp-json\/wp\/v2\/posts\/164407","targetHints":{"allow":["GET"]}}],"collection":[{"href":"https:\/\/www.europesays.com\/fi\/wp-json\/wp\/v2\/posts"}],"about":[{"href":"https:\/\/www.europesays.com\/fi\/wp-json\/wp\/v2\/types\/post"}],"author":[{"embeddable":true,"href":"https:\/\/www.europesays.com\/fi\/wp-json\/wp\/v2\/users\/2"}],"replies":[{"embeddable":true,"href":"https:\/\/www.europesays.com\/fi\/wp-json\/wp\/v2\/comments?post=164407"}],"version-history":[{"count":0,"href":"https:\/\/www.europesays.com\/fi\/wp-json\/wp\/v2\/posts\/164407\/revisions"}],"wp:featuredmedia":[{"embeddable":true,"href":"https:\/\/www.europesays.com\/fi\/wp-json\/wp\/v2\/media\/164408"}],"wp:attachment":[{"href":"https:\/\/www.europesays.com\/fi\/wp-json\/wp\/v2\/media?parent=164407"}],"wp:term":[{"taxonomy":"category","embeddable":true,"href":"https:\/\/www.europesays.com\/fi\/wp-json\/wp\/v2\/categories?post=164407"},{"taxonomy":"post_tag","embeddable":true,"href":"https:\/\/www.europesays.com\/fi\/wp-json\/wp\/v2\/tags?post=164407"}],"curies":[{"name":"wp","href":"https:\/\/api.w.org\/{rel}","templated":true}]}}