{"id":164932,"date":"2026-02-09T05:14:14","date_gmt":"2026-02-09T05:14:14","guid":{"rendered":"https:\/\/www.europesays.com\/fi\/164932\/"},"modified":"2026-02-09T05:14:14","modified_gmt":"2026-02-09T05:14:14","slug":"kolme-nuorta-miesta-epailtyna-torkeasta-ryostosta-jyvaskylassa-keski-suomi","status":"publish","type":"post","link":"https:\/\/www.europesays.com\/fi\/164932\/","title":{"rendered":"Kolme nuorta miest\u00e4 ep\u00e4iltyn\u00e4 t\u00f6rke\u00e4st\u00e4 ry\u00f6st\u00f6st\u00e4 Jyv\u00e4skyl\u00e4ss\u00e4 | Keski-Suomi"},"content":{"rendered":"<p class=\"aw-1gybjub aw-5vja16 kEtdKx kmuxyA yle__article__paragraph\">Uhri selvisi tilanteesta lievin vammoin.<\/p>\n<p><img decoding=\"async\" alt=\"Kuvassa on kuvattuna poliisin selk\u00e4. LIiviss\u00e4 lukee isoilla kirjaimilla poliisi. Vasemmalla puolella n\u00e4kyy virka-aseen yl\u00e4osa.\" src=\"https:\/\/www.europesays.com\/fi\/wp-content\/uploads\/2026\/02\/39-1589540697c9f667efe5.jpeg\" class=\"aw-1l9m598 hKVVvP\"\/><\/p>\n<p>Avaa kuvien katselu<\/p>\n<p>Kuvituskuva, joka ei liity tapaukseen. Kuva: Mikko Haapanen \/ Yle<\/p>\n<p class=\"aw-1gybjub aw-1p7kakr kEtdKx cEmitX yle__article__paragraph\">Kolme 2000-luvulla syntynytt\u00e4 miest\u00e4 on otettu kiinni ep\u00e4iltyn\u00e4 t\u00f6rke\u00e4st\u00e4 ry\u00f6st\u00f6st\u00e4 lauantaina Jyv\u00e4skyl\u00e4n Nisulassa.<\/p>\n<p class=\"aw-1gybjub aw-1p7kakr kEtdKx cEmitX yle__article__paragraph\">Uhriksi joutui 1990-luvulla syntynyt mies, joka selvisi tapauksesta lievin vammoin.<\/p>\n<p class=\"aw-1gybjub aw-1p7kakr kEtdKx cEmitX yle__article__paragraph\">Poliisi sai ilmoituksen v\u00e4kivaltatilanteesta ja otti ep\u00e4illyt kiinni tapahtumapaikan l\u00e4helt\u00e4.<\/p>\n<p class=\"aw-1gybjub aw-1p7kakr kEtdKx cEmitX yle__article__paragraph\">P\u00e4ivyst\u00e4v\u00e4 tutkinnanjohtaja <strong class=\"aw-ak79eh KyCXm yle__article__strong\">Paavo Ritari<\/strong> Sis\u00e4-Suomen poliisilaitokselta arvioi, ett\u00e4 osapuolet eiv\u00e4t olleet sattumalta paikalla, joten he mahdollisesti tunsivat toisensa jollain tavalla.<\/p>\n<p class=\"aw-1gybjub aw-1p7kakr kEtdKx cEmitX yle__article__paragraph\">\u2013 Poliisin k\u00e4sityksen mukaan mit\u00e4\u00e4n uhkaa ulkopuolisille ei ollut, Ritari kertoo.<\/p>\n<p class=\"aw-1gybjub aw-1p7kakr kEtdKx cEmitX yle__article__paragraph\">Tutkinnallisista syist\u00e4 poliisi ei kerro t\u00e4ss\u00e4 vaiheessa tarkempia yksityiskohtia.<\/p>\n<p class=\"aw-1gybjub aw-1p7kakr kEtdKx cEmitX yle__article__paragraph\">Ritarin mukaan ep\u00e4iltyjen syytteet t\u00e4smentyv\u00e4t tutkinnan edetess\u00e4.<\/p>\n<p class=\"aw-1gybjub aw-1p7kakr kEtdKx cEmitX yle__article__paragraph\">Asiasta kertoi ensimm\u00e4isen\u00e4 <a class=\"aw-iao6s4 iHOxEa yle__article__link\" href=\"https:\/\/www.ksml.fi\/paikalliset\/9202778\" role=\"link\" rel=\"nofollow noopener\" target=\"_blank\">Keskisuomalainen<\/a>.<\/p>\n","protected":false},"excerpt":{"rendered":"Uhri selvisi tilanteesta lievin vammoin. Avaa kuvien katselu Kuvituskuva, joka ei liity tapaukseen. Kuva: Mikko Haapanen \/ Yle&hellip;\n","protected":false},"author":2,"featured_media":164933,"comment_status":"","ping_status":"","sticky":false,"template":"","format":"standard","meta":{"footnotes":"","_share_on_mastodon":"0"},"categories":[12],"tags":[22,23,26,27,33,31,30,17,425,474,24,25,28,29,15,18,21,52,11343,1283,581,1263,4678,32,19,20,16],"class_list":["post-164932","post","type-post","status-publish","format-standard","has-post-thumbnail","category-suomi","tag-breaking-news","tag-breakingnews","tag-featured-news","tag-featurednews","tag-fi","tag-finland","tag-finnish","tag-headlines","tag-jyvaskyla","tag-keski-suomi","tag-latest-news","tag-latestnews","tag-main-news","tag-mainnews","tag-news","tag-otsikot","tag-paauutiset","tag-poliisi","tag-poliisipartio","tag-poliisitutkinta","tag-rikokset","tag-rikosepailyt","tag-ryosto","tag-suomi","tag-top-stories","tag-topstories","tag-uutiset"],"share_on_mastodon":{"url":"https:\/\/pubeurope.com\/@fi\/116038969895885460","error":""},"_links":{"self":[{"href":"https:\/\/www.europesays.com\/fi\/wp-json\/wp\/v2\/posts\/164932","targetHints":{"allow":["GET"]}}],"collection":[{"href":"https:\/\/www.europesays.com\/fi\/wp-json\/wp\/v2\/posts"}],"about":[{"href":"https:\/\/www.europesays.com\/fi\/wp-json\/wp\/v2\/types\/post"}],"author":[{"embeddable":true,"href":"https:\/\/www.europesays.com\/fi\/wp-json\/wp\/v2\/users\/2"}],"replies":[{"embeddable":true,"href":"https:\/\/www.europesays.com\/fi\/wp-json\/wp\/v2\/comments?post=164932"}],"version-history":[{"count":0,"href":"https:\/\/www.europesays.com\/fi\/wp-json\/wp\/v2\/posts\/164932\/revisions"}],"wp:featuredmedia":[{"embeddable":true,"href":"https:\/\/www.europesays.com\/fi\/wp-json\/wp\/v2\/media\/164933"}],"wp:attachment":[{"href":"https:\/\/www.europesays.com\/fi\/wp-json\/wp\/v2\/media?parent=164932"}],"wp:term":[{"taxonomy":"category","embeddable":true,"href":"https:\/\/www.europesays.com\/fi\/wp-json\/wp\/v2\/categories?post=164932"},{"taxonomy":"post_tag","embeddable":true,"href":"https:\/\/www.europesays.com\/fi\/wp-json\/wp\/v2\/tags?post=164932"}],"curies":[{"name":"wp","href":"https:\/\/api.w.org\/{rel}","templated":true}]}}