{"id":164994,"date":"2026-02-09T06:57:08","date_gmt":"2026-02-09T06:57:08","guid":{"rendered":"https:\/\/www.europesays.com\/fi\/164994\/"},"modified":"2026-02-09T06:57:08","modified_gmt":"2026-02-09T06:57:08","slug":"veturinkuljettajien-kolmipaivainen-lakko-alkaa-espanjassa-uutisia-lyhyesti","status":"publish","type":"post","link":"https:\/\/www.europesays.com\/fi\/164994\/","title":{"rendered":"Veturin\u00adkuljettajien kolmip\u00e4iv\u00e4inen lakko alkaa Espanjassa | Uutisia lyhyesti"},"content":{"rendered":"<p class=\"aw-1gybjub aw-1p7kakr kEtdKx cEmitX yle__article__paragraph\">Espanjassa alkaa t\u00e4n\u00e4\u00e4n veturinkuljettajien lakko.<\/p>\n<p class=\"aw-1gybjub aw-1p7kakr kEtdKx cEmitX yle__article__paragraph\">Junaliikenteest\u00e4 vastaavat yritykset ovat peruneet yli tuhat keskipitk\u00e4n matkan ja kaukoliikenteen junavuoroa, kertoo espanjalaislehti <a class=\"aw-iao6s4 iHOxEa yle__article__link\" href=\"https:\/\/www.elmundo.es\/economia\/2026\/02\/07\/6986288921efa0fa428b45b8.html\" role=\"link\" rel=\"nofollow noopener\" target=\"_blank\">El Mundo<\/a>.<\/p>\n<p class=\"aw-1gybjub aw-1p7kakr kEtdKx cEmitX yle__article__paragraph\">Junaliikenne yritet\u00e4\u00e4n kuitenkin saada kulkemaan lakkop\u00e4ivin\u00e4 Espanjan hallinnon ja itsehallintoalueiden asettamilla raideliikenteen v\u00e4himm\u00e4istasoilla.<\/p>\n<p class=\"aw-1gybjub aw-1p7kakr kEtdKx cEmitX yle__article__paragraph\">Keskiviikkoon asti kest\u00e4v\u00e4n ty\u00f6nseisauksen taustalla ovat tammikuussa tapahtuneet useat junaonnettomuudet. Veturinkuljettajien ammattiliitto <a class=\"aw-iao6s4 iHOxEa yle__article__link\" href=\"https:\/\/www.semaf.org\/informaciones\/semaf-convoca-huelga-general\/\" role=\"link\" rel=\"nofollow noopener\" target=\"_blank\">vaatii<\/a> parannuksia muun muassa Espanjan raideinfrastruktuuriin ja ty\u00f6ntekij\u00f6iden turvallisuuden takaamiseen.<\/p>\n","protected":false},"excerpt":{"rendered":"Espanjassa alkaa t\u00e4n\u00e4\u00e4n veturinkuljettajien lakko. Junaliikenteest\u00e4 vastaavat yritykset ovat peruneet yli tuhat keskipitk\u00e4n matkan ja kaukoliikenteen junavuoroa, kertoo&hellip;\n","protected":false},"author":2,"featured_media":164995,"comment_status":"","ping_status":"","sticky":false,"template":"","format":"standard","meta":{"footnotes":"","_share_on_mastodon":"0"},"categories":[14],"tags":[22,23,1819,26,27,33,31,30,17,3846,24,25,1161,28,29,15,18,21,1711,32,19,20,25231,56,16,25230,59,60,61],"class_list":["post-164994","post","type-post","status-publish","format-standard","has-post-thumbnail","category-ulkomaat","tag-breaking-news","tag-breakingnews","tag-espanja","tag-featured-news","tag-featurednews","tag-fi","tag-finland","tag-finnish","tag-headlines","tag-lakot","tag-latest-news","tag-latestnews","tag-liikenne","tag-main-news","tag-mainnews","tag-news","tag-otsikot","tag-paauutiset","tag-rautatieliikenne","tag-suomi","tag-top-stories","tag-topstories","tag-tyotaistelut","tag-ulkomaat","tag-uutiset","tag-veturinkuljettajat","tag-world","tag-world-news","tag-worldnews"],"share_on_mastodon":{"url":"https:\/\/pubeurope.com\/@fi\/116039374864731073","error":""},"_links":{"self":[{"href":"https:\/\/www.europesays.com\/fi\/wp-json\/wp\/v2\/posts\/164994","targetHints":{"allow":["GET"]}}],"collection":[{"href":"https:\/\/www.europesays.com\/fi\/wp-json\/wp\/v2\/posts"}],"about":[{"href":"https:\/\/www.europesays.com\/fi\/wp-json\/wp\/v2\/types\/post"}],"author":[{"embeddable":true,"href":"https:\/\/www.europesays.com\/fi\/wp-json\/wp\/v2\/users\/2"}],"replies":[{"embeddable":true,"href":"https:\/\/www.europesays.com\/fi\/wp-json\/wp\/v2\/comments?post=164994"}],"version-history":[{"count":0,"href":"https:\/\/www.europesays.com\/fi\/wp-json\/wp\/v2\/posts\/164994\/revisions"}],"wp:featuredmedia":[{"embeddable":true,"href":"https:\/\/www.europesays.com\/fi\/wp-json\/wp\/v2\/media\/164995"}],"wp:attachment":[{"href":"https:\/\/www.europesays.com\/fi\/wp-json\/wp\/v2\/media?parent=164994"}],"wp:term":[{"taxonomy":"category","embeddable":true,"href":"https:\/\/www.europesays.com\/fi\/wp-json\/wp\/v2\/categories?post=164994"},{"taxonomy":"post_tag","embeddable":true,"href":"https:\/\/www.europesays.com\/fi\/wp-json\/wp\/v2\/tags?post=164994"}],"curies":[{"name":"wp","href":"https:\/\/api.w.org\/{rel}","templated":true}]}}