{"id":165195,"date":"2026-02-09T13:30:09","date_gmt":"2026-02-09T13:30:09","guid":{"rendered":"https:\/\/www.europesays.com\/fi\/165195\/"},"modified":"2026-02-09T13:30:09","modified_gmt":"2026-02-09T13:30:09","slug":"jattiraportti-kaskee-yrityksia-hidastamaan-luontokatoa-tai-muuten-niille-kay-huonosti-talous","status":"publish","type":"post","link":"https:\/\/www.europesays.com\/fi\/165195\/","title":{"rendered":"J\u00e4ttiraportti k\u00e4skee yrityksi\u00e4 hidastamaan luontokatoa tai muuten niille k\u00e4y huonosti | Talous"},"content":{"rendered":"<p class=\"aw-1gybjub aw-5vja16 kEtdKx kmuxyA yle__article__paragraph\">Kansainv\u00e4linen, hallitustenv\u00e4linen luontopaneeli IPBES listaa kymmeni\u00e4 keinoja, joilla yritykset voisivat palauttaa luonnon hyvinvointia.<\/p>\n<p><img decoding=\"async\" alt=\"Kaivinkone ennallistamassa suoaluetta. Se peitt\u00e4\u00e4 kaivettuja mets\u00e4ojia umpeen.\" src=\"https:\/\/www.europesays.com\/fi\/wp-content\/uploads\/2026\/02\/39-153146368dd222010851.jpeg\" class=\"aw-1l9m598 hKVVvP\"\/><\/p>\n<p>Avaa kuvien katselu<\/p>\n<p>Mets\u00e4yhti\u00f6 UPM ennallisti suota Pihtiputaalla syksyll\u00e4 2025. Ennallistaminen on keino hidastaa luontokatoa. Se tarkoittaa suon palauttamista luonnontilaan peitt\u00e4m\u00e4ll\u00e4 mets\u00e4ojat. Kuva: Jarkko Riikonen \/ Yle<\/p>\n<ul class=\"aw-1jjocuh iJTSwP yle__article__list yle__article__list--ul\">\n<li class=\"aw-1j7gwms gNYKfi\">Yrityksill\u00e4 on avainrooli luontokadon pys\u00e4ytt\u00e4misess\u00e4, toteaa hallitustenv\u00e4linen luontopaneeli IPBES tuoreessa raportissaan.<\/li>\n<li class=\"aw-1j7gwms gNYKfi\">Raportin mukaan yrityksilt\u00e4 puuttuvat kannustimet suojella luontoa. Nykyinen talouskasvu on aiheuttanut luontokatoa.<\/li>\n<li class=\"aw-1j7gwms gNYKfi\">Suomen luontopaneeli ehdottaa ratkaisuksi uutta luontolakia ja pakollista luontohaittojen kirjanpitoa yrityksille.<\/li>\n<\/ul>\n<p class=\"aw-1gybjub aw-1p7kakr kEtdKx cEmitX yle__article__paragraph\">Yritykset ovat isossa roolissa luontokadon pys\u00e4ytt\u00e4misess\u00e4, hallitustenv\u00e4linen luontopaneeli IPBES sanoo. Laaja raportti julkaistiin t\u00e4n\u00e4\u00e4n maanantaina.<\/p>\n<p class=\"aw-1gybjub aw-1p7kakr kEtdKx cEmitX yle__article__paragraph\">Raportin mukaan yrityksill\u00e4 on paljon parannettavaa toiminnassaan luonnon hyvinvoinnin suhteen.<\/p>\n<p class=\"aw-1gybjub aw-1p7kakr kEtdKx cEmitX yle__article__paragraph\">Vain alle prosentti julkisista yrityksist\u00e4 k\u00e4sittelee toimintansa vaikutuksia biodiversiteetiin raporteissaan.<\/p>\n<p class=\"aw-1gybjub aw-1p7kakr kEtdKx cEmitX yle__article__paragraph\">\u2013 Kaikki yritykset ovat sek\u00e4 riippuvaisia luonnosta ett\u00e4 ne vaikuttavat luontoon. Luontovaikutuksista nousee yritysten liiketoiminnalle konkreettisia riskej\u00e4, joita ne eiv\u00e4t voi hallita, jos ne eiv\u00e4t tunne omia vaikutuksiaan, Suomen luontopaneelin puheenjohtaja <strong class=\"aw-ak79eh KyCXm yle__article__strong\">Janne Kotiaho<\/strong> sanoo.<\/p>\n<p class=\"aw-1gybjub aw-1p7kakr kEtdKx cEmitX yle__article__paragraph\">Kotiaho seurasi IPBESin kokousta et\u00e4n\u00e4 Suomesta k\u00e4sin. Kokous pidettiin viikonloppuna Manchesterissa.<\/p>\n<p class=\"aw-1gybjub aw-1p7kakr kEtdKx cEmitX yle__article__paragraph\">IPBES on riippumaton, maiden hallitusten yhteinen YK:n alainen elin. Nyt julkaistua, paneelin raporttia on ollut tekem\u00e4ss\u00e4 79 asiantuntijaa eri maista.<\/p>\n<p><img decoding=\"async\" alt=\"Luontopaneelin puheenjohtaja Janne Kotiaho kuvattuna kotona ty\u00f6huoneessaan jonka sein\u00e4t ovat vuorattu kirjoilla.\" src=\"https:\/\/www.europesays.com\/fi\/wp-content\/uploads\/2026\/02\/39-134955166e95046b15dd.jpeg\" loading=\"lazy\" class=\"aw-1l9m598 hKVVvP\"\/><\/p>\n<p>Avaa kuvien katselu<\/p>\n<p>Ekologian professori Janne Kotiaho johtaa Suomen luontopaneelia. Kuva: Niko Mannonen \/ Yle<\/p>\n<p class=\"aw-1gybjub aw-1p7kakr kEtdKx cEmitX yle__article__paragraph\">Vuosina 1820\u20132022 eli noin kahdensadan vuoden aikana maailman talous on satakertaistunut noin 100 000 miljardiin euroon.<\/p>\n<p class=\"aw-1gybjub aw-1p7kakr kEtdKx cEmitX yle__article__paragraph\">IPBESin mukaan talouskasvu on aiheuttanut luontokatoa, joka puolestaan uhkaa nyt paitsi taloutta my\u00f6s ihmisten hyvinvointia.<\/p>\n<p class=\"aw-1gybjub aw-1p7kakr kEtdKx cEmitX yle__article__paragraph\">Luonnon ihmisille tuottamia hy\u00f6tyj\u00e4 mittaavista 18 luokasta jopa 14 on heikentynyt.<\/p>\n<p class=\"aw-1gybjub aw-1p7kakr kEtdKx cEmitX yle__article__paragraph\">\u2013 Kun n\u00e4m\u00e4 riskit tunnistetaan, voimme est\u00e4\u00e4 kuluja nousemasta kuten ruoan hintaa, kalliimpia vakuutusmaksuja ja talouden ep\u00e4vakautta. N\u00e4m\u00e4 vaikuttavat perheisiin ja yhteis\u00f6ihin kaikkialla, YK:n ymp\u00e4rist\u00f6ohjelman johtaja <strong class=\"aw-ak79eh KyCXm yle__article__strong\">Inger Andersen<\/strong> sanoo.<\/p>\n<p class=\"aw-1gybjub aw-1p7kakr kEtdKx cEmitX yle__article__paragraph\">\u2013 Yritykset voivat muuttaa maailmantaloutta kest\u00e4v\u00e4mm\u00e4ksi tai vied\u00e4 meid\u00e4t sukupuuton partaalle \u2013 luonnon lajien ja mahdollisesti my\u00f6s ihmisen, raportin p\u00e4\u00e4kirjoittajiin kuuluva <strong class=\"aw-ak79eh KyCXm yle__article__strong\">Matt Jones<\/strong> maalailee.<\/p>\n<p class=\"aw-1gybjub aw-1p7kakr kEtdKx cEmitX yle__article__paragraph\">IPBESin mukaan yrityksill\u00e4 ei ole t\u00e4ll\u00e4 hetkell\u00e4 kannustimia luonnon monimuotoisuuden turvaamiseen eik\u00e4 niille my\u00f6sk\u00e4\u00e4n koidu seuraamuksia siit\u00e4, ett\u00e4 ne eiv\u00e4t pyri est\u00e4m\u00e4\u00e4n toimintansa aiheuttamia luontohaittoja. Luontohaitat eiv\u00e4t useinkaan lankea yritysten itsens\u00e4 maksettavaksi.<\/p>\n<p class=\"aw-1gybjub aw-1p7kakr kEtdKx cEmitX yle__article__paragraph\">Paneelin mukaan luonnolle haitallisia tuista tulisi paneelin mukaan p\u00e4\u00e4st\u00e4 eroon.<\/p>\n<p class=\"aw-1gybjub aw-1p7kakr kEtdKx cEmitX yle__article__paragraph\">Yhteens\u00e4 IPBES listaa raportissaan kymmeni\u00e4 eri keinoja yrityksille parantaa luonnon tilaa. Viherpesun v\u00e4ltt\u00e4miseksi on oleellista, ett\u00e4 toimet l\u00e4pin\u00e4kyvi\u00e4 ja uskottavia.<\/p>\n<p>Luontolaki lis\u00e4isi ennakoivuutta<\/p>\n<p class=\"aw-1gybjub aw-1p7kakr kEtdKx cEmitX yle__article__paragraph\">Suomi on sitoutunut kartoittamaan luonnolle haitalliset tuet ja poistamaan tai uudelleen kohdentamaan ne luonnon tilaa tukeviksi vuoteen 2030 menness\u00e4. Sitoumus tulee YK:n luontokokouksen p\u00e4\u00e4t\u00f6slauselmasta.<\/p>\n<p class=\"aw-1gybjub aw-1p7kakr kEtdKx cEmitX yle__article__paragraph\">Suomen luontopaneelin mukaan Suomeen tarvittaisiin ilmastolakia vastaava, kaikkia hallinnonaloja ohjaava luontolaki.<\/p>\n<p class=\"aw-1gybjub aw-1p7kakr kEtdKx cEmitX yle__article__paragraph\">Janne Kotiahon mukaan se lis\u00e4isi ennakoivuutta sek\u00e4 n\u00e4kym\u00e4n yli hallituskausien.<\/p>\n<p class=\"aw-1gybjub aw-1p7kakr kEtdKx cEmitX yle__article__paragraph\">\u2013 Luontolaissa voitaisiin velvoittaa kaikki luontohaittaa aiheuttavat toimijat haittojen v\u00e4ltt\u00e4miseen ja v\u00e4ist\u00e4m\u00e4tt\u00f6mien haittojen ylikompensointiin luonnolle, Kotiaho sanoo.<\/p>\n<p class=\"aw-1gybjub aw-1p7kakr kEtdKx cEmitX yle__article__paragraph\">Ylikompensointi tarkoittaa, ett\u00e4 yrityksen toiminta parantaa luonnon tilaa. Pelkk\u00e4 kompensointi vain hyvitt\u00e4isi syntyneet haitat.<\/p>\n<p class=\"aw-1gybjub aw-1p7kakr kEtdKx cEmitX yle__article__paragraph\">Aiheuttaja maksaa -periaatteen toteuttamiseksi tarvitaan ty\u00f6kaluja. Luontopaneeli ehdottaa luontohaittamaksun, maank\u00e4yt\u00f6nmuutosmaksun ja erilaisten ekologisten kompensaatioiden k\u00e4ytt\u00f6\u00f6nottoa.<\/p>\n<p class=\"aw-1gybjub aw-1p7kakr kEtdKx cEmitX yle__article__paragraph\">Luontopaneeli s\u00e4\u00e4t\u00e4isi yrityksille ja muille kirjanpitovelvollisille organisaatioille velvollisuuden pit\u00e4\u00e4 kirjaa luontohaitoista. Siit\u00e4 on saatu Suomessa jo kokemuksia pilottihankkeissa.<\/p>\n<p class=\"aw-1gybjub aw-1p7kakr kEtdKx cEmitX yle__article__paragraph\">\u2013 Kirjanpidon vakiinnuttua me voisimme sen perusteella s\u00e4\u00e4t\u00e4\u00e4 luontohaittaveron tukemaan valtiontaloutta, Kotiaho ehdottaa.<\/p>\n","protected":false},"excerpt":{"rendered":"Kansainv\u00e4linen, hallitustenv\u00e4linen luontopaneeli IPBES listaa kymmeni\u00e4 keinoja, joilla yritykset voisivat palauttaa luonnon hyvinvointia. Avaa kuvien katselu Mets\u00e4yhti\u00f6 UPM&hellip;\n","protected":false},"author":2,"featured_media":165196,"comment_status":"","ping_status":"","sticky":false,"template":"","format":"standard","meta":{"footnotes":"","_share_on_mastodon":"0"},"categories":[117],"tags":[33,31,30,2601,72,1099,476,118,32,78,119,477],"class_list":["post-165195","post","type-post","status-publish","format-standard","has-post-thumbnail","category-luonto","tag-fi","tag-finland","tag-finnish","tag-luonnon-monimuotoisuus","tag-luonto","tag-luontokato","tag-nature","tag-science","tag-suomi","tag-talous","tag-tiede","tag-wildlife"],"share_on_mastodon":{"url":"https:\/\/pubeurope.com\/@fi\/116040920139020318","error":""},"_links":{"self":[{"href":"https:\/\/www.europesays.com\/fi\/wp-json\/wp\/v2\/posts\/165195","targetHints":{"allow":["GET"]}}],"collection":[{"href":"https:\/\/www.europesays.com\/fi\/wp-json\/wp\/v2\/posts"}],"about":[{"href":"https:\/\/www.europesays.com\/fi\/wp-json\/wp\/v2\/types\/post"}],"author":[{"embeddable":true,"href":"https:\/\/www.europesays.com\/fi\/wp-json\/wp\/v2\/users\/2"}],"replies":[{"embeddable":true,"href":"https:\/\/www.europesays.com\/fi\/wp-json\/wp\/v2\/comments?post=165195"}],"version-history":[{"count":0,"href":"https:\/\/www.europesays.com\/fi\/wp-json\/wp\/v2\/posts\/165195\/revisions"}],"wp:featuredmedia":[{"embeddable":true,"href":"https:\/\/www.europesays.com\/fi\/wp-json\/wp\/v2\/media\/165196"}],"wp:attachment":[{"href":"https:\/\/www.europesays.com\/fi\/wp-json\/wp\/v2\/media?parent=165195"}],"wp:term":[{"taxonomy":"category","embeddable":true,"href":"https:\/\/www.europesays.com\/fi\/wp-json\/wp\/v2\/categories?post=165195"},{"taxonomy":"post_tag","embeddable":true,"href":"https:\/\/www.europesays.com\/fi\/wp-json\/wp\/v2\/tags?post=165195"}],"curies":[{"name":"wp","href":"https:\/\/api.w.org\/{rel}","templated":true}]}}