{"id":16524,"date":"2025-08-26T05:55:06","date_gmt":"2025-08-26T05:55:06","guid":{"rendered":"https:\/\/www.europesays.com\/fi\/16524\/"},"modified":"2025-08-26T05:55:06","modified_gmt":"2025-08-26T05:55:06","slug":"iran-kahden-antisemitistisen-hyokkayksen-takana-australiassa-sanoo-paaministeri-uutisia-lyhyesti","status":"publish","type":"post","link":"https:\/\/www.europesays.com\/fi\/16524\/","title":{"rendered":"Iran kahden antisemitistisen hy\u00f6kk\u00e4yksen takana Australiassa, sanoo p\u00e4\u00e4ministeri | Uutisia lyhyesti"},"content":{"rendered":"<p class=\"sc-jYczwO sc-dNFkOE bUKqJd eiHPxO yle__article__paragraph\">Antisemitistiset hy\u00f6kk\u00e4ykset ovat lis\u00e4\u00e4ntyneet Australiassa Israelin ja Hamasin v\u00e4lisen sodan alkamisen j\u00e4lkeen.<\/p>\n<p class=\"sc-jYczwO sc-ciCoXh bUKqJd cIOueB yle__article__paragraph\">Australian p\u00e4\u00e4ministeri <strong class=\"sc-eEHciv gtNhAX yle__article__strong\">Anthony Albanese<\/strong> syytti Irania kahden antisemitistisen hy\u00f6kk\u00e4yksen ohjailemisesta Australiassa ja ilmoitti maan katkaisevansa diplomaattiset suhteet Iraniin.<\/p>\n<p class=\"sc-jYczwO sc-ciCoXh bUKqJd cIOueB yle__article__paragraph\">Albanese kertoi, ett\u00e4 Australian tiedustelupalvelut olivat yhdist\u00e4neet Iranin Sydneyss\u00e4 sijaitsevan ravintolan ja Melbournen synagogan vastaisiin hy\u00f6kk\u00e4yksiin. Hy\u00f6kk\u00e4ykset tapahtuivat viime vuoden lokakuussa ja joulukuussa.<\/p>\n<p class=\"sc-jYczwO sc-ciCoXh bUKqJd cIOueB yle__article__paragraph\">Antisemitistiset hy\u00f6kk\u00e4ykset ovat lis\u00e4\u00e4ntyneet molemmissa kaupungeissa Israelin ja Hamasin v\u00e4lisen sodan alkamisen j\u00e4lkeen l\u00e4hes kaksi vuotta sitten.<\/p>\n<p class=\"sc-jYczwO sc-ciCoXh bUKqJd cIOueB yle__article__paragraph\">Ennen ilmoitusta Australian hallitus ilmoitti Iranin Australian-suurl\u00e4hettil\u00e4\u00e4lle <strong class=\"sc-eEHciv gtNhAX yle__article__strong\">Ahmad Sadeghille<\/strong>, ett\u00e4 h\u00e4net karkotetaan. Australia veti Iraniin sijoitetut diplomaattinsa kolmanteen maahan, Albanese sanoi.<\/p>\n<p class=\"sc-jYczwO sc-ciCoXh bUKqJd cIOueB yle__article__paragraph\">Australia aikoo s\u00e4\u00e4t\u00e4\u00e4 lain, jossa Iranin islamilainen vallankumouskaarti listataan terroristij\u00e4rjest\u00f6ksi, Albanese sanoi.<\/p>\n<p class=\"sc-jYczwO sc-ciCoXh bUKqJd cIOueB yle__article__paragraph\">\u2013 N\u00e4m\u00e4 olivat poikkeuksellisia ja vaarallisia hy\u00f6kk\u00e4ystoimia, jotka j\u00e4rjestettiin vieraan valtion toimesta Australian maaper\u00e4ll\u00e4, Albanese sanoi.<\/p>\n<p class=\"sc-jYczwO sc-ciCoXh bUKqJd cIOueB yle__article__paragraph\">\u2013 Ne olivat yrityksi\u00e4 heikent\u00e4\u00e4 sosiaalista yhteenkuuluvuutta ja kylv\u00e4\u00e4 eripuraa yhteis\u00f6ss\u00e4mme. Se on t\u00e4ysin tuomittavaa, h\u00e4n lis\u00e4si.<\/p>\n<p class=\"sc-jYczwO sc-ciCoXh bUKqJd cIOueB yle__article__paragraph\">AP, AFP, Reuters<\/p>\n","protected":false},"excerpt":{"rendered":"Antisemitistiset hy\u00f6kk\u00e4ykset ovat lis\u00e4\u00e4ntyneet Australiassa Israelin ja Hamasin v\u00e4lisen sodan alkamisen j\u00e4lkeen. Australian p\u00e4\u00e4ministeri Anthony Albanese syytti Irania&hellip;\n","protected":false},"author":2,"featured_media":74,"comment_status":"","ping_status":"","sticky":false,"template":"","format":"standard","meta":{"footnotes":""},"categories":[5],"tags":[4760,3751,22,23,26,27,33,31,30,4601,17,3648,70,24,25,28,29,15,18,21,32,19,20,56,16],"class_list":{"0":"post-16524","1":"post","2":"type-post","3":"status-publish","4":"format-standard","5":"has-post-thumbnail","7":"category-otsikot","8":"tag-antisemitismi","9":"tag-australia","10":"tag-breaking-news","11":"tag-breakingnews","12":"tag-featured-news","13":"tag-featurednews","14":"tag-fi","15":"tag-finland","16":"tag-finnish","17":"tag-hamasin-hyokkays-israeliin-2023","18":"tag-headlines","19":"tag-iran","20":"tag-kansainvalinen-politiikka","21":"tag-latest-news","22":"tag-latestnews","23":"tag-main-news","24":"tag-mainnews","25":"tag-news","26":"tag-otsikot","27":"tag-paauutiset","28":"tag-suomi","29":"tag-top-stories","30":"tag-topstories","31":"tag-ulkomaat","32":"tag-uutiset"},"share_on_mastodon":{"url":"","error":""},"_links":{"self":[{"href":"https:\/\/www.europesays.com\/fi\/wp-json\/wp\/v2\/posts\/16524","targetHints":{"allow":["GET"]}}],"collection":[{"href":"https:\/\/www.europesays.com\/fi\/wp-json\/wp\/v2\/posts"}],"about":[{"href":"https:\/\/www.europesays.com\/fi\/wp-json\/wp\/v2\/types\/post"}],"author":[{"embeddable":true,"href":"https:\/\/www.europesays.com\/fi\/wp-json\/wp\/v2\/users\/2"}],"replies":[{"embeddable":true,"href":"https:\/\/www.europesays.com\/fi\/wp-json\/wp\/v2\/comments?post=16524"}],"version-history":[{"count":0,"href":"https:\/\/www.europesays.com\/fi\/wp-json\/wp\/v2\/posts\/16524\/revisions"}],"wp:featuredmedia":[{"embeddable":true,"href":"https:\/\/www.europesays.com\/fi\/wp-json\/wp\/v2\/media\/74"}],"wp:attachment":[{"href":"https:\/\/www.europesays.com\/fi\/wp-json\/wp\/v2\/media?parent=16524"}],"wp:term":[{"taxonomy":"category","embeddable":true,"href":"https:\/\/www.europesays.com\/fi\/wp-json\/wp\/v2\/categories?post=16524"},{"taxonomy":"post_tag","embeddable":true,"href":"https:\/\/www.europesays.com\/fi\/wp-json\/wp\/v2\/tags?post=16524"}],"curies":[{"name":"wp","href":"https:\/\/api.w.org\/{rel}","templated":true}]}}