{"id":165342,"date":"2026-02-09T17:20:12","date_gmt":"2026-02-09T17:20:12","guid":{"rendered":"https:\/\/www.europesays.com\/fi\/165342\/"},"modified":"2026-02-09T17:20:12","modified_gmt":"2026-02-09T17:20:12","slug":"helmikuun-pitka-pakkasjakso-aiheutti-ruuhkia-hinauspalveluissa-paijat-hameessa-paijat-hame","status":"publish","type":"post","link":"https:\/\/www.europesays.com\/fi\/165342\/","title":{"rendered":"Helmikuun pitk\u00e4 pakkasjakso aiheutti ruuhkia hinaus\u00adpalveluissa P\u00e4ij\u00e4t-H\u00e4meess\u00e4 | P\u00e4ij\u00e4t-H\u00e4me"},"content":{"rendered":"<p class=\"aw-1gybjub aw-5vja16 kEtdKx kmuxyA yle__article__paragraph\">Ruuhkahuiput ovat ajoittuneet aamu- ja iltap\u00e4iviin, kun ihmiset ovat yritt\u00e4neet p\u00e4\u00e4st\u00e4 autoillaan ty\u00f6matkojaan.<\/p>\n<p><img decoding=\"async\" alt=\"kuurainen auton etulamppu.\" src=\"https:\/\/www.europesays.com\/fi\/wp-content\/uploads\/2026\/02\/39-1584073696f5d631967e.jpeg\" class=\"aw-1l9m598 hKVVvP\"\/><\/p>\n<p>Avaa kuvien katselu<\/p>\n<p>Pakkanen j\u00e4tti monet autoilijat kotipihaan. Kuvituskuva. Kuva: Samuli Holopainen \/ Yle<\/p>\n<p class=\"aw-1gybjub aw-1p7kakr kEtdKx cEmitX yle__article__paragraph\">Pitk\u00e4 pakkasjakso koetteli autoja helmikuun alussa. Ilmatieteen laitoksen mukaan Etel\u00e4-Suomessa on ollut jopa <a class=\"aw-iao6s4 iHOxEa yle__article__link\" href=\"https:\/\/yle.fi\/a\/74-20209005\" role=\"link\" rel=\"nofollow noopener\" target=\"_blank\">10 astetta tavallista kylmemp\u00e4\u00e4<\/a>.<\/p>\n<p class=\"aw-1gybjub aw-1p7kakr kEtdKx cEmitX yle__article__paragraph\">Lahden hinauspalvelussa ja Salon Korjaamossa apua tarvitsevien m\u00e4\u00e4r\u00e4 moninkertaistui pakkasen kiristytty\u00e4. Pakkanen hyydytti autojen akkuja niin, ett\u00e4 ne tarvitsivat apuvirtaa. Lis\u00e4ksi esimerkiksi dieselautoissa polttoaine on j\u00e4hmettynyt ja ovet ovat menneet lukkoon kesken ikkunoiden puhdistamisen.<\/p>\n<p class=\"aw-1gybjub aw-1p7kakr kEtdKx cEmitX yle__article__paragraph\">\u2013 Nykyautoissa on jo niin paljon s\u00e4hk\u00f6laitteita. Ovien lukitukseen tarvitaan virtaa, monesti jotkut valot syttyv\u00e4t heti, kun ovien lukitus avataan. Jos ajetaan lyhyit\u00e4 matkoja, pakkanen hyydytt\u00e4\u00e4 akun. Kun sitten s\u00e4hk\u00f6laitteet k\u00e4ynnistyv\u00e4t, virtaa ei en\u00e4\u00e4 riit\u00e4 moottorin k\u00e4ynnist\u00e4miseen, Lahden hinauspalvelun ty\u00f6njohtaja <strong class=\"aw-ak79eh KyCXm yle__article__strong\">Olli Nuuttila<\/strong> kertoo.<\/p>\n<p class=\"aw-1gybjub aw-1p7kakr kEtdKx cEmitX yle__article__paragraph\">Ruuhkahuiput ovat ajoittuneet aamu- ja iltap\u00e4iviin, kun ihmiset ovat yritt\u00e4neet p\u00e4\u00e4st\u00e4 autoillaan ty\u00f6matkojaan.<\/p>\n<p>Lis\u00e4virran antamisessa saa olla tarkkana<\/p>\n<p class=\"aw-1gybjub aw-1p7kakr kEtdKx cEmitX yle__article__paragraph\">Akun hyytymiseen auttaa usein apuvirran antaminen. Lis\u00e4virtaa voi antaa kuka vain toisesta autosta, mutta siihen liittyy riskej\u00e4, jos v\u00e4lineet ovat huonot tai toimintatapa v\u00e4\u00e4r\u00e4.<\/p>\n<p class=\"aw-1gybjub aw-1p7kakr kEtdKx cEmitX yle__article__paragraph\">Nuuttila huomauttaa, ett\u00e4 v\u00e4\u00e4rin annettuna apuvirta on jopa sytytt\u00e4nyt kulkuneuvon tuleen. My\u00f6s virtaa antava laturi voi vahingoittua tai auton s\u00e4hk\u00f6j\u00e4rjestelm\u00e4 vaurioitua.<\/p>\n<p class=\"aw-1gybjub aw-1p7kakr kEtdKx cEmitX yle__article__paragraph\">Salon Korjaamon toimitusjohtaja <strong class=\"aw-ak79eh KyCXm yle__article__strong\">Timo Salo<\/strong> muistuttaa, ett\u00e4 auton akun kunto kannattaa tarkistaa heti, jos ongelmia huomataan.<\/p>\n<p class=\"aw-1gybjub aw-1p7kakr kEtdKx cEmitX yle__article__paragraph\">\u2013 Jos odottaa liian kauan, uudemman auton tietokoneen muisti saattaa menn\u00e4 sekaisin, jolloin auto joudutaan viem\u00e4\u00e4n merkkiliikkeen ohjelmoitavaksi.<\/p>\n<p class=\"aw-1gybjub aw-1p7kakr kEtdKx cEmitX yle__article__paragraph\">T\u00e4lt\u00e4 er\u00e4\u00e4 <a class=\"aw-iao6s4 iHOxEa yle__article__link\" href=\"https:\/\/yle.fi\/a\/74-20209062\" role=\"link\" rel=\"nofollow noopener\" target=\"_blank\">pahimmat pakkaset v\u00e4istyv\u00e4t Etel\u00e4-Suomessa<\/a>, mutta viikonloppuna luvassa on lumisateita. Lauhtuva s\u00e4\u00e4 tuo hinaamolle my\u00f6s uusia asiakkaita.<\/p>\n<p class=\"aw-1gybjub aw-1p7kakr kEtdKx cEmitX yle__article__paragraph\">\u2013 Tienpintaan tulee kuuraa, jolloin keskitason renkaatkin rupeavat tuntumaan liukkailta auton alla. Pit\u00e4\u00e4 ajaa renkaiden i\u00e4n ja kunnon mukaan, ja muistaa, ett\u00e4 tiell\u00e4 voi olla yll\u00e4tt\u00e4vi\u00e4 paikkoja, Salo varoittaa.<\/p>\n","protected":false},"excerpt":{"rendered":"Ruuhkahuiput ovat ajoittuneet aamu- ja iltap\u00e4iviin, kun ihmiset ovat yritt\u00e4neet p\u00e4\u00e4st\u00e4 autoillaan ty\u00f6matkojaan. Avaa kuvien katselu Pakkanen j\u00e4tti&hellip;\n","protected":false},"author":2,"featured_media":165343,"comment_status":"","ping_status":"","sticky":false,"template":"","format":"standard","meta":{"footnotes":"","_share_on_mastodon":"0"},"categories":[76],"tags":[6863,648,79,77,33,31,30,2187,10304,1801,27260,1268,710,32,78,10305],"class_list":["post-165342","post","type-post","status-publish","format-standard","has-post-thumbnail","category-talous","tag-akut","tag-autot","tag-business","tag-economy","tag-fi","tag-finland","tag-finnish","tag-kulkuneuvot","tag-kylma-rintama","tag-lahti","tag-matkustaminen-ja-tyomatkat","tag-paijat-hame","tag-saa","tag-suomi","tag-talous","tag-talvisaa"],"share_on_mastodon":{"url":"https:\/\/pubeurope.com\/@fi\/116041824592344285","error":""},"_links":{"self":[{"href":"https:\/\/www.europesays.com\/fi\/wp-json\/wp\/v2\/posts\/165342","targetHints":{"allow":["GET"]}}],"collection":[{"href":"https:\/\/www.europesays.com\/fi\/wp-json\/wp\/v2\/posts"}],"about":[{"href":"https:\/\/www.europesays.com\/fi\/wp-json\/wp\/v2\/types\/post"}],"author":[{"embeddable":true,"href":"https:\/\/www.europesays.com\/fi\/wp-json\/wp\/v2\/users\/2"}],"replies":[{"embeddable":true,"href":"https:\/\/www.europesays.com\/fi\/wp-json\/wp\/v2\/comments?post=165342"}],"version-history":[{"count":0,"href":"https:\/\/www.europesays.com\/fi\/wp-json\/wp\/v2\/posts\/165342\/revisions"}],"wp:featuredmedia":[{"embeddable":true,"href":"https:\/\/www.europesays.com\/fi\/wp-json\/wp\/v2\/media\/165343"}],"wp:attachment":[{"href":"https:\/\/www.europesays.com\/fi\/wp-json\/wp\/v2\/media?parent=165342"}],"wp:term":[{"taxonomy":"category","embeddable":true,"href":"https:\/\/www.europesays.com\/fi\/wp-json\/wp\/v2\/categories?post=165342"},{"taxonomy":"post_tag","embeddable":true,"href":"https:\/\/www.europesays.com\/fi\/wp-json\/wp\/v2\/tags?post=165342"}],"curies":[{"name":"wp","href":"https:\/\/api.w.org\/{rel}","templated":true}]}}