{"id":16556,"date":"2025-08-26T06:39:06","date_gmt":"2025-08-26T06:39:06","guid":{"rendered":"https:\/\/www.europesays.com\/fi\/16556\/"},"modified":"2025-08-26T06:39:06","modified_gmt":"2025-08-26T06:39:06","slug":"siun-sote-valmistelee-syksyn-influenssa-ja-koronarokotuksia","status":"publish","type":"post","link":"https:\/\/www.europesays.com\/fi\/16556\/","title":{"rendered":"Siun sote valmistelee syksyn influenssa- ja koronarokotuksia"},"content":{"rendered":"<p>Pohjois-Karjalan hyvinvointialue \u2013 Siun sote valmistelee v\u00e4est\u00f6n influenssa- ja koronarokotusten k\u00e4ynnist\u00e4mist\u00e4 lokakuun aikana. Influenssa- ja koronarokotukset annetaan valtakunnallisten suositusten mukaisesti eri v\u00e4est\u00f6ryhmille samaan aikaan yhdell\u00e4 rokotuskerralla. Influenssarokotteen kohderyhm\u00e4t ovat samat kuin vuosi sitten, mutta koronarokotuksen kohderyhmiin on tullut muutoksia. <\/p>\n<p><strong>Influenssarokotteen kohderyhm\u00e4t <\/strong>ovat samat kuin edellisell\u00e4 kaudella:<\/p>\n<ul>\n<li>Kaikki 65 vuotta t\u00e4ytt\u00e4neet<\/li>\n<li>Alle 7-vuotiaat lapset<\/li>\n<li>Sairauden tai hoidon vuoksi riskiryhmiin kuuluvat<\/li>\n<li>Raskaana olevat<\/li>\n<li>Vakavalle influenssalle erityisen alttiiden henkil\u00f6iden l\u00e4hipiiri<\/li>\n<li>Varusmiespalveluksensa aloittavat miehet ja vapaaehtoisen asepalveluksen aloittavat naiset<\/li>\n<li>Sosiaali- ja terveydenhuollon sek\u00e4 l\u00e4\u00e4kehuollon henkil\u00f6st\u00f6, joka osallistuu potilaiden ja asiakkaiden v\u00e4litt\u00f6m\u00e4\u00e4n hoitoon tai huoltoon<\/li>\n<li>Suuressa lintuinfluenssariskiss\u00e4 olevat<\/li>\n<li>Laitosmaisissa oloissa asuvat, esim. vankeinhoitolaitokset ja vastaanottokeskukset<\/li>\n<\/ul>\n<p>Koronarokotteen tehosterokotteen saavat t\u00e4n\u00e4 vuonna 75 vuotta t\u00e4ytt\u00e4neet. Vuosi sitten maksuton tehosterokote annettiin yli 65-vuotiaille. Tehosterokotteen saavat my\u00f6s 18 vuotta t\u00e4ytt\u00e4neet, joilla on kaksi tai useampi vakavan koronataudin riski\u00e4 lis\u00e4\u00e4v\u00e4 sairaus. Vuosi sitten tehosterokotteen saivat kaikki yli 18-vuotiaat riskiryhm\u00e4\u00e4n kuuluneet.<\/p>\n<p>Koronarokotteen perussarja annetaan niille henkil\u00f6ille, jotka eiv\u00e4t ole aikaisemmin saaneet yht\u00e4\u00e4n koronarokotusannosta.<\/p>\n<p><strong>Koronarokotteen perussarja annetaan:<\/strong><\/p>\n<ul>\n<li>18 vuotta t\u00e4ytt\u00e4neille ja sit\u00e4 vanhemmille 1 annos<\/li>\n<li>riskiryhmiin kuuluville 12\u201317-vuotiaille 1 annos<\/li>\n<li>kaikille voimakkaasti immuunipuutteisille 6 kk i\u00e4st\u00e4 alkaen 2 annosta<\/li>\n<\/ul>\n<p><strong>Koronarokotteen syystalven tehosteen kohderyhm\u00e4t:<\/strong><\/p>\n<ul>\n<li>75 vuotta t\u00e4ytt\u00e4neet<\/li>\n<li>Hoitokodeissa tai s\u00e4\u00e4nn\u00f6llisess\u00e4 j\u00e4rjestetyss\u00e4 kotihoidossa olevat henkil\u00f6t sek\u00e4 omaishoidettavat i\u00e4kk\u00e4\u00e4t henkil\u00f6t.<\/li>\n<li>Kaikenik\u00e4iset voimakkaasti immuunipuutteiset<\/li>\n<li>18-vuotta t\u00e4ytt\u00e4neet, joilla on kaksi tai useampi vakavan koronataudin riski\u00e4 lis\u00e4\u00e4v\u00e4 sairaus<\/li>\n<\/ul>\n<p>Siun sote rokottaa ik\u00e4\u00e4ntyneiden ja vammaispalvelujen asumispalveluyksik\u00f6iss\u00e4 asuvat sek\u00e4 kotihoidon asiakkaat asumispalveluyksik\u00f6iss\u00e4 ja kotona. Rokottaminen aloitetaan syys-lokakuun aikana.<\/p>\n<p>Siun sote avaa rokotusten ajanvarauksen t\u00e4m\u00e4n hetken arvion mukaan syyskuun puoliv\u00e4liss\u00e4. Ajanvarauksen avautumisesta tiedotetaan erikseen syyskuussa.<\/p>\n<p>\t\t\t\t\tTietoa julkaisijasta<\/p>\n<p><strong>Pohjois-Karjalan hyvinvointialue \u2013 Siun sote<\/strong> huolehtii julkisista sosiaali- ja terveydenhuollon, pelastustoimen ja ymp\u00e4rist\u00f6terveydenhuollon palveluista noin 162 000 pohjoiskarjalaiselle. Pohjois-Karjalan hyvinvointialue toimii Joensuun, Kiteen, Lieksan, Nurmeksen, Outokummun, Kontiolahden, Ilomantsin, Juuan, Liperin, Polvij\u00e4rven, R\u00e4\u00e4kkyl\u00e4n, Tohmaj\u00e4rven ja Hein\u00e4veden alueella. Toimintamme tarkoitus on tukea, turvata ja tuottaa hyvinvointia, jotta Pohjois-Karjalassa olisi hyv\u00e4 el\u00e4\u00e4.<\/p>\n<p>www.siunsote.fi<\/p>\n<p>Facebook: facebook.com\/siunsote<br \/>Instagram: @siunsote <br \/>LinkedIn: Pohjois-Karjalan hyvinvointialue \u2013 Siun sote<\/p>\n<p>#siunsote #PohjoisKarjalanHyvinvointialue <br \/>#TukeaTurvaaHyvinvointia #Yhdess\u00e4Tehden<\/p>\n","protected":false},"excerpt":{"rendered":"Pohjois-Karjalan hyvinvointialue \u2013 Siun sote valmistelee v\u00e4est\u00f6n influenssa- ja koronarokotusten k\u00e4ynnist\u00e4mist\u00e4 lokakuun aikana. Influenssa- ja koronarokotukset annetaan valtakunnallisten&hellip;\n","protected":false},"author":2,"featured_media":16557,"comment_status":"","ping_status":"","sticky":false,"template":"","format":"standard","meta":{"footnotes":""},"categories":[165],"tags":[33,31,30,166,32,167],"class_list":{"0":"post-16556","1":"post","2":"type-post","3":"status-publish","4":"format-standard","5":"has-post-thumbnail","7":"category-terveys","8":"tag-fi","9":"tag-finland","10":"tag-finnish","11":"tag-health","12":"tag-suomi","13":"tag-terveys"},"share_on_mastodon":{"url":"","error":""},"_links":{"self":[{"href":"https:\/\/www.europesays.com\/fi\/wp-json\/wp\/v2\/posts\/16556","targetHints":{"allow":["GET"]}}],"collection":[{"href":"https:\/\/www.europesays.com\/fi\/wp-json\/wp\/v2\/posts"}],"about":[{"href":"https:\/\/www.europesays.com\/fi\/wp-json\/wp\/v2\/types\/post"}],"author":[{"embeddable":true,"href":"https:\/\/www.europesays.com\/fi\/wp-json\/wp\/v2\/users\/2"}],"replies":[{"embeddable":true,"href":"https:\/\/www.europesays.com\/fi\/wp-json\/wp\/v2\/comments?post=16556"}],"version-history":[{"count":0,"href":"https:\/\/www.europesays.com\/fi\/wp-json\/wp\/v2\/posts\/16556\/revisions"}],"wp:featuredmedia":[{"embeddable":true,"href":"https:\/\/www.europesays.com\/fi\/wp-json\/wp\/v2\/media\/16557"}],"wp:attachment":[{"href":"https:\/\/www.europesays.com\/fi\/wp-json\/wp\/v2\/media?parent=16556"}],"wp:term":[{"taxonomy":"category","embeddable":true,"href":"https:\/\/www.europesays.com\/fi\/wp-json\/wp\/v2\/categories?post=16556"},{"taxonomy":"post_tag","embeddable":true,"href":"https:\/\/www.europesays.com\/fi\/wp-json\/wp\/v2\/tags?post=16556"}],"curies":[{"name":"wp","href":"https:\/\/api.w.org\/{rel}","templated":true}]}}