{"id":16590,"date":"2025-08-26T07:25:07","date_gmt":"2025-08-26T07:25:07","guid":{"rendered":"https:\/\/www.europesays.com\/fi\/16590\/"},"modified":"2025-08-26T07:25:07","modified_gmt":"2025-08-26T07:25:07","slug":"tom-cruise-kieltaytyi-donald-trumpin-myontamasta-kunniasta","status":"publish","type":"post","link":"https:\/\/www.europesays.com\/fi\/16590\/","title":{"rendered":"Tom Cruise kielt\u00e4ytyi Donald Trumpin my\u00f6nt\u00e4m\u00e4st\u00e4 kunniasta"},"content":{"rendered":"<p><a href=\"https:\/\/www.washingtonpost.com\/entertainment\/2025\/08\/13\/trump-kennedy-center-honorees\/\" rel=\"nofollow noopener\" target=\"_blank\">Washington Post<\/a> uutisoi, ett\u00e4 <strong>Donald Trump<\/strong> tarjosi n\u00e4yttelij\u00e4 <strong>Tom Cruiselle<\/strong> arvostettua Kennedy Center -palkintoa el\u00e4m\u00e4nty\u00f6st\u00e4 taiteen hyv\u00e4ksi. Palkinnon my\u00f6nt\u00e4\u00e4 Yhdysvaltain presidentti ja se on yksi maan suurimpia kunnianosoituksia taiteilijoille.<\/p>\n<p>Cruise oli l\u00e4hteiden mukaan kielt\u00e4ytynyt kunniasta \u201daikataulusyihin\u201d vedoten.<\/p>\n<p>Sen sijaan t\u00e4n\u00e4 vuonna palkinnon ottaa vastaan <strong>Sylvester Stallone<\/strong>,<strong> <\/strong>Kiss,<strong> Michael Crawford <\/strong>ja<strong> Gloria Gaynor<\/strong>.<\/p>\n<p>Kennedy Center Honors -gaala pidet\u00e4\u00e4n joulukuussa.<\/p>\n<p><a href=\"https:\/\/www.episodi.fi\/uutiset\/tom-cruise-ei-suostunut-vastaamaan-trump-aiheiseen-kysymykseen-vastaamme-mieluummin-kysymyksiin-elokuvasta\/\" rel=\"nofollow noopener\" target=\"_blank\">Lue my\u00f6s: Tom Cruise ei suostunut vastaamaan Trump-aiheiseen kysymykseen: \u201dVastaamme mieluummin kysymyksiin elokuvasta\u201d<\/a><\/p>\n<p>Lue my\u00f6s: <a href=\"https:\/\/www.episodi.fi\/uutiskirje\/?uutiskirjemainos=tekstilinkkimainos\" title=\"Tilaa Episodin uutiskirje ja voit voittaa leffalippuja! Nappaa tv-vinkit suoraan s\u00e4hk\u00f6postiin t\u00e4st\u00e4.\" class=\"underline-custom !font-montserrat !font-bold !underline-offset-4 !decoration-4 !decoration-episodi-blue !text-md\" rel=\"nofollow noopener\" target=\"_blank\">Tilaa Episodin uutiskirje ja voit voittaa leffalippuja! Nappaa katseluvinkit suoraan s\u00e4hk\u00f6postiin t\u00e4st\u00e4.<\/a><\/p>\n<p>\t\t\tAiheeseen liittyvi\u00e4 elokuvia<\/p>\n","protected":false},"excerpt":{"rendered":"Washington Post uutisoi, ett\u00e4 Donald Trump tarjosi n\u00e4yttelij\u00e4 Tom Cruiselle arvostettua Kennedy Center -palkintoa el\u00e4m\u00e4nty\u00f6st\u00e4 taiteen hyv\u00e4ksi. Palkinnon&hellip;\n","protected":false},"author":2,"featured_media":16591,"comment_status":"","ping_status":"","sticky":false,"template":"","format":"standard","meta":{"footnotes":""},"categories":[136],"tags":[407,585,137,33,31,30,6302,408,1271,32,4380,109],"class_list":{"0":"post-16590","1":"post","2":"type-post","3":"status-publish","4":"format-standard","5":"has-post-thumbnail","7":"category-julkkikset","8":"tag-celebrities","9":"tag-donald-trump","10":"tag-entertainment","11":"tag-fi","12":"tag-finland","13":"tag-finnish","14":"tag-ignostot","15":"tag-julkkikset","16":"tag-palkinnot","17":"tag-suomi","18":"tag-tom-cruise","19":"tag-viihde"},"share_on_mastodon":{"url":"","error":""},"_links":{"self":[{"href":"https:\/\/www.europesays.com\/fi\/wp-json\/wp\/v2\/posts\/16590","targetHints":{"allow":["GET"]}}],"collection":[{"href":"https:\/\/www.europesays.com\/fi\/wp-json\/wp\/v2\/posts"}],"about":[{"href":"https:\/\/www.europesays.com\/fi\/wp-json\/wp\/v2\/types\/post"}],"author":[{"embeddable":true,"href":"https:\/\/www.europesays.com\/fi\/wp-json\/wp\/v2\/users\/2"}],"replies":[{"embeddable":true,"href":"https:\/\/www.europesays.com\/fi\/wp-json\/wp\/v2\/comments?post=16590"}],"version-history":[{"count":0,"href":"https:\/\/www.europesays.com\/fi\/wp-json\/wp\/v2\/posts\/16590\/revisions"}],"wp:featuredmedia":[{"embeddable":true,"href":"https:\/\/www.europesays.com\/fi\/wp-json\/wp\/v2\/media\/16591"}],"wp:attachment":[{"href":"https:\/\/www.europesays.com\/fi\/wp-json\/wp\/v2\/media?parent=16590"}],"wp:term":[{"taxonomy":"category","embeddable":true,"href":"https:\/\/www.europesays.com\/fi\/wp-json\/wp\/v2\/categories?post=16590"},{"taxonomy":"post_tag","embeddable":true,"href":"https:\/\/www.europesays.com\/fi\/wp-json\/wp\/v2\/tags?post=16590"}],"curies":[{"name":"wp","href":"https:\/\/api.w.org\/{rel}","templated":true}]}}