{"id":166280,"date":"2026-02-10T18:13:08","date_gmt":"2026-02-10T18:13:08","guid":{"rendered":"https:\/\/www.europesays.com\/fi\/166280\/"},"modified":"2026-02-10T18:13:08","modified_gmt":"2026-02-10T18:13:08","slug":"seurakunnan-tyontekijat-vaativat-kateismaksua-romaneilta-tuomittiin-virkavelvollisuuden-rikkomisesta-varsinais-suomi","status":"publish","type":"post","link":"https:\/\/www.europesays.com\/fi\/166280\/","title":{"rendered":"Seurakunnan ty\u00f6ntekij\u00e4t vaativat k\u00e4teismaksua romaneilta \u2013 tuomittiin virka\u00advelvollisuuden rikkomisesta | Varsinais-Suomi"},"content":{"rendered":"<p class=\"aw-1gybjub aw-5vja16 kEtdKx kmuxyA yle__article__paragraph\">Varsinais\u00adsuomalaisen seurakunnan toimisto\u00adsihteeri ja kirkkoherra saivat sakko\u00adrangaistuksen.<\/p>\n<p><img decoding=\"async\" alt=\"Turun oikeustalon julkisivu.\" src=\"https:\/\/www.europesays.com\/fi\/wp-content\/uploads\/2026\/02\/39-1594926698ae25a9eb0c.jpeg\" class=\"aw-1l9m598 hKVVvP\"\/><\/p>\n<p>Avaa kuvien katselu<\/p>\n<p>Varsinais-Suomen k\u00e4r\u00e4j\u00e4oikeus tuomitsi kaksi seurakunnan ty\u00f6ntekij\u00e4\u00e4 virkavelvollisuuden rikkomisesta. Kuva: Kalle M\u00e4kel\u00e4 \/ Yle<\/p>\n<p class=\"aw-1gybjub aw-1p7kakr kEtdKx cEmitX yle__article__paragraph\">Varsinais-Suomen k\u00e4r\u00e4j\u00e4oikeus on tuominnut kaksi varsinaissuomalaisen seurakunnan ty\u00f6ntekij\u00e4\u00e4 sakkoihin virkavelvollisuuden rikkomisesta.<\/p>\n<p class=\"aw-1gybjub aw-1p7kakr kEtdKx cEmitX yle__article__paragraph\">K\u00e4r\u00e4j\u00e4oikeus katsoi, ett\u00e4 kirkkoherra ja toimistosihteeri olivat kohdelleet romaniasiakkaita eriarvoisesti muihin asiakkaisiin n\u00e4hden.<\/p>\n<p class=\"aw-1gybjub aw-1p7kakr kEtdKx cEmitX yle__article__paragraph\">Tilanteessa romaniasiakkaat olivat olleet hoitamassa sukulaisensa hautaukseen liittyvi\u00e4 asioita. Toimistosihteeri oli vaatinut heit\u00e4 maksamaan etuk\u00e4teen k\u00e4teisell\u00e4.<\/p>\n<p class=\"aw-1gybjub aw-1p7kakr kEtdKx cEmitX yle__article__paragraph\">Kyseess\u00e4 on ollut seurakunnan yleinen maksuk\u00e4yt\u00e4nt\u00f6, joka on koskenut nimenomaan romaneja. Muut asiakkaat ovat saaneet laskun.<\/p>\n<p class=\"aw-1gybjub aw-1p7kakr kEtdKx cEmitX yle__article__paragraph\">Kirkkoherra on hyv\u00e4ksynyt k\u00e4yt\u00e4nn\u00f6n ja m\u00e4\u00e4r\u00e4nnyt sen noudatettavaksi.<\/p>\n<p class=\"aw-1gybjub aw-1p7kakr kEtdKx cEmitX yle__article__paragraph\">Toimistosihteeri kiisti syytteen. Kirkkoherra tunnusti menetelleens\u00e4 kuvatulla tavalla, mutta kertoi vastauksessaan, ett\u00e4 oli j\u00e4lkik\u00e4teen pyyt\u00e4nyt, ett\u00e4 asiakkaille l\u00e4hetet\u00e4\u00e4n lasku seurakunnan normaalin k\u00e4yt\u00e4nn\u00f6n mukaisesti.<\/p>\n<p class=\"aw-1gybjub aw-1p7kakr kEtdKx cEmitX yle__article__paragraph\">Yhdenvertaisuusvaltuutettu antoi asiassa lausumansa. H\u00e4n totesi, ett\u00e4 seurakunnan k\u00e4yt\u00e4nt\u00f6 maksun vaatimisesta etuk\u00e4teen on loukannut ihmisoikeuksia eik\u00e4 ole ollut yhdenvertaisuusvaatimuksen mukainen.<\/p>\n<p class=\"aw-1gybjub aw-1p7kakr kEtdKx cEmitX yle__article__paragraph\">Rangaistukseksi k\u00e4r\u00e4j\u00e4oikeus m\u00e4\u00e4r\u00e4si toimistosihteerille 30 ja kirkkoherralle 40 p\u00e4iv\u00e4sakkoa. Toimistosihteerille se tarkoittaa 900 euron ja kirkkoherralle noin 2\u00a0500 euron suuruista sakkoa.<\/p>\n<p class=\"aw-1gybjub aw-1p7kakr kEtdKx cEmitX yle__article__paragraph\">Tuomio ei ole viel\u00e4 lainvoimainen.<\/p>\n","protected":false},"excerpt":{"rendered":"Varsinais\u00adsuomalaisen seurakunnan toimisto\u00adsihteeri ja kirkkoherra saivat sakko\u00adrangaistuksen. Avaa kuvien katselu Varsinais-Suomen k\u00e4r\u00e4j\u00e4oikeus tuomitsi kaksi seurakunnan ty\u00f6ntekij\u00e4\u00e4 virkavelvollisuuden rikkomisesta.&hellip;\n","protected":false},"author":2,"featured_media":166281,"comment_status":"","ping_status":"","sticky":false,"template":"","format":"standard","meta":{"footnotes":"","_share_on_mastodon":"0"},"categories":[12],"tags":[22,23,26,27,33,31,30,17,71,24,25,28,29,15,18,21,1726,14060,4620,32,4798,19,20,16,663,14688,27365],"class_list":["post-166280","post","type-post","status-publish","format-standard","has-post-thumbnail","category-suomi","tag-breaking-news","tag-breakingnews","tag-featured-news","tag-featurednews","tag-fi","tag-finland","tag-finnish","tag-headlines","tag-kotimaa","tag-latest-news","tag-latestnews","tag-main-news","tag-mainnews","tag-news","tag-otsikot","tag-paauutiset","tag-rangaistukset","tag-romanit","tag-seurakunnat","tag-suomi","tag-syrjinta","tag-top-stories","tag-topstories","tag-uutiset","tag-varsinais-suomi","tag-virkavelvollisuus","tag-virkavirheet"],"share_on_mastodon":{"url":"https:\/\/pubeurope.com\/@fi\/116047695381856031","error":""},"_links":{"self":[{"href":"https:\/\/www.europesays.com\/fi\/wp-json\/wp\/v2\/posts\/166280","targetHints":{"allow":["GET"]}}],"collection":[{"href":"https:\/\/www.europesays.com\/fi\/wp-json\/wp\/v2\/posts"}],"about":[{"href":"https:\/\/www.europesays.com\/fi\/wp-json\/wp\/v2\/types\/post"}],"author":[{"embeddable":true,"href":"https:\/\/www.europesays.com\/fi\/wp-json\/wp\/v2\/users\/2"}],"replies":[{"embeddable":true,"href":"https:\/\/www.europesays.com\/fi\/wp-json\/wp\/v2\/comments?post=166280"}],"version-history":[{"count":0,"href":"https:\/\/www.europesays.com\/fi\/wp-json\/wp\/v2\/posts\/166280\/revisions"}],"wp:featuredmedia":[{"embeddable":true,"href":"https:\/\/www.europesays.com\/fi\/wp-json\/wp\/v2\/media\/166281"}],"wp:attachment":[{"href":"https:\/\/www.europesays.com\/fi\/wp-json\/wp\/v2\/media?parent=166280"}],"wp:term":[{"taxonomy":"category","embeddable":true,"href":"https:\/\/www.europesays.com\/fi\/wp-json\/wp\/v2\/categories?post=166280"},{"taxonomy":"post_tag","embeddable":true,"href":"https:\/\/www.europesays.com\/fi\/wp-json\/wp\/v2\/tags?post=166280"}],"curies":[{"name":"wp","href":"https:\/\/api.w.org\/{rel}","templated":true}]}}