{"id":166465,"date":"2026-02-10T23:23:18","date_gmt":"2026-02-10T23:23:18","guid":{"rendered":"https:\/\/www.europesays.com\/fi\/166465\/"},"modified":"2026-02-10T23:23:18","modified_gmt":"2026-02-10T23:23:18","slug":"ikea-vetaa-sahkoiskuvaaran-vuoksi-tietyt-nymane-seinavalaisimet-uutissuomalainen-2","status":"publish","type":"post","link":"https:\/\/www.europesays.com\/fi\/166465\/","title":{"rendered":"Ikea vet\u00e4\u00e4 s\u00e4hk\u00f6iskuvaaran vuoksi tietyt Nym\u00e5ne-sein\u00e4valaisimet | Uutissuomalainen"},"content":{"rendered":"<p>Huonekaluketju Ikea <a href=\"https:\/\/www.ikea.com\/fi\/fi\/customer-service\/product-support\/recalls\/ikea-vetaeae-takaisin-tietyt-nymane-seinaevalaisimet-saehkoeiskuvaaran-vuoksi-pubf4e768d0\/\" rel=\"nofollow noopener\" target=\"_blank\">vet\u00e4\u00e4<\/a> tietyt Nym\u00e5ne-sein\u00e4valaisimet myynnist\u00e4 s\u00e4hk\u00f6iskuvaaran vuoksi. Yhti\u00f6 kertoo, ett\u00e4 valmistusvirheen vuoksi myynnist\u00e4 vedett\u00e4viss\u00e4 tuotteissa s\u00e4hk\u00f6johdon eristys ei ole riitt\u00e4v\u00e4, ja se aiheuttaa s\u00e4hk\u00f6iskun vaaran.<\/p>\n<p>Ikea kertoo, ett\u00e4 virheelliset tuotteet tunnistaa p\u00e4iv\u00e4ysleimasta ja tavarantoimittajan tunnuksesta.<\/p>\n<p>Takaisinveto koskee tuotteita, joissa p\u00e4iv\u00e4ysleimat ovat 2217\u20132550. Lis\u00e4ksi tavarantoimittajan tunnus on 23241. Takaisinveto ei koske tuotteita, joissa p\u00e4iv\u00e4ysleima on ennen 2217 tai j\u00e4lkeen 2250. Takaisinveto ei koske my\u00f6sk\u00e4\u00e4n tuotteita, joissa on eri tavarantoimittajan tunnus.<\/p>\n<p>Virheelliset tuotteet voi palauttaa mihin tahansa Ikean liikkeeseen, ja tilalle saa korvaavan tuotteen tai t\u00e4yden hyvityksen.<\/p>\n","protected":false},"excerpt":{"rendered":"Huonekaluketju Ikea vet\u00e4\u00e4 tietyt Nym\u00e5ne-sein\u00e4valaisimet myynnist\u00e4 s\u00e4hk\u00f6iskuvaaran vuoksi. Yhti\u00f6 kertoo, ett\u00e4 valmistusvirheen vuoksi myynnist\u00e4 vedett\u00e4viss\u00e4 tuotteissa s\u00e4hk\u00f6johdon eristys&hellip;\n","protected":false},"author":2,"featured_media":166466,"comment_status":"","ping_status":"","sticky":false,"template":"","format":"standard","meta":{"footnotes":"","_share_on_mastodon":"0"},"categories":[76],"tags":[79,77,33,31,30,1602,5404,543,3004,32,10478,78,487,822],"class_list":["post-166465","post","type-post","status-publish","format-standard","has-post-thumbnail","category-talous","tag-business","tag-economy","tag-fi","tag-finland","tag-finnish","tag-ikea","tag-ikea-as","tag-koti-ja-asuminen","tag-liiketoiminta","tag-suomi","tag-talon-rakenteet-ja-rakennusosat","tag-talous","tag-teknologia-yleista","tag-teollisuustuotteet-ja-palvelut-sektori"],"share_on_mastodon":{"url":"https:\/\/pubeurope.com\/@fi\/116048914285943793","error":""},"_links":{"self":[{"href":"https:\/\/www.europesays.com\/fi\/wp-json\/wp\/v2\/posts\/166465","targetHints":{"allow":["GET"]}}],"collection":[{"href":"https:\/\/www.europesays.com\/fi\/wp-json\/wp\/v2\/posts"}],"about":[{"href":"https:\/\/www.europesays.com\/fi\/wp-json\/wp\/v2\/types\/post"}],"author":[{"embeddable":true,"href":"https:\/\/www.europesays.com\/fi\/wp-json\/wp\/v2\/users\/2"}],"replies":[{"embeddable":true,"href":"https:\/\/www.europesays.com\/fi\/wp-json\/wp\/v2\/comments?post=166465"}],"version-history":[{"count":0,"href":"https:\/\/www.europesays.com\/fi\/wp-json\/wp\/v2\/posts\/166465\/revisions"}],"wp:featuredmedia":[{"embeddable":true,"href":"https:\/\/www.europesays.com\/fi\/wp-json\/wp\/v2\/media\/166466"}],"wp:attachment":[{"href":"https:\/\/www.europesays.com\/fi\/wp-json\/wp\/v2\/media?parent=166465"}],"wp:term":[{"taxonomy":"category","embeddable":true,"href":"https:\/\/www.europesays.com\/fi\/wp-json\/wp\/v2\/categories?post=166465"},{"taxonomy":"post_tag","embeddable":true,"href":"https:\/\/www.europesays.com\/fi\/wp-json\/wp\/v2\/tags?post=166465"}],"curies":[{"name":"wp","href":"https:\/\/api.w.org\/{rel}","templated":true}]}}