{"id":16676,"date":"2025-08-26T09:10:09","date_gmt":"2025-08-26T09:10:09","guid":{"rendered":"https:\/\/www.europesays.com\/fi\/16676\/"},"modified":"2025-08-26T09:10:09","modified_gmt":"2025-08-26T09:10:09","slug":"big-botanicin-rakentaminen-rauman-parpansaliin-alkoi","status":"publish","type":"post","link":"https:\/\/www.europesays.com\/fi\/16676\/","title":{"rendered":"Big Botanicin rakentaminen Rauman Parpansaliin alkoi"},"content":{"rendered":"<p>Tilallinen veistos avautuu yleis\u00f6lle lokakuussa.<\/p>\n<p>25.8. 15:00<\/p>\n<p class=\"article-body margin-bottom-24 padding-x-16\">Rauma<\/p>\n<p class=\"article-body margin-bottom-24 padding-x-16\">Parpansalissa on alkanut L\u00f6nnstr\u00f6min taidemuseon seitsem\u00e4nnen nykytaiteen projektin rakentaminen. Hiekkakent\u00e4lle rakentuu kuvanveist\u00e4j\u00e4 <a class=\"article-personlink\" href=\"https:\/\/www.satakunnankansa.fi\/haku\/?query=Pia%20Sir%C3%A9nin\" rel=\"nofollow noopener\" target=\"_blank\">Pia Sir\u00e9nin<\/a> tilap\u00e4inen julkinen taideteos Big Botanic.<\/p>\n<p class=\"article-body margin-bottom-24 padding-x-16\">Mitoiltaan poikkeuksellinen tilallinen veistos rakennetaan s\u00e4\u00e4suojatelineist\u00e4 ja l\u00e4pikuultavista suojapeitteist\u00e4. Sen sis\u00e4lle astuminen vie illuusioon kukoistavasta kasvitieteellisest\u00e4 puutarhasta, taidemuseon tiedotteessa kerrotaan.<\/p>\n","protected":false},"excerpt":{"rendered":"Tilallinen veistos avautuu yleis\u00f6lle lokakuussa. 25.8. 15:00 Rauma Parpansalissa on alkanut L\u00f6nnstr\u00f6min taidemuseon seitsem\u00e4nnen nykytaiteen projektin rakentaminen. Hiekkakent\u00e4lle&hellip;\n","protected":false},"author":2,"featured_media":16677,"comment_status":"","ping_status":"","sticky":false,"template":"","format":"standard","meta":{"footnotes":""},"categories":[135],"tags":[389,387,388,390,137,33,31,30,80,32,394,393,391,392,109],"class_list":{"0":"post-16676","1":"post","2":"type-post","3":"status-publish","4":"format-standard","5":"has-post-thumbnail","7":"category-taiteet-ja-suunnittelu","8":"tag-arts","9":"tag-arts-and-design","10":"tag-artsanddesign","11":"tag-design","12":"tag-entertainment","13":"tag-fi","14":"tag-finland","15":"tag-finnish","16":"tag-satakunnan-kansa","17":"tag-suomi","18":"tag-suunnittelu","19":"tag-taiteet","20":"tag-taiteet-ja-suunnittelu","21":"tag-taiteetsuunnittelu","22":"tag-viihde"},"share_on_mastodon":{"url":"","error":""},"_links":{"self":[{"href":"https:\/\/www.europesays.com\/fi\/wp-json\/wp\/v2\/posts\/16676","targetHints":{"allow":["GET"]}}],"collection":[{"href":"https:\/\/www.europesays.com\/fi\/wp-json\/wp\/v2\/posts"}],"about":[{"href":"https:\/\/www.europesays.com\/fi\/wp-json\/wp\/v2\/types\/post"}],"author":[{"embeddable":true,"href":"https:\/\/www.europesays.com\/fi\/wp-json\/wp\/v2\/users\/2"}],"replies":[{"embeddable":true,"href":"https:\/\/www.europesays.com\/fi\/wp-json\/wp\/v2\/comments?post=16676"}],"version-history":[{"count":0,"href":"https:\/\/www.europesays.com\/fi\/wp-json\/wp\/v2\/posts\/16676\/revisions"}],"wp:featuredmedia":[{"embeddable":true,"href":"https:\/\/www.europesays.com\/fi\/wp-json\/wp\/v2\/media\/16677"}],"wp:attachment":[{"href":"https:\/\/www.europesays.com\/fi\/wp-json\/wp\/v2\/media?parent=16676"}],"wp:term":[{"taxonomy":"category","embeddable":true,"href":"https:\/\/www.europesays.com\/fi\/wp-json\/wp\/v2\/categories?post=16676"},{"taxonomy":"post_tag","embeddable":true,"href":"https:\/\/www.europesays.com\/fi\/wp-json\/wp\/v2\/tags?post=16676"}],"curies":[{"name":"wp","href":"https:\/\/api.w.org\/{rel}","templated":true}]}}