{"id":166957,"date":"2026-02-11T11:51:12","date_gmt":"2026-02-11T11:51:12","guid":{"rendered":"https:\/\/www.europesays.com\/fi\/166957\/"},"modified":"2026-02-11T11:51:12","modified_gmt":"2026-02-11T11:51:12","slug":"hollantilaisfestari-jakoi-videotaltioinnin-metallican-keikasta-jonka-settilistasta-paattivat-fanit","status":"publish","type":"post","link":"https:\/\/www.europesays.com\/fi\/166957\/","title":{"rendered":"Hollantilaisfestari jakoi videotaltioinnin Metallican keikasta, jonka settilistasta p\u00e4\u00e4ttiv\u00e4t fanit"},"content":{"rendered":"<p>Vuoden 2014 kes\u00e4ll\u00e4 <strong>Metallica <\/strong>kiersi festareita By Request -konseptilla, eli keikkojen settilistat koottiin fanien \u00e4\u00e4nestyksen perusteella. Hevij\u00e4tti n\u00e4htiin tuolloin muun muassa <a href=\"https:\/\/www.inferno.fi\/live\/katso-nayttava-kuvagalleria-ja-lue-raportti-metallica-slayer-danzig-mastodon-ghost-ja-gojira-sonispheressa\/\" target=\"_blank\" rel=\"noreferrer noopener nofollow\">Helsingin Sonispheress\u00e4<\/a>, jossa fanien toivomuksesta yhtye esitti esimerkiksi \u2026And Justice for All -levylt\u00e4 (1988) l\u00f6ytyv\u00e4n The Frayed Ends of Sanityn <a href=\"https:\/\/youtu.be\/eF5OHUXamFQ\" target=\"_blank\" rel=\"noreferrer noopener nofollow\">ensimm\u00e4ist\u00e4 kertaa kokonaisuudessaan<\/a> liven\u00e4.<\/p>\n<p>Samalla kiertueella yhtye konsertoi my\u00f6s Hollannin Pinkpop-festareilla ja nyt kyseinen keikka on julkaistu ammattimaisesti taltioituna kokonaisuudessaan <a href=\"https:\/\/www.youtube.com\/@PinkpopArchive\" target=\"_blank\" rel=\"noreferrer noopener nofollow\">Pinkpop Archive -Youtube-kanavalla<\/a>. Aivan The Frayed Endsin tapaisia superharvinaisuuksia ei tuolla keikalla kuultu, mutta varsin mainion <a href=\"https:\/\/www.metallica.com\/tour\/2014-06-09-landgraaf-netherlands.html\" target=\"_blank\" rel=\"noreferrer noopener nofollow\">settilistan<\/a> hollantilaisfanit olivat kuitenkin saaneet aikaan. Katso keikka alta:<\/p>\n<p><img loading=\"lazy\" decoding=\"async\" alt=\"YouTube video\" width=\"480\" height=\"360\" data-pin-nopin=\"true\" nopin=\"nopin\" class=\"perfmatters-lazy\" src=\"https:\/\/www.europesays.com\/fi\/wp-content\/uploads\/2026\/02\/1770810672_797_hqdefault.jpg\"\/><\/p>\n<p>Lue my\u00f6s: <a href=\"https:\/\/www.inferno.fi\/live\/katso-nayttava-kuvagalleria-ja-lue-raportti-metallica-slayer-danzig-mastodon-ghost-ja-gojira-sonispheressa\/\" title=\"Katso n\u00e4ytt\u00e4v\u00e4 kuvagalleria ja lue raportti! Metallica, Slayer, Danzig, Mastodon, Ghost ja Gojira Sonispheress\u00e4\" class=\"underline-custom !font-montserrat !font-bold !underline-offset-4 !decoration-4 !decoration-red-600 !text-md\" rel=\"nofollow noopener\" target=\"_blank\">Katso n\u00e4ytt\u00e4v\u00e4 kuvagalleria ja lue raportti! Metallica, Slayer, Danzig, Mastodon, Ghost ja Gojira Sonispheress\u00e4<\/a><\/p>\n<p>Lue my\u00f6s: <a href=\"https:\/\/www.inferno.fi\/uutiskirje\/\" title=\"Tilaa Infernon uutiskirje\" class=\"underline-custom !font-montserrat !font-bold !underline-offset-4 !decoration-4 !decoration-red-600 !text-md\" rel=\"nofollow noopener\" target=\"_blank\">Tilaa Infernon uutiskirje ja tied\u00e4t mist\u00e4 kahvitauolla puhutaan! Nappaa raskaan musiikin uutiset ja puheenaiheet suoraan s\u00e4hk\u00f6postiin t\u00e4st\u00e4.<\/a><\/p>\n<p>\t\t\t<a href=\"https:\/\/www.facebook.com\/sharer\/sharer.php?u=https:\/\/www.inferno.fi\/uutiset\/hollantilaisfestari-jakoi-videotaltioinnin-metallican-keikasta-jonka-settilistasta-paattivat-fanit\/\" target=\"_blank\" class=\"block px-4 py-2 text-sm text-gray-800 border-b hover:bg-gray-200\" rel=\"nofollow noopener\"><\/p>\n<p>\t\t\t\tFacebook<br \/>\n\t\t\t<\/a><br \/>\n\t\t\t<a href=\"https:\/\/twitter.com\/intent\/tweet?text=https:\/\/www.inferno.fi\/uutiset\/hollantilaisfestari-jakoi-videotaltioinnin-metallican-keikasta-jonka-settilistasta-paattivat-fanit\/\" target=\"_blank\" class=\"block px-4 py-2 text-sm text-gray-800 border-b hover:bg-gray-200\" rel=\"nofollow noopener\"><\/p>\n<p>\t\t\t\tTwitter<br \/>\n\t\t\t<\/a><br \/>\n\t\t\t<a href=\"mailto:?subject=Hollantilaisfestari jakoi videotaltioinnin Metallican keikasta, jonka settilistasta p\u00e4\u00e4ttiv\u00e4t fanit&amp;body=https:\/\/www.inferno.fi\/uutiset\/hollantilaisfestari-jakoi-videotaltioinnin-metallican-keikasta-jonka-settilistasta-paattivat-fanit\/\" target=\"_blank\" class=\"block px-4 py-2 text-sm text-gray-800 border-b hover:bg-gray-200\"><\/p>\n<p>\t\t\t\tS\u00e4hk\u00f6posti<\/a><\/p>\n<p>\t\t\t\t<script async src=\"https:\/\/platform.twitter.com\/widgets.js\" charset=\"utf-8\"><\/script><\/p>\n","protected":false},"excerpt":{"rendered":"Vuoden 2014 kes\u00e4ll\u00e4 Metallica kiersi festareita By Request -konseptilla, eli keikkojen settilistat koottiin fanien \u00e4\u00e4nestyksen perusteella. Hevij\u00e4tti n\u00e4htiin&hellip;\n","protected":false},"author":2,"featured_media":166958,"comment_status":"","ping_status":"","sticky":false,"template":"","format":"standard","meta":{"footnotes":"","_share_on_mastodon":"0"},"categories":[132],"tags":[137,33,31,30,6140,195,47,32,109],"class_list":["post-166957","post","type-post","status-publish","format-standard","has-post-thumbnail","category-musiikki","tag-entertainment","tag-fi","tag-finland","tag-finnish","tag-livevideo","tag-music","tag-musiikki","tag-suomi","tag-viihde"],"share_on_mastodon":{"url":"https:\/\/pubeurope.com\/@fi\/116051855688633368","error":""},"_links":{"self":[{"href":"https:\/\/www.europesays.com\/fi\/wp-json\/wp\/v2\/posts\/166957","targetHints":{"allow":["GET"]}}],"collection":[{"href":"https:\/\/www.europesays.com\/fi\/wp-json\/wp\/v2\/posts"}],"about":[{"href":"https:\/\/www.europesays.com\/fi\/wp-json\/wp\/v2\/types\/post"}],"author":[{"embeddable":true,"href":"https:\/\/www.europesays.com\/fi\/wp-json\/wp\/v2\/users\/2"}],"replies":[{"embeddable":true,"href":"https:\/\/www.europesays.com\/fi\/wp-json\/wp\/v2\/comments?post=166957"}],"version-history":[{"count":0,"href":"https:\/\/www.europesays.com\/fi\/wp-json\/wp\/v2\/posts\/166957\/revisions"}],"wp:featuredmedia":[{"embeddable":true,"href":"https:\/\/www.europesays.com\/fi\/wp-json\/wp\/v2\/media\/166958"}],"wp:attachment":[{"href":"https:\/\/www.europesays.com\/fi\/wp-json\/wp\/v2\/media?parent=166957"}],"wp:term":[{"taxonomy":"category","embeddable":true,"href":"https:\/\/www.europesays.com\/fi\/wp-json\/wp\/v2\/categories?post=166957"},{"taxonomy":"post_tag","embeddable":true,"href":"https:\/\/www.europesays.com\/fi\/wp-json\/wp\/v2\/tags?post=166957"}],"curies":[{"name":"wp","href":"https:\/\/api.w.org\/{rel}","templated":true}]}}