{"id":167004,"date":"2026-02-11T12:48:12","date_gmt":"2026-02-11T12:48:12","guid":{"rendered":"https:\/\/www.europesays.com\/fi\/167004\/"},"modified":"2026-02-11T12:48:12","modified_gmt":"2026-02-11T12:48:12","slug":"linnutkin-karsivat-kaupunkien-melusta-uutisia-lyhyesti","status":"publish","type":"post","link":"https:\/\/www.europesays.com\/fi\/167004\/","title":{"rendered":"Linnutkin k\u00e4rsiv\u00e4t kaupunkien melusta | Uutisia lyhyesti"},"content":{"rendered":"<p class=\"aw-1gybjub aw-5vja16 kEtdKx kmuxyA yle__article__paragraph\">Melun takia linnut eiv\u00e4t kuule parittelukumppania, n\u00e4lk\u00e4isi\u00e4 poikasiaan tai varoitushuutoja pedoista.<\/p>\n<p><img decoding=\"async\" alt=\"Pulu Jyv\u00e4skyl\u00e4n keskustassa kauppakadulla.\" src=\"https:\/\/www.europesays.com\/fi\/wp-content\/uploads\/2026\/02\/39-13799376735d1ec9dd9e.jpeg\" class=\"aw-1l9m598 hKVVvP\"\/><\/p>\n<p>Avaa kuvien katselu<\/p>\n<p>Pulu eli kesykyyhky Jyv\u00e4skyl\u00e4n keskustassa 20204. Kuva: Niko Mannonen \/ Yle<\/p>\n<p class=\"aw-1gybjub aw-1p7kakr kEtdKx cEmitX yle__article__paragraph\">Linnut k\u00e4rsiv\u00e4t monin tavoin ihmisten aiheuttamasta meluisuudesta, kertoo tutkimus, jonka aineistoa on ker\u00e4tty kuudella mantereella per\u00e4ti 35 vuoden ajan.<\/p>\n<p class=\"aw-1gybjub aw-1p7kakr kEtdKx cEmitX yle__article__paragraph\">Tutkimuksessa seurattiin 160 lintulajin el\u00e4m\u00e4\u00e4. Mukana oli monia Euroopassa yleisi\u00e4 lajeja, kuten varpusia, talitiaisia, punarintoja ja kottaraisia.<\/p>\n<p class=\"aw-1gybjub aw-1p7kakr kEtdKx cEmitX yle__article__paragraph\">Tutkijat totesivat, ett\u00e4 melulla oli lukuisia haittavaikutuksia lintujen el\u00e4m\u00e4\u00e4n, sill\u00e4 ne ovat riippuvaisia kuuloaististaan.<\/p>\n<p class=\"aw-1gybjub aw-1p7kakr kEtdKx cEmitX yle__article__paragraph\">Lintujen pariutuminen voi ep\u00e4onnistua, jos soidinlaulut eiv\u00e4t kuulu, emot eiv\u00e4t kuule ruokaa kerj\u00e4\u00e4vien poikasten \u00e4\u00e4ni\u00e4 ja pedoilta varoittavien lajikumppanien \u00e4\u00e4net j\u00e4\u00e4v\u00e4t kuulumatta.<\/p>\n<p class=\"aw-1gybjub aw-1p7kakr kEtdKx cEmitX yle__article__paragraph\">Tutkijoiden mukaan maassa pesivien lintujen pesinn\u00e4t h\u00e4iriintyiv\u00e4t eniten, kun taas korkeammalla ja avoimissa pesiss\u00e4 pesivien lintujen poikasten kasvu heikkeni.<\/p>\n<p class=\"aw-1gybjub aw-1p7kakr kEtdKx cEmitX yle__article__paragraph\">Urbaaneilla alueilla el\u00e4vill\u00e4 linnuilla on muita korkeammat stressihormonitasot.<\/p>\n<p><img decoding=\"async\" alt=\"H\u00f6m\u00f6tiainen istuu lintulaudalla.\" src=\"https:\/\/www.europesays.com\/fi\/wp-content\/uploads\/2026\/02\/39-155900669258e8523658.jpeg\" loading=\"lazy\" class=\"aw-1l9m598 hKVVvP\"\/><\/p>\n<p>Avaa kuvien katselu<\/p>\n<p>H\u00f6m\u00f6tiainen ruokintapaikalla. Kuva: Olli Koski \/ Yle<\/p>\n<p class=\"aw-1gybjub aw-1p7kakr kEtdKx cEmitX yle__article__paragraph\">Tutkijoiden mukaan meluongelmaa voidaan lievent\u00e4\u00e4 yksinkertaisin keinoin. Siirtyminen s\u00e4hk\u00f6k\u00e4ytt\u00f6isiin autoihin ja ty\u00f6kaluihin auttaisi huomattavasti. Koneiden k\u00e4ytt\u00f6\u00e4 tulisi v\u00e4ltt\u00e4\u00e4 lintujen soidin- ja pesim\u00e4aikaan tai kuin lintujen tiedet\u00e4\u00e4n muuttavan alueen l\u00e4pi.<\/p>\n<p class=\"aw-1gybjub aw-1p7kakr kEtdKx cEmitX yle__article__paragraph\">Rakennuksia ei tulisi rakentaa uhanalaisten lintujen pesim\u00e4alueiden l\u00e4helle.<\/p>\n<p class=\"aw-1gybjub aw-1p7kakr kEtdKx cEmitX yle__article__paragraph\">Tutkijoiden mukaan melun merkityst\u00e4 on v\u00e4heksytty paremmin tunnettujen luonto-ongelmien, kuten ilmastonmuutoksen ja luontokadon rinnalla.<\/p>\n<p class=\"aw-1gybjub aw-1p7kakr kEtdKx cEmitX yle__article__paragraph\">Tutkimus on julkaistu <a class=\"aw-iao6s4 iHOxEa yle__article__link\" href=\"https:\/\/royalsocietypublishing.org\/rspb\/article\/293\/2064\/20252521\/480236\/Trait-mediated-effects-of-anthropogenic-noise-on?searchresult=1\" role=\"link\" rel=\"nofollow noopener\" target=\"_blank\">Proceedings of the Royal Society B -tiedesivustolla<\/a>.<\/p>\n<p class=\"aw-1gybjub aw-1p7kakr kEtdKx cEmitX yle__article__paragraph\">L\u00e4hde: AFP<\/p>\n","protected":false},"excerpt":{"rendered":"Melun takia linnut eiv\u00e4t kuule parittelukumppania, n\u00e4lk\u00e4isi\u00e4 poikasiaan tai varoitushuutoja pedoista. Avaa kuvien katselu Pulu eli kesykyyhky Jyv\u00e4skyl\u00e4n&hellip;\n","protected":false},"author":2,"featured_media":167005,"comment_status":"","ping_status":"","sticky":false,"template":"","format":"standard","meta":{"footnotes":"","_share_on_mastodon":"0"},"categories":[112],"tags":[5789,33,31,30,1425,72,758,118,32,2074,119,472,56,27468],"class_list":["post-167004","post","type-post","status-publish","format-standard","has-post-thumbnail","category-tiede","tag-aanisaaste","tag-fi","tag-finland","tag-finnish","tag-linnut","tag-luonto","tag-luonto-ja-ymparisto","tag-science","tag-suomi","tag-talitiainen","tag-tiede","tag-tutkimus","tag-ulkomaat","tag-varpunen"],"share_on_mastodon":{"url":"https:\/\/pubeurope.com\/@fi\/116052079716761506","error":""},"_links":{"self":[{"href":"https:\/\/www.europesays.com\/fi\/wp-json\/wp\/v2\/posts\/167004","targetHints":{"allow":["GET"]}}],"collection":[{"href":"https:\/\/www.europesays.com\/fi\/wp-json\/wp\/v2\/posts"}],"about":[{"href":"https:\/\/www.europesays.com\/fi\/wp-json\/wp\/v2\/types\/post"}],"author":[{"embeddable":true,"href":"https:\/\/www.europesays.com\/fi\/wp-json\/wp\/v2\/users\/2"}],"replies":[{"embeddable":true,"href":"https:\/\/www.europesays.com\/fi\/wp-json\/wp\/v2\/comments?post=167004"}],"version-history":[{"count":0,"href":"https:\/\/www.europesays.com\/fi\/wp-json\/wp\/v2\/posts\/167004\/revisions"}],"wp:featuredmedia":[{"embeddable":true,"href":"https:\/\/www.europesays.com\/fi\/wp-json\/wp\/v2\/media\/167005"}],"wp:attachment":[{"href":"https:\/\/www.europesays.com\/fi\/wp-json\/wp\/v2\/media?parent=167004"}],"wp:term":[{"taxonomy":"category","embeddable":true,"href":"https:\/\/www.europesays.com\/fi\/wp-json\/wp\/v2\/categories?post=167004"},{"taxonomy":"post_tag","embeddable":true,"href":"https:\/\/www.europesays.com\/fi\/wp-json\/wp\/v2\/tags?post=167004"}],"curies":[{"name":"wp","href":"https:\/\/api.w.org\/{rel}","templated":true}]}}