{"id":167448,"date":"2026-02-12T00:37:09","date_gmt":"2026-02-12T00:37:09","guid":{"rendered":"https:\/\/www.europesays.com\/fi\/167448\/"},"modified":"2026-02-12T00:37:09","modified_gmt":"2026-02-12T00:37:09","slug":"dawsons-creek-tahti-james-van-der-beek-48-on-kuollut","status":"publish","type":"post","link":"https:\/\/www.europesays.com\/fi\/167448\/","title":{"rendered":"Dawson&#8217;s Creek -t\u00e4hti James Van Der Beek, 48, on kuollut"},"content":{"rendered":"<p><a href=\"https:\/\/www.nbcnews.com\/news\/obituaries\/james-van-der-beek-dawsons-creek-varsity-blues-star-dies-48-rcna233633\" rel=\"nofollow noopener\" target=\"_blank\">NBC<\/a> uutisoi, ett\u00e4 n\u00e4yttelij\u00e4 <strong>James Van Der Beek<\/strong> on kuollut. H\u00e4n oli 48-vuotias.<\/p>\n<p>\u201dH\u00e4nen viimeiset p\u00e4iv\u00e4ns\u00e4 olivat t\u00e4ynn\u00e4 rohkeutta, uskoa ja armoa. H\u00e4nen toiveistaan, rakkaudestaan \u200b\u200bihmiskuntaa kohtaan ja ajan pyhyydest\u00e4 on paljon jaettavaa. Nuo p\u00e4iv\u00e4t tulevat viel\u00e4. Pyyd\u00e4mme yksityisyytt\u00e4 surumme keskell\u00e4\u201d, h\u00e4nen vaimonsa kirjoitti.<\/p>\n<p id=\"anchor-d7c95f\">Van Der Beek kertoi vuonna 2024 sairastavansa kolmannen vaiheen suolistosy\u00f6p\u00e4\u00e4.<\/p>\n<p>H\u00e4n n\u00e4ytteli Dawson\u2019s Creek -sarjassa Dawson Leery\u00e4. Van Der Beek n\u00e4htiin my\u00f6s elokuvissa Varsity Blues ja Labor Day.<\/p>\n<p><a href=\"https:\/\/www.episodi.fi\/uutiset\/dawsons-creek-tahden-suolistosyopa-on-vaiheessa-3-huutokauppasi-suosikkisarjassa-kaytettyja-esineita\/\" rel=\"nofollow noopener\" target=\"_blank\">Lue my\u00f6s: Dawson\u2019s Creek -t\u00e4hden suolistosy\u00f6p\u00e4 on vaiheessa 3 \u2013 Huutokauppasi suosikkisarjassa k\u00e4ytettyj\u00e4 esineit\u00e4<\/a><\/p>\n<p>Lue my\u00f6s: <a href=\"https:\/\/www.episodi.fi\/uutiskirje\/?uutiskirjemainos=tekstilinkkimainos\" title=\"Tilaa Episodin uutiskirje ja voit voittaa leffalippuja! Nappaa tv-vinkit suoraan s\u00e4hk\u00f6postiin t\u00e4st\u00e4.\" class=\"underline-custom !font-montserrat !font-bold !underline-offset-4 !decoration-4 !decoration-episodi-blue !text-md\" rel=\"nofollow noopener\" target=\"_blank\">Tilaa Episodin uutiskirje ja voit voittaa leffalippuja! Nappaa katseluvinkit suoraan s\u00e4hk\u00f6postiin t\u00e4st\u00e4.<\/a><\/p>\n","protected":false},"excerpt":{"rendered":"NBC uutisoi, ett\u00e4 n\u00e4yttelij\u00e4 James Van Der Beek on kuollut. H\u00e4n oli 48-vuotias. \u201dH\u00e4nen viimeiset p\u00e4iv\u00e4ns\u00e4 olivat t\u00e4ynn\u00e4&hellip;\n","protected":false},"author":2,"featured_media":167449,"comment_status":"","ping_status":"","sticky":false,"template":"","format":"standard","meta":{"footnotes":"","_share_on_mastodon":"0"},"categories":[5],"tags":[22,23,26,27,33,31,30,17,6302,4244,11828,24,25,28,29,15,18,21,32,19,20,16],"class_list":["post-167448","post","type-post","status-publish","format-standard","has-post-thumbnail","category-otsikot","tag-breaking-news","tag-breakingnews","tag-featured-news","tag-featurednews","tag-fi","tag-finland","tag-finnish","tag-headlines","tag-ignostot","tag-in-memoriam","tag-james-van-der-beek","tag-latest-news","tag-latestnews","tag-main-news","tag-mainnews","tag-news","tag-otsikot","tag-paauutiset","tag-suomi","tag-top-stories","tag-topstories","tag-uutiset"],"share_on_mastodon":{"url":"https:\/\/pubeurope.com\/@fi\/116054867540783310","error":""},"_links":{"self":[{"href":"https:\/\/www.europesays.com\/fi\/wp-json\/wp\/v2\/posts\/167448","targetHints":{"allow":["GET"]}}],"collection":[{"href":"https:\/\/www.europesays.com\/fi\/wp-json\/wp\/v2\/posts"}],"about":[{"href":"https:\/\/www.europesays.com\/fi\/wp-json\/wp\/v2\/types\/post"}],"author":[{"embeddable":true,"href":"https:\/\/www.europesays.com\/fi\/wp-json\/wp\/v2\/users\/2"}],"replies":[{"embeddable":true,"href":"https:\/\/www.europesays.com\/fi\/wp-json\/wp\/v2\/comments?post=167448"}],"version-history":[{"count":0,"href":"https:\/\/www.europesays.com\/fi\/wp-json\/wp\/v2\/posts\/167448\/revisions"}],"wp:featuredmedia":[{"embeddable":true,"href":"https:\/\/www.europesays.com\/fi\/wp-json\/wp\/v2\/media\/167449"}],"wp:attachment":[{"href":"https:\/\/www.europesays.com\/fi\/wp-json\/wp\/v2\/media?parent=167448"}],"wp:term":[{"taxonomy":"category","embeddable":true,"href":"https:\/\/www.europesays.com\/fi\/wp-json\/wp\/v2\/categories?post=167448"},{"taxonomy":"post_tag","embeddable":true,"href":"https:\/\/www.europesays.com\/fi\/wp-json\/wp\/v2\/tags?post=167448"}],"curies":[{"name":"wp","href":"https:\/\/api.w.org\/{rel}","templated":true}]}}