{"id":16750,"date":"2025-08-26T10:55:06","date_gmt":"2025-08-26T10:55:06","guid":{"rendered":"https:\/\/www.europesays.com\/fi\/16750\/"},"modified":"2025-08-26T10:55:06","modified_gmt":"2025-08-26T10:55:06","slug":"kirja-arvio-emmi-itaranta-kertoo-romaanissaan-kuinka-pohjolan-tyttaresta-kasvaa-lumimyrskyn-nostattamaan-kykeneva-harvahammas-keski-suomi","status":"publish","type":"post","link":"https:\/\/www.europesays.com\/fi\/16750\/","title":{"rendered":"Kirja-arvio | Emmi It\u00e4ranta kertoo romaanissaan, kuinka Pohjolan tytt\u00e4rest\u00e4 kasvaa lumimyrskyn nostattamaan kykenev\u00e4 harvahammas | Keski-Suomi"},"content":{"rendered":"<p class=\"diks-storyline__lead-paragraph\">Emmi It\u00e4ranta<\/p>\n<p class=\"diks-storyline__lead-paragraph\">Lumenlaulaja<\/p>\n<p class=\"diks-storyline__lead-paragraph\">Teos 2025, 410 s.<\/p>\n<p>Eik\u00f6 Louhi ollutkaan vain harvahammas, Pohjan akka, kotkansiipinen noita, V\u00e4in\u00e4m\u00f6isen ja muiden Kalevalan sankarien vihollinen? Niit\u00e4kin, mutta <strong>Emmi It\u00e4ranta<\/strong> on kirjoittanut h\u00e4nest\u00e4 tuoreessa Lumenlaulaja-romaanissaan my\u00f6s oikean ihmisen, perhett\u00e4\u00e4n, kansaansa ja luontoa rakastavan naisen ja hallitsijan.<\/p>\n","protected":false},"excerpt":{"rendered":"Emmi It\u00e4ranta Lumenlaulaja Teos 2025, 410 s. Eik\u00f6 Louhi ollutkaan vain harvahammas, Pohjan akka, kotkansiipinen noita, V\u00e4in\u00e4m\u00f6isen ja&hellip;\n","protected":false},"author":2,"featured_media":16751,"comment_status":"","ping_status":"","sticky":false,"template":"","format":"standard","meta":{"footnotes":""},"categories":[134],"tags":[377,137,33,31,30,2337,2001,2434,379,378,108,6329,3381,32,109],"class_list":{"0":"post-16750","1":"post","2":"type-post","3":"status-publish","4":"format-standard","5":"has-post-thumbnail","7":"category-kirjat","8":"tag-books","9":"tag-entertainment","10":"tag-fi","11":"tag-finland","12":"tag-finnish","13":"tag-kirja-arvio","14":"tag-kirjailijat","15":"tag-kirjailijat-ml-kolumnistit","16":"tag-kirjallisuus","17":"tag-kirjat","18":"tag-kulttuuri","19":"tag-lumimyrskyt","20":"tag-myrskyt","21":"tag-suomi","22":"tag-viihde"},"share_on_mastodon":{"url":"","error":""},"_links":{"self":[{"href":"https:\/\/www.europesays.com\/fi\/wp-json\/wp\/v2\/posts\/16750","targetHints":{"allow":["GET"]}}],"collection":[{"href":"https:\/\/www.europesays.com\/fi\/wp-json\/wp\/v2\/posts"}],"about":[{"href":"https:\/\/www.europesays.com\/fi\/wp-json\/wp\/v2\/types\/post"}],"author":[{"embeddable":true,"href":"https:\/\/www.europesays.com\/fi\/wp-json\/wp\/v2\/users\/2"}],"replies":[{"embeddable":true,"href":"https:\/\/www.europesays.com\/fi\/wp-json\/wp\/v2\/comments?post=16750"}],"version-history":[{"count":0,"href":"https:\/\/www.europesays.com\/fi\/wp-json\/wp\/v2\/posts\/16750\/revisions"}],"wp:featuredmedia":[{"embeddable":true,"href":"https:\/\/www.europesays.com\/fi\/wp-json\/wp\/v2\/media\/16751"}],"wp:attachment":[{"href":"https:\/\/www.europesays.com\/fi\/wp-json\/wp\/v2\/media?parent=16750"}],"wp:term":[{"taxonomy":"category","embeddable":true,"href":"https:\/\/www.europesays.com\/fi\/wp-json\/wp\/v2\/categories?post=16750"},{"taxonomy":"post_tag","embeddable":true,"href":"https:\/\/www.europesays.com\/fi\/wp-json\/wp\/v2\/tags?post=16750"}],"curies":[{"name":"wp","href":"https:\/\/api.w.org\/{rel}","templated":true}]}}