{"id":16793,"date":"2025-08-26T11:58:09","date_gmt":"2025-08-26T11:58:09","guid":{"rendered":"https:\/\/www.europesays.com\/fi\/16793\/"},"modified":"2025-08-26T11:58:09","modified_gmt":"2025-08-26T11:58:09","slug":"tilitys-sdpsta-orpon-painostus-toimi","status":"publish","type":"post","link":"https:\/\/www.europesays.com\/fi\/16793\/","title":{"rendered":"Tilitys SDP:st\u00e4: Orpon painostus toimi"},"content":{"rendered":"<p>SDP:ss\u00e4 arvioidaan, ett\u00e4 ty\u00f6tt\u00f6myysvakuutusmaksujen nosto sy\u00f6 noin kaksi kolmasosaa hallituksen veronkevennyksist\u00e4.<\/p>\n<p><img decoding=\"async\" class=\"image image-show image-preview\" src=\"https:\/\/www.europesays.com\/fi\/wp-content\/uploads\/2025\/08\/33a7447493eff9197ffed3e96bcee394995556ab1cfb6ab4ef3fc685748aa21c.jpg\" alt=\"\"\/><img decoding=\"async\" class=\"image image-show\" src=\"https:\/\/www.europesays.com\/fi\/wp-content\/uploads\/2025\/08\/1756209489_861_33a7447493eff9197ffed3e96bcee394995556ab1cfb6ab4ef3fc685748aa21c.jpg\" alt=\"\"\/><\/p>\n<p>SDP:n kansanedustaja, eduskunnan valtiovarainvaliokunnan vastaava edustaja Joona R\u00e4s\u00e4nen. Jani Korpela<\/p>\n<p class=\"paragraph\">N\u00e4ytt\u00e4\u00e4 silt\u00e4, ett\u00e4 Ty\u00f6llisyysrahasto on taipunut p\u00e4\u00e4ministerin painostukseen, sanoo SDP:n kansanedustaja ja valtiovarainvaliokunnan vastaava <strong>Joona R\u00e4s\u00e4nen<\/strong>.<\/p>\n<p class=\"paragraph\">Ty\u00f6llisyysrahaston ehdotus tuli julki hetki ennen SDP:n mediatilaisuutta. Puheenjohtaja <strong>Antti Lindtman<\/strong> kutsui maanantaina p\u00e4\u00e4ministeri <strong>Petteri Orpon<\/strong> (kok) ennakkolausuntoja painostukseksi rahaston suuntaan. Orpo sanoi aiemmin elokuussa, ett\u00e4 vetoaa rahastoon, ett\u00e4 se olisi nostossa maltillinen.<\/p>\n<p class=\"paragraph\">\u2013\u2009Kyll\u00e4h\u00e4n t\u00e4ss\u00e4 nyt n\u00e4ytt\u00e4\u00e4 silt\u00e4, ett\u00e4 on taivuttu p\u00e4\u00e4ministerin painostuksen alla, R\u00e4s\u00e4nen sanoo nyt.<\/p>\n<p class=\"paragraph\">R\u00e4s\u00e4sen mielest\u00e4 n\u00e4ytt\u00e4\u00e4 silt\u00e4, ett\u00e4 Orpo halusi, ett\u00e4 maksujen isompi nosto lyk\u00e4t\u00e4\u00e4n tuleville vuosille.<\/p>\n<p class=\"paragraph\">Ty\u00f6llisyysrahasto sanoi kev\u00e4\u00e4ll\u00e4, ett\u00e4 huonon ty\u00f6llisyystilanteen vuoksi se saattaa joutua nostamaan ensi vuoden maksuja 0,5-1,5 prosenttiyksikk\u00f6\u00e4. Nyt se ehdottaa 0,6 prosenttiyksik\u00f6n nostoa. Siit\u00e4 noin puolet menisi ty\u00f6ntekij\u00f6iden ja puolet ty\u00f6nantajien maksettavaksi. Palkoista ker\u00e4tt\u00e4vill\u00e4 maksuilla katetaan ty\u00f6tt\u00f6myysmenoja.<\/p>\n<p class=\"paragraph\">\u2013\u2009Sen, mit\u00e4 t\u00e4st\u00e4 asiakokonaisuudesta ehdin lyhyess\u00e4 ajassa katsomaan, niin n\u00e4ytt\u00e4\u00e4 todella silt\u00e4, ett\u00e4 Ty\u00f6llisyysrahaston hallitus on p\u00e4\u00e4tynyt t\u00e4ss\u00e4 maksukorotushaarukassaan, jonka aiemmin asettivat, aikalailla alalaitaan.<\/p>\n<p class=\"paragraph\">R\u00e4s\u00e4nen sanoo laskevansa t\u00e4ss\u00e4 vaiheessa, ett\u00e4 ehdotettu korotus tarkoittaa palkansaajien osalta sit\u00e4, ett\u00e4 kokonaissumma on 300 miljoonaa euroa. Hallituksen veronkevennys on 500 miljoonaa euroa.<\/p>\n<p class=\"paragraph\">\u2013\u2009Noin kaksi kolmasosaa sy\u00f6d\u00e4\u00e4n hallituksen veronkevennyksest\u00e4 kokonaisuudessaan pois, R\u00e4s\u00e4nen sanoo karkeaksi laskelmaksi t\u00e4ss\u00e4 vaiheessa.<\/p>\n<p class=\"paragraph\">R\u00e4s\u00e4nen ottaa esille, ett\u00e4 osaan palkansaajia vaikuttaa lis\u00e4ksi esimerkiksi ty\u00f6huonev\u00e4hennyksen ja ay-j\u00e4senmaksun verov\u00e4hennyksen poisto, ja silloin osalla keskituloisista palkansaajista verotuksessa \u201dmenn\u00e4\u00e4n nollaan tai jopa miinukselle\u201d.<\/p>\n<p class=\"paragraph\">\u2013\u2009T\u00e4m\u00e4 tulee johtamaan siihen, ett\u00e4 suurin hy\u00f6ty hallituksen verokevennyksist\u00e4 kohdistuu yli 100 000 euroa vuodessa tienaaville. T\u00e4m\u00e4 on SDP:n mielest\u00e4 v\u00e4\u00e4rin.<\/p>\n","protected":false},"excerpt":{"rendered":"SDP:ss\u00e4 arvioidaan, ett\u00e4 ty\u00f6tt\u00f6myysvakuutusmaksujen nosto sy\u00f6 noin kaksi kolmasosaa hallituksen veronkevennyksist\u00e4. SDP:n kansanedustaja, eduskunnan valtiovarainvaliokunnan vastaava edustaja Joona&hellip;\n","protected":false},"author":2,"featured_media":16794,"comment_status":"","ping_status":"","sticky":false,"template":"","format":"standard","meta":{"footnotes":""},"categories":[12],"tags":[35,22,23,26,27,33,31,30,863,17,24,25,28,29,15,18,21,637,886,885,887,32,19,20,16],"class_list":{"0":"post-16793","1":"post","2":"type-post","3":"status-publish","4":"format-standard","5":"has-post-thumbnail","7":"category-suomi","8":"tag-24h","9":"tag-breaking-news","10":"tag-breakingnews","11":"tag-featured-news","12":"tag-featurednews","13":"tag-fi","14":"tag-finland","15":"tag-finnish","16":"tag-hallitus","17":"tag-headlines","18":"tag-latest-news","19":"tag-latestnews","20":"tag-main-news","21":"tag-mainnews","22":"tag-news","23":"tag-otsikot","24":"tag-paauutiset","25":"tag-politiikka","26":"tag-puolueet","27":"tag-suomen-poliittiset-puolueet","28":"tag-suomen-politiikka","29":"tag-suomi","30":"tag-top-stories","31":"tag-topstories","32":"tag-uutiset"},"share_on_mastodon":{"url":"","error":""},"_links":{"self":[{"href":"https:\/\/www.europesays.com\/fi\/wp-json\/wp\/v2\/posts\/16793","targetHints":{"allow":["GET"]}}],"collection":[{"href":"https:\/\/www.europesays.com\/fi\/wp-json\/wp\/v2\/posts"}],"about":[{"href":"https:\/\/www.europesays.com\/fi\/wp-json\/wp\/v2\/types\/post"}],"author":[{"embeddable":true,"href":"https:\/\/www.europesays.com\/fi\/wp-json\/wp\/v2\/users\/2"}],"replies":[{"embeddable":true,"href":"https:\/\/www.europesays.com\/fi\/wp-json\/wp\/v2\/comments?post=16793"}],"version-history":[{"count":0,"href":"https:\/\/www.europesays.com\/fi\/wp-json\/wp\/v2\/posts\/16793\/revisions"}],"wp:featuredmedia":[{"embeddable":true,"href":"https:\/\/www.europesays.com\/fi\/wp-json\/wp\/v2\/media\/16794"}],"wp:attachment":[{"href":"https:\/\/www.europesays.com\/fi\/wp-json\/wp\/v2\/media?parent=16793"}],"wp:term":[{"taxonomy":"category","embeddable":true,"href":"https:\/\/www.europesays.com\/fi\/wp-json\/wp\/v2\/categories?post=16793"},{"taxonomy":"post_tag","embeddable":true,"href":"https:\/\/www.europesays.com\/fi\/wp-json\/wp\/v2\/tags?post=16793"}],"curies":[{"name":"wp","href":"https:\/\/api.w.org\/{rel}","templated":true}]}}