{"id":16805,"date":"2025-08-26T12:23:12","date_gmt":"2025-08-26T12:23:12","guid":{"rendered":"https:\/\/www.europesays.com\/fi\/16805\/"},"modified":"2025-08-26T12:23:12","modified_gmt":"2025-08-26T12:23:12","slug":"kaksi-poliisia-on-surmattu-ja-yksi-haavoittunut-pikkukaupungissa-australiassa-uutisia-lyhyesti","status":"publish","type":"post","link":"https:\/\/www.europesays.com\/fi\/16805\/","title":{"rendered":"Kaksi poliisia on surmattu ja yksi haavoittunut pikkukaupungissa Australiassa | Uutisia lyhyesti"},"content":{"rendered":"<p class=\"sc-jYczwO sc-dNFkOE bUKqJd eiHPxO yle__article__paragraph\">Poliisioperaatio on yh\u00e4 k\u00e4ynniss\u00e4.<\/p>\n<p>10:08\u2022P\u00e4ivitetty 10:09<\/p>\n<p class=\"sc-jYczwO sc-ciCoXh bUKqJd cIOueB yle__article__paragraph\">Kaksi poliisia on surmattu Porepunkahin pikkukaupungissa Australian Victorian osavaltiossa. Tuhannen asukkaan Porepunkah sijaitsee Victorian osavaltiossa, noin 300 kilometri\u00e4 Melbournesta koilliseen.<\/p>\n<p class=\"sc-jYczwO sc-ciCoXh bUKqJd cIOueB yle__article__paragraph\">Poliisioperaatio on yh\u00e4 k\u00e4ynniss\u00e4. Melbournessa ilmestyv\u00e4 sanomalehti sanomalehti <a class=\"sc-jDJeIs gotUgl yle__article__link\" href=\"https:\/\/www.theage.com.au\/national\/victoria\/victoria-police-shooting-live-updates-one-officer-shot-and-two-others-missing-after-ambush-in-high-country-20250826-p5mpwv.html\" role=\"link\" rel=\"nofollow noopener\" target=\"_blank\">The Age<\/a> kertoo, ett\u00e4 ep\u00e4ilty ampuja olisi pakosalla perheens\u00e4 kanssa. Poliisin mukaan h\u00e4nen olinpaikkansa ei ole tiedossa.<\/p>\n<p class=\"sc-jYczwO sc-ciCoXh bUKqJd cIOueB yle__article__paragraph\">The Agen mukaan poliisit olivat Porepunkahissa toimittamassa pid\u00e4tysm\u00e4\u00e4r\u00e4yst\u00e4 aiempien seksuaalirikossyytteiden vuoksi, kun he joutuivat v\u00e4ijytyksen kohteeksi.<\/p>\n<p class=\"sc-jYczwO sc-ciCoXh bUKqJd cIOueB yle__article__paragraph\">Tapahtumapaikalle on l\u00e4hetetty kymmeni\u00e4 poliiseja ja pelastuspalvelun ty\u00f6ntekij\u00f6it\u00e4, kertoo <a class=\"sc-jDJeIs gotUgl yle__article__link\" href=\"https:\/\/www.bbc.com\/news\/live\/cn72p1v3rzpt\" role=\"link\" rel=\"nofollow noopener\" target=\"_blank\">yleisradioyhti\u00f6 BBC<\/a>. Aserikokset ovat suhteellisen harvinaisia Australiassa, jossa on tiukat aselains\u00e4\u00e4d\u00e4nn\u00f6t.<\/p>\n<p class=\"sc-jYczwO sc-ciCoXh bUKqJd cIOueB yle__article__paragraph\">L\u00e4hde: AFP<\/p>\n","protected":false},"excerpt":{"rendered":"Poliisioperaatio on yh\u00e4 k\u00e4ynniss\u00e4. 10:08\u2022P\u00e4ivitetty 10:09 Kaksi poliisia on surmattu Porepunkahin pikkukaupungissa Australian Victorian osavaltiossa. Tuhannen asukkaan Porepunkah&hellip;\n","protected":false},"author":2,"featured_media":74,"comment_status":"","ping_status":"","sticky":false,"template":"","format":"standard","meta":{"footnotes":""},"categories":[14],"tags":[3751,22,23,26,27,33,31,30,17,24,25,28,29,15,18,21,52,3522,32,19,20,56,16,40,37,59,60,61],"class_list":{"0":"post-16805","1":"post","2":"type-post","3":"status-publish","4":"format-standard","5":"has-post-thumbnail","7":"category-ulkomaat","8":"tag-australia","9":"tag-breaking-news","10":"tag-breakingnews","11":"tag-featured-news","12":"tag-featurednews","13":"tag-fi","14":"tag-finland","15":"tag-finnish","16":"tag-headlines","17":"tag-latest-news","18":"tag-latestnews","19":"tag-main-news","20":"tag-mainnews","21":"tag-news","22":"tag-otsikot","23":"tag-paauutiset","24":"tag-poliisi","25":"tag-poliisin-toimenpiteet","26":"tag-suomi","27":"tag-top-stories","28":"tag-topstories","29":"tag-ulkomaat","30":"tag-uutiset","31":"tag-vakivalta","32":"tag-vakivaltarikokset","33":"tag-world","34":"tag-world-news","35":"tag-worldnews"},"share_on_mastodon":{"url":"","error":""},"_links":{"self":[{"href":"https:\/\/www.europesays.com\/fi\/wp-json\/wp\/v2\/posts\/16805","targetHints":{"allow":["GET"]}}],"collection":[{"href":"https:\/\/www.europesays.com\/fi\/wp-json\/wp\/v2\/posts"}],"about":[{"href":"https:\/\/www.europesays.com\/fi\/wp-json\/wp\/v2\/types\/post"}],"author":[{"embeddable":true,"href":"https:\/\/www.europesays.com\/fi\/wp-json\/wp\/v2\/users\/2"}],"replies":[{"embeddable":true,"href":"https:\/\/www.europesays.com\/fi\/wp-json\/wp\/v2\/comments?post=16805"}],"version-history":[{"count":0,"href":"https:\/\/www.europesays.com\/fi\/wp-json\/wp\/v2\/posts\/16805\/revisions"}],"wp:featuredmedia":[{"embeddable":true,"href":"https:\/\/www.europesays.com\/fi\/wp-json\/wp\/v2\/media\/74"}],"wp:attachment":[{"href":"https:\/\/www.europesays.com\/fi\/wp-json\/wp\/v2\/media?parent=16805"}],"wp:term":[{"taxonomy":"category","embeddable":true,"href":"https:\/\/www.europesays.com\/fi\/wp-json\/wp\/v2\/categories?post=16805"},{"taxonomy":"post_tag","embeddable":true,"href":"https:\/\/www.europesays.com\/fi\/wp-json\/wp\/v2\/tags?post=16805"}],"curies":[{"name":"wp","href":"https:\/\/api.w.org\/{rel}","templated":true}]}}