{"id":16815,"date":"2025-08-26T12:44:08","date_gmt":"2025-08-26T12:44:08","guid":{"rendered":"https:\/\/www.europesays.com\/fi\/16815\/"},"modified":"2025-08-26T12:44:08","modified_gmt":"2025-08-26T12:44:08","slug":"mikko-rantaselle-jattisakot","status":"publish","type":"post","link":"https:\/\/www.europesays.com\/fi\/16815\/","title":{"rendered":"Mikko Rantaselle j\u00e4ttisakot"},"content":{"rendered":"<p>NHL-t\u00e4hti sai kymmenen p\u00e4iv\u00e4sakkoa.<\/p>\n<p><img decoding=\"async\" class=\"image image-show image-preview\" src=\"https:\/\/www.europesays.com\/fi\/wp-content\/uploads\/2025\/08\/c3a7c9384eb7b553a21d3bf902bbeb6de486d765c9658ebb0c95e509a7c6d10e.jpg\" alt=\"\"\/><img decoding=\"async\" class=\"image image-show\" src=\"https:\/\/www.europesays.com\/fi\/wp-content\/uploads\/2025\/08\/1756212248_870_c3a7c9384eb7b553a21d3bf902bbeb6de486d765c9658ebb0c95e509a7c6d10e.jpg\" alt=\"\"\/><\/p>\n<p>Mikko Rantanen sai muhkeat sakot. Matti Matikainen<\/p>\n<p class=\"paragraph\"><strong>Mikko Rantanen<\/strong> on saanut kymmenen p\u00e4iv\u00e4sakkoa, koska mies j\u00e4tti saapumatta palveluspaikkaansa Kaartin j\u00e4\u00e4k\u00e4rirykmenttiin m\u00e4\u00e4r\u00e4aikaan menness\u00e4.<\/p>\n<p class=\"paragraph\">Asia selvi\u00e4\u00e4 Helsingin k\u00e4r\u00e4j\u00e4oikeuden antamasta tuomiosta.<\/p>\n<p class=\"paragraph\">Rantasen kohdalla kymmenen p\u00e4iv\u00e4sakkoa tarkoittaa 33\u00a0290 euron rapsuja. Lis\u00e4ksi mies joutuu suorittamaan valtiolle 40 euron rikosuhrimaksun.<\/p>\n<p class=\"paragraph\">Luvaton poissaolo tapahtui huhtikuussa 2024. Tuomion mukaan Rantanen j\u00e4tti oikeudettomasti saapumatta palveluspaikkaansa Kaartin j\u00e4\u00e4k\u00e4rirykmenttiin m\u00e4\u00e4r\u00e4aikaan 15.4.2024 kello 16.00 menness\u00e4.<\/p>\n<p class=\"paragraph\">Rantanen toimitti m\u00e4\u00e4r\u00e4ajan umpeuduttua Lounais-Suomen aluetoimistoon palveluksen aloittamisajan muutoshakemuksen, joka hyv\u00e4ksyttiin 16.4.2024 noin kello 13.43.<\/p>\n<p class=\"paragraph\">Rantanen sai my\u00f6s toissijaisen syytteen tuottamuksellisesta palvelusrikoksesta. Syytt\u00e4j\u00e4n mukaan NHL-t\u00e4hti rikkoi tai j\u00e4tti t\u00e4ytt\u00e4m\u00e4tt\u00e4 palvelukseen kuuluvan velvollisuuden taikka palvelusta koskevan m\u00e4\u00e4r\u00e4yksen huolimattomuuden vuoksi.<\/p>\n<p class=\"paragraph\">\u2013 Rantanen ei ole riitt\u00e4v\u00e4n huolellisesti tutustunut h\u00e4nelle annettuun palveluksen aloittamism\u00e4\u00e4r\u00e4ykseen, mink\u00e4 seurauksena h\u00e4n on oikeudettomasti j\u00e4\u00e4nyt saapumatta palveluspaikkaansa Kaartin j\u00e4\u00e4k\u00e4rirykmenttiin m\u00e4\u00e4r\u00e4aikaan 15.4.2024 kello 16.00 menness\u00e4, syytteess\u00e4 todetaan.<\/p>\n<p class=\"paragraph\">Tuomio ei ole lainvoimainen.<\/p>\n<p>Rantanen kiist\u00e4\u00e4<\/p>\n<p class=\"paragraph\">Rantanen on kiist\u00e4nyt syyllistyneens\u00e4 asiassa rikokseen ja vaatinut, ett\u00e4 ensisijainen rangaistusvaatimus hyl\u00e4t\u00e4\u00e4n ja ett\u00e4 toissijainen rangaistusvaatimus j\u00e4tet\u00e4\u00e4n tutkimatta tai joka tapauksessa hyl\u00e4t\u00e4\u00e4n.<\/p>\n<p class=\"paragraph\">Vastauksessaan Rantanen kertoo, ett\u00e4 h\u00e4n on Puolustusvoimien Urheilukoulun valmennusp\u00e4\u00e4llikk\u00f6 <strong>Jari Karinkannan<\/strong> kanssa toukokuussa 2023 k\u00e4ydyn keskustelun perusteella ollut siin\u00e4 k\u00e4sityksess\u00e4, ett\u00e4 h\u00e4nen tulee astua palvelukseen aikaisintaan hein\u00e4kuussa 2024. Rantanen ei muista saaneensa t\u00e4m\u00e4n j\u00e4lkeen tiedoksi tai edes n\u00e4hneens\u00e4 palvelukseen aloittamism\u00e4\u00e4r\u00e4yst\u00e4 huhtikuulle 2024.<\/p>\n<p class=\"paragraph\">Vastauksessa todetaan, ett\u00e4 Rantanen on Suomen aikaa aamulla 15.4.2024 Karinkannan yhteydenoton my\u00f6t\u00e4 saanut tiedon, ett\u00e4 h\u00e4nen on m\u00e4\u00e4r\u00e4 astua palvelukseen samana p\u00e4iv\u00e4n\u00e4 kello 16.00 menness\u00e4. Rantanen on t\u00e4ll\u00f6in ollut kotonaan Yhdysvalloissa, eik\u00e4 h\u00e4nell\u00e4 k\u00e4yt\u00e4nn\u00f6ss\u00e4 ole ollut mahdollisuutta saapua m\u00e4\u00e4r\u00e4ttyyn palveluspaikkaan Helsingiss\u00e4 m\u00e4\u00e4r\u00e4aikaan menness\u00e4.<\/p>\n<p class=\"paragraph\">Vastauksen mukaan Rantanen oli ollut t\u00e4m\u00e4n j\u00e4lkeen v\u00e4litt\u00f6m\u00e4sti puhelimitse yhteydess\u00e4 valmennusp\u00e4\u00e4llikk\u00f6 Karinkantaan sek\u00e4 kapteeni <strong>Matias Sankariin<\/strong>, ja lis\u00e4ksi l\u00e4hett\u00e4nyt s\u00e4hk\u00f6postia Lounais-Suomen aluetoimistoon 15.4.2024 kello 9.56 Suomen aikaa eli jo ennen k\u00e4sketty\u00e4 palvelukseen astumisajankohtaa.<\/p>\n<p class=\"paragraph\">Rantanen sai ohjeet, joiden mukaan toimia, paikallista aikaa 15.4.2024 kello 1.12 y\u00f6ll\u00e4, jolloin h\u00e4n oli nukkumassa. Her\u00e4tty\u00e4\u00e4n Rantanen oli toimittanut lykk\u00e4yshakemuksen paikallista aikaa kello 10.12.<\/p>\n<p class=\"paragraph\">K\u00e4r\u00e4j\u00e4oikeuden mukaan Rantasen ilmoittamat syyt eiv\u00e4t vapauta h\u00e4nt\u00e4 vastuusta eiv\u00e4tk\u00e4 poista teon tahallisuutta.<\/p>\n<p>Vapautus<\/p>\n<p class=\"paragraph\">Viime viikolla uutisoitiin, ett\u00e4 <a href=\"https:\/\/www.iltalehti.fi\/nhl\/98251c6f-55d6-426a-a3a7-db04f11f5cdd\" rel=\"nofollow noopener\" target=\"_blank\">Rantanen sai lopulta vapautuksen armeijasta<\/a>. T\u00e4htihy\u00f6kk\u00e4\u00e4j\u00e4n asiamies <strong>Matti Huhtam\u00e4ki<\/strong> kertoi Iltalehdelle, ett\u00e4 syy oli terveydellinen.<\/p>\n<p class=\"paragraph\">\u2013 K\u00e4r\u00e4j\u00e4oikeudella ei ole aihetta ep\u00e4ill\u00e4 Rantasen kertomia ja kirjallisena todisteena esitetyst\u00e4 tulosteesta OmaKanta-palvelusta ilmenevi\u00e4 Rantasen terveydentilaan liittyvi\u00e4 seikkoja, mutta ne eiv\u00e4t anna aihetta arvioida asiaa toisella tavalla, tuomiossa todetaan.<\/p>\n<p class=\"paragraph\">\u2013 My\u00f6sk\u00e4\u00e4n se, ett\u00e4 Urheilukoululla ei ollut ollut etuk\u00e4teen tietoa Rantasen palveluksen aloittamisajankohdasta, jonka johdosta Rantaselle ei ollut etuk\u00e4teen l\u00e4hetetty Urheilukoululta ohjeistusta, ei anna aihetta arvioida asiaa toisella tavalla.<\/p>\n<p class=\"paragraph\">Rantanen siirtyi kesken viime kauden Dallas Starsiin. H\u00e4n solmi seuran kanssa kahdeksan vuoden sopimuksen, jonka arvo on 96 miljoonaa dollaria.<\/p>\n","protected":false},"excerpt":{"rendered":"NHL-t\u00e4hti sai kymmenen p\u00e4iv\u00e4sakkoa. Mikko Rantanen sai muhkeat sakot. Matti Matikainen Mikko Rantanen on saanut kymmenen p\u00e4iv\u00e4sakkoa, koska&hellip;\n","protected":false},"author":2,"featured_media":16816,"comment_status":"","ping_status":"","sticky":false,"template":"","format":"standard","meta":{"footnotes":""},"categories":[158],"tags":[35,33,31,30,1143,2135,41,1146,159,32,1145,160],"class_list":{"0":"post-16815","1":"post","2":"type-post","3":"status-publish","4":"format-standard","5":"has-post-thumbnail","7":"category-urheilu","8":"tag-24h","9":"tag-fi","10":"tag-finland","11":"tag-finnish","12":"tag-jaakiekko","13":"tag-jaakiekkopelaajat-miehet","14":"tag-liikunta-ja-urheilu","15":"tag-miesten-jaakiekko","16":"tag-sports","17":"tag-suomi","18":"tag-talviurheilu","19":"tag-urheilu"},"share_on_mastodon":{"url":"","error":""},"_links":{"self":[{"href":"https:\/\/www.europesays.com\/fi\/wp-json\/wp\/v2\/posts\/16815","targetHints":{"allow":["GET"]}}],"collection":[{"href":"https:\/\/www.europesays.com\/fi\/wp-json\/wp\/v2\/posts"}],"about":[{"href":"https:\/\/www.europesays.com\/fi\/wp-json\/wp\/v2\/types\/post"}],"author":[{"embeddable":true,"href":"https:\/\/www.europesays.com\/fi\/wp-json\/wp\/v2\/users\/2"}],"replies":[{"embeddable":true,"href":"https:\/\/www.europesays.com\/fi\/wp-json\/wp\/v2\/comments?post=16815"}],"version-history":[{"count":0,"href":"https:\/\/www.europesays.com\/fi\/wp-json\/wp\/v2\/posts\/16815\/revisions"}],"wp:featuredmedia":[{"embeddable":true,"href":"https:\/\/www.europesays.com\/fi\/wp-json\/wp\/v2\/media\/16816"}],"wp:attachment":[{"href":"https:\/\/www.europesays.com\/fi\/wp-json\/wp\/v2\/media?parent=16815"}],"wp:term":[{"taxonomy":"category","embeddable":true,"href":"https:\/\/www.europesays.com\/fi\/wp-json\/wp\/v2\/categories?post=16815"},{"taxonomy":"post_tag","embeddable":true,"href":"https:\/\/www.europesays.com\/fi\/wp-json\/wp\/v2\/tags?post=16815"}],"curies":[{"name":"wp","href":"https:\/\/api.w.org\/{rel}","templated":true}]}}