{"id":16826,"date":"2025-08-26T13:03:13","date_gmt":"2025-08-26T13:03:13","guid":{"rendered":"https:\/\/www.europesays.com\/fi\/16826\/"},"modified":"2025-08-26T13:03:13","modified_gmt":"2025-08-26T13:03:13","slug":"ttk-opettaja-kastanja-rauhalalta-yllattava-paljastus","status":"publish","type":"post","link":"https:\/\/www.europesays.com\/fi\/16826\/","title":{"rendered":"TTK-opettaja Kastanja Rauhalalta yll\u00e4tt\u00e4v\u00e4 paljastus"},"content":{"rendered":"<p>\n            20250807, Helsinki. Tanssii t\u00e4htien kanssa vuoden 2025 pressi. Kuvassa Erik &#8221;Lakko&#8221; Savolainen ja Kastanja Rauhala.<br \/>\n            Timo Korhonen\n        <\/p>\n<p class=\"subtitle \">Kastanja Rauhalan t\u00e4htioppilas tulevalla Tanssii t\u00e4htien kanssa -kaudella on suosikkitubettaja Lakko eli Eric Savolainen.<\/p>\n<p class=\"article-content article-content-width !bg-background\">Tanssija  julkaisi hiljattain videon Tiktok-tilill\u00e4\u00e4n Tanssii t\u00e4htien kanssa -parinsa  kanssa. Eric on Lakko-nimell\u00e4 kulkeva tubettaja.<\/p>\n<p class=\"italic m-italic article-content article-content-width !bg-background\">Arkistovideo: TTK-parit, saako kuormasta sy\u00f6d\u00e4?<\/p>\n<p class=\"article-content article-content-width !bg-background\">Ensimm\u00e4isen treeniviikon kunniaksi Eric ja Kastanja esitt\u00e4v\u00e4t toisilleen kolme kysymyst\u00e4. Alkuun Kastanja tiedustelee Ericilt\u00e4, mik\u00e4 tanssimisessa vieh\u00e4tt\u00e4\u00e4.<\/p>\n<p class=\"article-content article-content-width !bg-background\">\u2013 Tykk\u00e4\u00e4n siit\u00e4, ett\u00e4 se tapahtuu aina ilon kautta. Minulla on hauskaa aina, kun tanssin. Tanssin kautta pystyy n\u00e4ytt\u00e4m\u00e4\u00e4n paljon fiiliksi\u00e4, Eric sanoo.<\/p>\n<p class=\"article-content article-content-width !bg-background\">\u2013 Huumori, ilo ja tanssi. Kolme kulmakive\u00e4 t\u00e4ll\u00e4 hetkell\u00e4 el\u00e4m\u00e4ss\u00e4ni, h\u00e4n summaa.<\/p>\n<p class=\"article-content article-content-width !bg-background\">Eric haluaa tiet\u00e4\u00e4, onko Kastanjalla jokin tanssilaji, josta t\u00e4m\u00e4 ei pid\u00e4. Kastanja vastaa wienervalssin eli wieninvalssin. Silloin kun Kastanja tanssi itse kisoissa, h\u00e4n koki lajin monotoniseksi.<\/p>\n<p class=\"article-content article-content-width !bg-background\">\u2013 Mutta sitten taas TTK:ssa siit\u00e4 saa aika kivoja showjuttuja, Kastanja pohtii.<\/p>\n<p>        <a itemprop=\"url\" href=\"https:\/\/www.seiska.fi\/katso\/isaac-seneen-yhdistetty-kastanja-rauhala-avautuu-kohuhuomiosta\/1898279\" rel=\"nofollow noopener\" target=\"_blank\"><\/p>\n<p>\nIsaac Seneen yhdistetty Kastanja\n<\/p>\n<p class=\"section-date\">\n        <strong class=\"article-section\" data-section=\"katso\"><br \/>\n            katso<br \/>\n        <\/strong><br \/>\n        13.8. 15:15\n    <\/p>\n<p>    Isaac Seneen yhdistetty Kastanja Rauhala avautuu kohuhuomiosta<\/p>\n<p itemprop=\"description\" class=\"subtitle \">\n    Tanssii t\u00e4htien kanssa -opettaja Kastanja Rauhala joutui hurjaan julkisuuspy\u00f6ritykseen edellisell\u00e4 kaudella.\n<\/p>\n<p>        <\/a><\/p>\n<p>&#8221;Jos et vihaa minua&#8221;<\/p>\n<p class=\"article-content article-content-width !bg-background\">Eric kertoo Kastanjan pyynn\u00f6st\u00e4, mit\u00e4 h\u00e4n toivoisi saavuttavansa TTK:ssa tanssitaidon lis\u00e4ksi. Eric toivoo l\u00f6yt\u00e4v\u00e4ns\u00e4 uusia vahvuuksia, joilla rakentaa parempaa itsetuntoa ja tietysti yst\u00e4vi\u00e4.<\/p>\n<p class=\"article-content article-content-width !bg-background\">\u2013 Varmasti saatkin niit\u00e4, Kastanja tsemppaa.<\/p>\n<p class=\"article-content article-content-width !bg-background\">\u2013 Ainakin yksi yst\u00e4v\u00e4 on, jos et vihaa minua t\u00e4m\u00e4n j\u00e4lkeen, h\u00e4n naurahtaa.<\/p>\n<blockquote class=\"tiktok-embed\" cite=\"https:\/\/www.tiktok.com\/@kastanjarauhala\/video\/7541491125849246998\" data-video-id=\"7541491125849246998\" style=\"max-width:605px;min-width:325px\"><p>  <a target=\"_blank\" title=\"@kastanjarauhala\" href=\"https:\/\/www.tiktok.com\/@kastanjarauhala?refer=embed\" rel=\"nofollow noopener\">@kastanjarauhala<\/a> Meid\u00e4n ekan treeniviikon kunniaksi tehtiin 3 kysymyst\u00e4 toisillemme\ud83d\udc83\ud83d\udd7a\ud83d\udcaf Puhuttiin mm. toiveista TTK:ssa, peleist\u00e4, kofeiinista ja v\u00e4h\u00e4n yleist\u00e4 perjantain sekoilua\ud83e\udd2d\u2728\ufe0f Mit\u00e4 kysymyksi\u00e4 meid\u00e4n pit\u00e4is kysy\u00e4 toisiltamme n\u00e4itten lis\u00e4ksi?<a title=\"lakko\" target=\"_blank\" href=\"https:\/\/www.tiktok.com\/tag\/lakko?refer=embed\" rel=\"nofollow noopener\">#lakko<\/a> <a title=\"tanssiit\u00e4htienkanssa\" target=\"_blank\" href=\"https:\/\/www.tiktok.com\/tag\/tanssiit%C3%A4htienkanssa?refer=embed\" rel=\"nofollow noopener\">#tanssiit\u00e4htienkanssa<\/a> <a title=\"kastanjarauhala\" target=\"_blank\" href=\"https:\/\/www.tiktok.com\/tag\/kastanjarauhala?refer=embed\" rel=\"nofollow noopener\">#kastanjarauhala<\/a> <a title=\"ttk\" target=\"_blank\" href=\"https:\/\/www.tiktok.com\/tag\/ttk?refer=embed\" rel=\"nofollow noopener\">#ttk<\/a> <a title=\"fyp\" target=\"_blank\" href=\"https:\/\/www.tiktok.com\/tag\/fyp?refer=embed\" rel=\"nofollow noopener\">#fyp<\/a> @Tanssii T\u00e4htien Kanssa <a target=\"_blank\" title=\"\u266c alkuper\u00e4inen \u00e4\u00e4ni - Kastanja Rauhala\" href=\"https:\/\/www.tiktok.com\/music\/alkuper\u00e4inen-\u00e4\u00e4ni-7541491196486322966?refer=embed\" rel=\"nofollow noopener\">\u266c alkuper\u00e4inen \u00e4\u00e4ni &#8211; Kastanja Rauhala<\/a>  <\/p><\/blockquote>\n<p>        <a itemprop=\"url\" href=\"https:\/\/www.seiska.fi\/katso\/mikko-silvennoinen-treenaa-ttkssa-erikoisella-tavalla\/1910303\" rel=\"nofollow noopener\" target=\"_blank\"><\/p>\n<p>\nMikko Silvennoinen\n<\/p>\n<p class=\"section-date\">\n        <strong class=\"article-section\" data-section=\"katso\"><br \/>\n            katso<br \/>\n        <\/strong><br \/>\n        09:16\n    <\/p>\n<p>    Mikko Silvennoinen treenaa TTK:ssa erikoisella tavalla<\/p>\n<p itemprop=\"description\" class=\"subtitle \">\n    Tanssii t\u00e4htien kanssa -tanssiparien ensimm\u00e4inen livel\u00e4hetys l\u00e4hestyy.\n<\/p>\n<p>        <\/a><\/p>\n<p class=\"article-content article-content-width !bg-background\">Muut kysymykset koskevat muun muassa videopelej\u00e4. He v\u00e4ittelev\u00e4t siit\u00e4, kumpi on parempi Mario Kartissa. V\u00e4ittelyn yhteydess\u00e4 Kastanja paljastaa, ettei hiphop tanssina taivu.<\/p>\n<p class=\"article-content article-content-width !bg-background\">My\u00f6s Kastanjan kofeiininkulutus her\u00e4tt\u00e4\u00e4 keskustelua. Kastanja toteaa, ettei Eric halua tiet\u00e4\u00e4, millainen ihminen Kastanja olisi ilman kofeiinia.<\/p>\n<p class=\"article-content article-content-width !bg-background\">\u2013 Videohaaste: 24h ilman kofeiinia, Eric heitt\u00e4\u00e4 haasteen.<\/p>\n<p>Ylist\u00e4vi\u00e4 sanoja<\/p>\n<p class=\"article-content article-content-width !bg-background\">Eric julkaisi <a href=\"https:\/\/www.instagram.com\/officiallakko\/\" target=\"_blank\" rel=\"nofollow noopener\">Instagram<\/a>-tarinoissaan videon treenisalilta. H\u00e4n kehuu tarinassa vuolaasti tanssiopettajaansa. Tarinat ovat katsottavissa 24 tuntia julkaisuhetkest\u00e4.<\/p>\n<p class=\"article-content article-content-width !bg-background\">\u2013 Muita opettajia yht\u00e4\u00e4n v\u00e4heksym\u00e4tt\u00e4, omasta mielest\u00e4ni oon saanut kyll\u00e4 parhaan tanssiopen t\u00e4lle syksylle! Kastanja saa ihmeellisesti kuorittua aloittelijan kuoreni alta tanssijan sielun, josta olen itsekin yll\u00e4ttynyt, Eric kirjoittaa.<\/p>\n<p class=\"article-content article-content-width !bg-background\">H\u00e4n kuvailee Kastanjaa vaativaksi ja tarkkasilm\u00e4iseksi tanssiopettajaksi, jolla on samaan aikaan kannustava ja hyv\u00e4 energia.<\/p>\n<p class=\"italic m-italic article-content article-content-width !bg-background\">Tanssii t\u00e4htien kanssa sunnuntaisin MTV3:lla ja MTV Katsomossa.<\/p>\n<p>        <a itemprop=\"url\" href=\"https:\/\/www.seiska.fi\/katso\/katsojilta-tiukkaa-palautetta-vappu-pimian-ulkonaosta-mummobarometri-kaytossa\/1893893\" rel=\"nofollow noopener\" target=\"_blank\"><\/p>\n<p>\nVappu Pimi\u00e4\n<\/p>\n<p class=\"section-date\">\n        <strong class=\"article-section\" data-section=\"katso\"><br \/>\n            katso<br \/>\n        <\/strong><br \/>\n        16.8. 13:15\n    <\/p>\n<p>    Katsojilta tiukkaa palautetta Vappu Pimi\u00e4n ulkon\u00e4\u00f6st\u00e4 \u2013 \u201dmummobarometri\u201d k\u00e4yt\u00f6ss\u00e4<\/p>\n<p itemprop=\"description\" class=\"subtitle \">\n    Vapun mukaan 98 prosenttia Tanssii t\u00e4htien kanssa -ohjelman palautteesta on ihanaa, mutta t\u00f6rkypalautettakin tulee.\n<\/p>\n<p>        <\/a><\/p>\n<p><script async src=\"\/\/www.instagram.com\/embed.js\"><\/script><script async src=\"\/\/www.tiktok.com\/embed.js\"><\/script><\/p>\n","protected":false},"excerpt":{"rendered":"20250807, Helsinki. Tanssii t\u00e4htien kanssa vuoden 2025 pressi. Kuvassa Erik &#8221;Lakko&#8221; Savolainen ja Kastanja Rauhala. Timo Korhonen Kastanja&hellip;\n","protected":false},"author":2,"featured_media":16827,"comment_status":"","ping_status":"","sticky":false,"template":"","format":"standard","meta":{"footnotes":""},"categories":[136],"tags":[407,137,3056,33,31,30,408,3055,2376,32,1355,903,2696,3099,6344,109],"class_list":{"0":"post-16826","1":"post","2":"type-post","3":"status-publish","4":"format-standard","5":"has-post-thumbnail","7":"category-julkkikset","8":"tag-celebrities","9":"tag-entertainment","10":"tag-eric-savolainen","11":"tag-fi","12":"tag-finland","13":"tag-finnish","14":"tag-julkkikset","15":"tag-kastanja-rauhala","16":"tag-mtv","17":"tag-suomi","18":"tag-tanssi","19":"tag-tanssii-tahtien-kanssa","20":"tag-tiktok","21":"tag-ttk","22":"tag-ttk-2025","23":"tag-viihde"},"share_on_mastodon":{"url":"","error":""},"_links":{"self":[{"href":"https:\/\/www.europesays.com\/fi\/wp-json\/wp\/v2\/posts\/16826","targetHints":{"allow":["GET"]}}],"collection":[{"href":"https:\/\/www.europesays.com\/fi\/wp-json\/wp\/v2\/posts"}],"about":[{"href":"https:\/\/www.europesays.com\/fi\/wp-json\/wp\/v2\/types\/post"}],"author":[{"embeddable":true,"href":"https:\/\/www.europesays.com\/fi\/wp-json\/wp\/v2\/users\/2"}],"replies":[{"embeddable":true,"href":"https:\/\/www.europesays.com\/fi\/wp-json\/wp\/v2\/comments?post=16826"}],"version-history":[{"count":0,"href":"https:\/\/www.europesays.com\/fi\/wp-json\/wp\/v2\/posts\/16826\/revisions"}],"wp:featuredmedia":[{"embeddable":true,"href":"https:\/\/www.europesays.com\/fi\/wp-json\/wp\/v2\/media\/16827"}],"wp:attachment":[{"href":"https:\/\/www.europesays.com\/fi\/wp-json\/wp\/v2\/media?parent=16826"}],"wp:term":[{"taxonomy":"category","embeddable":true,"href":"https:\/\/www.europesays.com\/fi\/wp-json\/wp\/v2\/categories?post=16826"},{"taxonomy":"post_tag","embeddable":true,"href":"https:\/\/www.europesays.com\/fi\/wp-json\/wp\/v2\/tags?post=16826"}],"curies":[{"name":"wp","href":"https:\/\/api.w.org\/{rel}","templated":true}]}}