{"id":16848,"date":"2025-08-26T13:34:07","date_gmt":"2025-08-26T13:34:07","guid":{"rendered":"https:\/\/www.europesays.com\/fi\/16848\/"},"modified":"2025-08-26T13:34:07","modified_gmt":"2025-08-26T13:34:07","slug":"marvel-tahti-uskoi-saaneensa-toita-10-vuodeksi-sitten-vuoden-2021-elokuva-floppasi-ja-oli-pakko-menna-terapiaan","status":"publish","type":"post","link":"https:\/\/www.europesays.com\/fi\/16848\/","title":{"rendered":"Marvel-t\u00e4hti uskoi saaneensa t\u00f6it\u00e4 10 vuodeksi &#8211; sitten vuoden 2021 elokuva floppasi ja oli pakko menn\u00e4 terapiaan"},"content":{"rendered":"\n<p><strong>Vuoden 2021 Eternals-elokuvan Kumail Nanjianin piti esiinty\u00e4 kuudessa Marvel Studios -elokuvassa.<\/strong><\/p>\n<p>Working It Out -podcastissa vieraillut Kumail Nanjiani kertoi uskoneensa saaneen t\u00f6it\u00e4 seuraavaksi kymmeksi vuodeksi kun h\u00e4net kiinnitettiin Marvel Studiosin <a href=\"https:\/\/muropaketti.com\/avainsana\/eternals\/\" rel=\"nofollow noopener\" target=\"_blank\">Eternals<\/a>-leffan Kingo-supersankariksi.<\/p>\n<p>Leffa kuitenkin floppasi ja sai kehnot arviot. Vastaanotto hajotti n\u00e4yttelij\u00e4-koomikon sen verran pahasti, ett\u00e4 h\u00e4n hakeutui terapiaan.<\/p>\n<p>\u201dSelitin kaikille koronapandemian aikana, ett\u00e4 olen mukana j\u00e4ttileffassa, enk\u00e4 malttanut odottaa sen ilmestyv\u00e4n. Hekumoin asialla ainakin puolentoista vuoden ajan. Sitten Eternals sai ensi-iltansa ja se haukuttiin lyttyyn, eik\u00e4 elokuva edes menestynyt kovin hyvin. Se hajotti minut aivan t\u00e4ysin ja p\u00e4\u00e4dyin terapiaan.\u201d<\/p>\n<p>\u201dLuulin saaneeni Marvelilta t\u00f6it\u00e4 seuraavaksi kymmeneksi vuodeksi, sill\u00e4 tein sopimuksen, johon kuului kuusi elokuvaa, videopeli ja huvipuistoajelu. Marvel laittaa n\u00e4yttelij\u00e4ns\u00e4 allekirjoittamaan kaikki mahdolliset sopparit. Kuvittelin ett\u00e4 teen Marvel Studios -elokuvia joka vuosi ja niiden v\u00e4liss\u00e4 omia pikkujuttujani, mutta n\u00e4in ei todellakaan tapahtunut.\u201d<\/p>\n<p>Vuoden 2021 marraskuussa ensi-iltansa saanut\u00a0Eternals sai siihen menness\u00e4 julkaistuista Marvel-leffoista kehnoimmat arviot. Se tuotti noin 400 miljoonaa dollaria, joka oli Marvel-asteikolla floppi, sill\u00e4 elokuvan pelkk\u00e4 tuotantobudjetti oli noin 200 miljoonaa taalaa.<\/p>\n<p>Nanjianiin n\u00e4yttelem\u00e4\u00e4 Kingoa tai muita Eternals-sankareita ei ole n\u00e4hty heid\u00e4n oman elokuvansa j\u00e4lkeen yhdess\u00e4k\u00e4\u00e4n Marvelin n\u00e4ytelm\u00e4elokuvassa tai -sarjassa.<\/p>\n<p>Muropaketin arvostelussa Eternals sai kaksi t\u00e4hte\u00e4 viidest\u00e4:<\/p>\n<blockquote class=\"wp-embedded-content\" data-secret=\"Oh2i2QCbfZ\">\n<p><a href=\"https:\/\/muropaketti.com\/elokuvat\/elokuva-arvostelut\/arvostelu-eternals-on-hukattu-mahdollisuus-ja-suurin-pettymys-kaikista-marvel-elokuvista\/\" rel=\"nofollow noopener\" target=\"_blank\">Arvostelu | Eternals on valtava pettymys \u2013 Marvelin ylipitk\u00e4 elokuva tulvii hirveit\u00e4 tehosteita ja tahatonta komiikkaa<\/a><\/p>\n<\/blockquote>\n","protected":false},"excerpt":{"rendered":"Vuoden 2021 Eternals-elokuvan Kumail Nanjianin piti esiinty\u00e4 kuudessa Marvel Studios -elokuvassa. Working It Out -podcastissa vieraillut Kumail Nanjiani&hellip;\n","protected":false},"author":2,"featured_media":16849,"comment_status":"","ping_status":"","sticky":false,"template":"","format":"standard","meta":{"footnotes":""},"categories":[131],"tags":[155,137,6351,33,173,31,30,6352,3282,2813,172,32,109],"class_list":{"0":"post-16848","1":"post","2":"type-post","3":"status-publish","4":"format-standard","5":"has-post-thumbnail","7":"category-elokuvat","8":"tag-elokuvat","9":"tag-entertainment","10":"tag-eternals","11":"tag-fi","12":"tag-film","13":"tag-finland","14":"tag-finnish","15":"tag-kumail-nanjiani","16":"tag-marvel","17":"tag-marvel-studios","18":"tag-movies","19":"tag-suomi","20":"tag-viihde"},"share_on_mastodon":{"url":"","error":""},"_links":{"self":[{"href":"https:\/\/www.europesays.com\/fi\/wp-json\/wp\/v2\/posts\/16848","targetHints":{"allow":["GET"]}}],"collection":[{"href":"https:\/\/www.europesays.com\/fi\/wp-json\/wp\/v2\/posts"}],"about":[{"href":"https:\/\/www.europesays.com\/fi\/wp-json\/wp\/v2\/types\/post"}],"author":[{"embeddable":true,"href":"https:\/\/www.europesays.com\/fi\/wp-json\/wp\/v2\/users\/2"}],"replies":[{"embeddable":true,"href":"https:\/\/www.europesays.com\/fi\/wp-json\/wp\/v2\/comments?post=16848"}],"version-history":[{"count":0,"href":"https:\/\/www.europesays.com\/fi\/wp-json\/wp\/v2\/posts\/16848\/revisions"}],"wp:featuredmedia":[{"embeddable":true,"href":"https:\/\/www.europesays.com\/fi\/wp-json\/wp\/v2\/media\/16849"}],"wp:attachment":[{"href":"https:\/\/www.europesays.com\/fi\/wp-json\/wp\/v2\/media?parent=16848"}],"wp:term":[{"taxonomy":"category","embeddable":true,"href":"https:\/\/www.europesays.com\/fi\/wp-json\/wp\/v2\/categories?post=16848"},{"taxonomy":"post_tag","embeddable":true,"href":"https:\/\/www.europesays.com\/fi\/wp-json\/wp\/v2\/tags?post=16848"}],"curies":[{"name":"wp","href":"https:\/\/api.w.org\/{rel}","templated":true}]}}