{"id":16854,"date":"2025-08-26T13:37:08","date_gmt":"2025-08-26T13:37:08","guid":{"rendered":"https:\/\/www.europesays.com\/fi\/16854\/"},"modified":"2025-08-26T13:37:08","modified_gmt":"2025-08-26T13:37:08","slug":"sonja-aiello-bongattiin-julkkiskomistuksen-seurasta-kuvat","status":"publish","type":"post","link":"https:\/\/www.europesays.com\/fi\/16854\/","title":{"rendered":"Sonja Aiello bongattiin julkkiskomistuksen seurasta \u2013 kuvat!"},"content":{"rendered":"<p class=\"article-content article-content-width !bg-background\">Fitnessvaikuttaja <a alt=\"Haku\" class=\"text-primary-red font-extrabold\" href=\"https:\/\/www.seiska.fi\/haku?q=Sonja Aiello\" rel=\"nofollow noopener\" target=\"_blank\">Sonja Aiello<\/a> bongattiin lauantaina (23.8) Kotkasta.<br \/>\nJulkkiskaunotar ei poistunut paikalta yksin, vaan r\u00e4pp\u00e4ri <a alt=\"Haku\" class=\"text-primary-red font-extrabold\" href=\"https:\/\/www.seiska.fi\/haku?q=Kevin Tandun\" rel=\"nofollow noopener\" target=\"_blank\">Kevin Tandun<\/a> kanssa.\u00a0<\/p>\n<p class=\"article-content article-content-width !bg-background\">Parin liikkeet ovat k\u00e4ynnist\u00e4neet huhumyllyn suhteen tilasta.<\/p>\n<p class=\"article-content article-content-width !bg-background\">Seiskan tavoittama Sonja kuitenkin kiist\u00e4\u00e4 romanssihuhut.<\/p>\n<p class=\"article-content article-content-width !bg-background\">\u2013 Olen tuntenut Kevinin monta vuotta.<\/p>\n<p class=\"article-content article-content-width !bg-background\">\u2013 Siin\u00e4 ei ole mink\u00e4\u00e4nlaista \u2013 t\u00e4ysin yst\u00e4vyyssuhde,<br \/>\nSonja toteaa.<\/p>\n<p>                <img decoding=\"async\" src=\"https:\/\/www.europesays.com\/fi\/wp-content\/uploads\/2025\/08\/1909642.webp\" width=\"576\" height=\"274\" alt=\"Sonja sonnustautui tyylikk\u00e4\u00e4seen pitk\u00e4\u00e4n takkiin.\" loading=\"lazy\" \/>            <\/p>\n<p>\n            Sonja sonnustautui tyylikk\u00e4\u00e4seen pitk\u00e4\u00e4n takkiin.<br \/>\n            Lukijan kuva \/ Seiska\n        <\/p>\n<p>                <img decoding=\"async\" src=\"https:\/\/www.europesays.com\/fi\/wp-content\/uploads\/2025\/08\/1909417.webp\" width=\"576\" height=\"274\" alt=\"N\u00e4in parivaljakko poistui Kotkassa j\u00e4rjestetyst\u00e4 nyrkkeilyillasta.\" loading=\"lazy\" \/>            <\/p>\n<p>\n            N\u00e4in parivaljakko poistui Kotkassa j\u00e4rjestetyst\u00e4 nyrkkeilyillasta.<br \/>\n            Lukijan kuva \/ Seiska\n        <\/p>\n<p>Bongattu vapaaottelijan kanssa<\/p>\n<p class=\"article-content article-content-width !bg-background\">Seiska kertoi elokuun alussa Sonjan bilett\u00e4neen<br \/>\nvapaaottelija <a alt=\"Haku\" class=\"text-primary-red font-extrabold\" href=\"https:\/\/www.seiska.fi\/haku?q=Theo Kolehmaisen\" rel=\"nofollow noopener\" target=\"_blank\">Theo Kolehmaisen<\/a> seurassa. Sonja ja Ice Cage 4-ottelutapahtumasta<br \/>\ntuttu kamppailulajikomistus viettiv\u00e4t yhdess\u00e4 aikaa j\u00e4rvenp\u00e4\u00e4l\u00e4isell\u00e4<br \/>\nPower-festivaalilla.<\/p>\n<p class=\"article-content article-content-width !bg-background\">Tuolloin kaksikko intoutui tanssimaan <a alt=\"Haku\" class=\"text-primary-red font-extrabold\" href=\"https:\/\/www.seiska.fi\/haku?q=Mirellan\" rel=\"nofollow noopener\" target=\"_blank\">Mirellan<\/a> keikkaa<br \/>\nkuunnellen.<\/p>\n<p class=\"article-content article-content-width !bg-background\">Viime vuoden toukokuussa Seiska kertoi Sonjan eronneen silloisesta<br \/>\nmielitietyst\u00e4\u00e4n, ammattinyrkkeilij\u00e4 <a alt=\"Haku\" class=\"text-primary-red font-extrabold\" href=\"https:\/\/www.seiska.fi\/haku?q=Haijji Muhiksesta\" rel=\"nofollow noopener\" target=\"_blank\">Haijji Muhiksesta<\/a>, eli <a alt=\"Haku\" class=\"text-primary-red font-extrabold\" href=\"https:\/\/www.seiska.fi\/haku?q=Muhammad&#010;Abdilrasoonista\" rel=\"nofollow noopener\" target=\"_blank\">Muhammad<br \/>\nAbdilrasoonista<\/a>.<\/p>\n<p>Pahoinpitelytuomio<\/p>\n<p class=\"article-content article-content-width !bg-background\">Aiemmin Sonja seurusteli pitk\u00e4\u00e4n r\u00e4pp\u00e4ri <a alt=\"Haku\" class=\"text-primary-red font-extrabold\" href=\"https:\/\/www.seiska.fi\/haku?q=Williamin\" rel=\"nofollow noopener\" target=\"_blank\">Williamin<\/a>, eli<br \/>\n<a alt=\"Haku\" class=\"text-primary-red font-extrabold\" href=\"https:\/\/www.seiska.fi\/haku?q=Ville Virtasen\" rel=\"nofollow noopener\" target=\"_blank\">Ville Virtasen<\/a>, kanssa. Suhteen aikana pariskunnan elo oli kuitenkin myrskyis\u00e4\u00e4.<\/p>\n<p class=\"article-content article-content-width !bg-background\">Sonja tuomittiin viime syksyn\u00e4 Williamin pahoinpitelyst\u00e4 60<br \/>\np\u00e4iv\u00e4sakkoon, joista Sonjan tuloilla kertyi maksettavaa 3240 euroa. <\/p>\n<p class=\"article-content article-content-width !bg-background\">Pariskunta erosi jo huhtikuussa 2022.<\/p>\n<p class=\"article-content article-content-width !bg-background\">Sonjan saama pahoinpitelytuomio <a href=\"https:\/\/www.seiska.fi\/katso\/katsojat-jarkyttyivat-erikoisjoukot-uutisesta-miksi-ihmeessa\/1891038\" target=\"_blank\" rel=\"nofollow noopener\">her\u00e4tti \u00e4l\u00e4k\u00e4n<\/a> erityisesti<br \/>\nsosiaalisessa mediassa, kun Sonjan kerrottiin olevan yksi Erikoisjoukot<br \/>\n-ohjelman nelj\u00e4nnen tuotantokauden kilpailijoista.<\/p>\n","protected":false},"excerpt":{"rendered":"Fitnessvaikuttaja Sonja Aiello bongattiin lauantaina (23.8) Kotkasta. Julkkiskaunotar ei poistunut paikalta yksin, vaan r\u00e4pp\u00e4ri Kevin Tandun kanssa.\u00a0 Parin&hellip;\n","protected":false},"author":2,"featured_media":16855,"comment_status":"","ping_status":"","sticky":false,"template":"","format":"standard","meta":{"footnotes":""},"categories":[130],"tags":[137,33,31,30,6354,6355,5383,32,6353,109,5005],"class_list":{"0":"post-16854","1":"post","2":"type-post","3":"status-publish","4":"format-standard","5":"has-post-thumbnail","7":"category-viihde","8":"tag-entertainment","9":"tag-fi","10":"tag-finland","11":"tag-finnish","12":"tag-kevin-tandu","13":"tag-pahoinpitelytuomio","14":"tag-sonja-aiello","15":"tag-suomi","16":"tag-theo-kolehmainen","17":"tag-viihde","18":"tag-william"},"share_on_mastodon":{"url":"","error":""},"_links":{"self":[{"href":"https:\/\/www.europesays.com\/fi\/wp-json\/wp\/v2\/posts\/16854","targetHints":{"allow":["GET"]}}],"collection":[{"href":"https:\/\/www.europesays.com\/fi\/wp-json\/wp\/v2\/posts"}],"about":[{"href":"https:\/\/www.europesays.com\/fi\/wp-json\/wp\/v2\/types\/post"}],"author":[{"embeddable":true,"href":"https:\/\/www.europesays.com\/fi\/wp-json\/wp\/v2\/users\/2"}],"replies":[{"embeddable":true,"href":"https:\/\/www.europesays.com\/fi\/wp-json\/wp\/v2\/comments?post=16854"}],"version-history":[{"count":0,"href":"https:\/\/www.europesays.com\/fi\/wp-json\/wp\/v2\/posts\/16854\/revisions"}],"wp:featuredmedia":[{"embeddable":true,"href":"https:\/\/www.europesays.com\/fi\/wp-json\/wp\/v2\/media\/16855"}],"wp:attachment":[{"href":"https:\/\/www.europesays.com\/fi\/wp-json\/wp\/v2\/media?parent=16854"}],"wp:term":[{"taxonomy":"category","embeddable":true,"href":"https:\/\/www.europesays.com\/fi\/wp-json\/wp\/v2\/categories?post=16854"},{"taxonomy":"post_tag","embeddable":true,"href":"https:\/\/www.europesays.com\/fi\/wp-json\/wp\/v2\/tags?post=16854"}],"curies":[{"name":"wp","href":"https:\/\/api.w.org\/{rel}","templated":true}]}}