{"id":168695,"date":"2026-02-13T10:30:06","date_gmt":"2026-02-13T10:30:06","guid":{"rendered":"https:\/\/www.europesays.com\/fi\/168695\/"},"modified":"2026-02-13T10:30:06","modified_gmt":"2026-02-13T10:30:06","slug":"liam-neeson-on-yha-kiinnostunut-tekemaan-jatkoa-vuoden-1990-supersankarielokuvalleen","status":"publish","type":"post","link":"https:\/\/www.europesays.com\/fi\/168695\/","title":{"rendered":"Liam Neeson on yh\u00e4 kiinnostunut tekem\u00e4\u00e4n jatkoa vuoden 1990 supersankarielokuvalleen"},"content":{"rendered":"<p>T\u00e4ll\u00e4 viikolla Cold Storage -elokuvassa n\u00e4ht\u00e4v\u00e4 Liam Neeson esitti p\u00e4\u00e4osaa vuonna 1990 julkaistussa Darkmanissa.<\/p>\n<p>Sam Raimin on kerrottu suunnittelevan jatko-osaa vuonna 1990 julkaistulle supersankarielokuvalleen. Darkmanin p\u00e4\u00e4osaa esitti alkuper\u00e4isess\u00e4 elokuvassa <a href=\"https:\/\/muropaketti.com\/avainsana\/liam-neeson\/\" rel=\"nofollow noopener\" target=\"_blank\">Liam Neeson<\/a>, joka <a href=\"https:\/\/screenrant.com\/liam-neeson-sam-raimi-darkman-sequel-plans-silence-break\/\" target=\"_blank\" rel=\"noreferrer noopener nofollow\">Screenrantin<\/a> haastattelussa kertoo, ettei h\u00e4nt\u00e4 ainakaan viel\u00e4 ole pyydetty palaamaan rooliin.<\/p>\n<p>Neeson kuitenkin vaikuttaisi kiinnostuneelta jatko-osasta, jonka kerrotaan olevan suoraa jatkoa h\u00e4nen alkuper\u00e4iselle elokuvalleen.<\/p>\n<p>\u201cOlisi mahtava ty\u00f6skennell\u00e4 j\u00e4lleen Samin [Raimi] kanssa\u201d, h\u00e4n kertoo.<\/p>\n<p>Raimin mukaan jatko-osan toteutuminen riippuu p\u00e4\u00e4asiassa rahoituksesta, sill\u00e4 Universal Pictures omistaa edelleen hahmon oikeudet.<\/p>\n<p>Vuoden 1990 Darkman on Raimin itsens\u00e4 ohjaama ja yhdess\u00e4 Chuck Pfarrerin, Ivan Raimin, Daniel &amp; Joshua Goldinin kanssa k\u00e4sikirjoittama elokuva, jossa p\u00e4\u00e4osaa esitt\u00e4v\u00e4n Neesonin lis\u00e4ksi n\u00e4ytteliv\u00e4t muun muassa Frances McDormand ja Larry Drake.<\/p>\n<p>Neesonin voi n\u00e4hd\u00e4 t\u00e4ll\u00e4 viikolla elokuvateattereissa julkaistavassa scifitoimintakomediassa Cold Storage. Se tosin ei valtavasti ainakaan Muropaketin kriitikkoa vakuuttanut.<\/p>\n","protected":false},"excerpt":{"rendered":"T\u00e4ll\u00e4 viikolla Cold Storage -elokuvassa n\u00e4ht\u00e4v\u00e4 Liam Neeson esitti p\u00e4\u00e4osaa vuonna 1990 julkaistussa Darkmanissa. Sam Raimin on kerrottu&hellip;\n","protected":false},"author":2,"featured_media":168696,"comment_status":"","ping_status":"","sticky":false,"template":"","format":"standard","meta":{"footnotes":"","_share_on_mastodon":"0"},"categories":[131],"tags":[155,137,33,173,31,30,2081,172,4754,32,109],"class_list":["post-168695","post","type-post","status-publish","format-standard","has-post-thumbnail","category-elokuvat","tag-elokuvat","tag-entertainment","tag-fi","tag-film","tag-finland","tag-finnish","tag-liam-neeson","tag-movies","tag-sam-raimi","tag-suomi","tag-viihde"],"share_on_mastodon":{"url":"https:\/\/pubeurope.com\/@fi\/116062861578271097","error":""},"_links":{"self":[{"href":"https:\/\/www.europesays.com\/fi\/wp-json\/wp\/v2\/posts\/168695","targetHints":{"allow":["GET"]}}],"collection":[{"href":"https:\/\/www.europesays.com\/fi\/wp-json\/wp\/v2\/posts"}],"about":[{"href":"https:\/\/www.europesays.com\/fi\/wp-json\/wp\/v2\/types\/post"}],"author":[{"embeddable":true,"href":"https:\/\/www.europesays.com\/fi\/wp-json\/wp\/v2\/users\/2"}],"replies":[{"embeddable":true,"href":"https:\/\/www.europesays.com\/fi\/wp-json\/wp\/v2\/comments?post=168695"}],"version-history":[{"count":0,"href":"https:\/\/www.europesays.com\/fi\/wp-json\/wp\/v2\/posts\/168695\/revisions"}],"wp:featuredmedia":[{"embeddable":true,"href":"https:\/\/www.europesays.com\/fi\/wp-json\/wp\/v2\/media\/168696"}],"wp:attachment":[{"href":"https:\/\/www.europesays.com\/fi\/wp-json\/wp\/v2\/media?parent=168695"}],"wp:term":[{"taxonomy":"category","embeddable":true,"href":"https:\/\/www.europesays.com\/fi\/wp-json\/wp\/v2\/categories?post=168695"},{"taxonomy":"post_tag","embeddable":true,"href":"https:\/\/www.europesays.com\/fi\/wp-json\/wp\/v2\/tags?post=168695"}],"curies":[{"name":"wp","href":"https:\/\/api.w.org\/{rel}","templated":true}]}}