{"id":168975,"date":"2026-02-13T17:48:07","date_gmt":"2026-02-13T17:48:07","guid":{"rendered":"https:\/\/www.europesays.com\/fi\/168975\/"},"modified":"2026-02-13T17:48:07","modified_gmt":"2026-02-13T17:48:07","slug":"johanna-tukiainen-yllatti-helsingissa-salakuva","status":"publish","type":"post","link":"https:\/\/www.europesays.com\/fi\/168975\/","title":{"rendered":"Johanna Tukiainen yll\u00e4tti Helsingiss\u00e4 &#8211; salakuva!"},"content":{"rendered":"<p class=\"article-content article-content-width !bg-background\">Vuotta 2026 ei ole takana viel\u00e4 kahta kuukauttakaan. <a alt=\"Haku\" class=\"text-primary-red font-extrabold\" href=\"https:\/\/www.seiska.fi\/haku?q=Johanna Tukiaisen\" rel=\"nofollow noopener\" target=\"_blank\">Johanna Tukiaisen<\/a> rakkausel\u00e4m\u00e4ss\u00e4 on kuitenkin ehtinyt tapahtua k\u00e4\u00e4nteit\u00e4 kuin Kauniissa ja rohkeissa konsanaan.\u00a0<\/p>\n<p class=\"font-weight-bold m-font-weight-bold article-content article-content-width !bg-background\">Video: Johanna Tukiainen ja Joonas-rakas parisuhdehaastattelussa:<\/p>\n<p class=\"article-content article-content-width !bg-background\">Seiska kertoi taannoin Johannan kihlautuneen nuoren <a alt=\"Haku\" class=\"text-primary-red font-extrabold\" href=\"https:\/\/www.seiska.fi\/haku?q=Joonas-\" rel=\"nofollow noopener\" target=\"_blank\">Joonas-<\/a>rakkaansa kanssa. Kihlaus oli tuore, sill\u00e4 Joonas oli kosinut Johannaa 4. tammikuuta. H\u00e4\u00e4suunnitelmien pariin kaksikko ei viel\u00e4 ollut enn\u00e4tt\u00e4nyt, mutta Johanna paljasti Seiskalle haaveilevansa kes\u00e4h\u00e4ist\u00e4.<\/p>\n<p>Ryppyj\u00e4 rakkaudessa?<\/p>\n<p class=\"article-content article-content-width !bg-background\">Sittemmin tilanne on muuttunut merkitt\u00e4v\u00e4sti. Rakkaushaastattelun j\u00e4lkeen pariskunnan v\u00e4lit vaikuttavat et\u00e4\u00e4ntyneen\u00a0\u2013 niinkin paljon, ett\u00e4 Johanna on viihtynyt paremmin toisen on-off-rakkaansa <a alt=\"Haku\" class=\"text-primary-red font-extrabold\" href=\"https:\/\/www.seiska.fi\/haku?q=Veijo Lallin\" rel=\"nofollow noopener\" target=\"_blank\">Veijo Lallin<\/a> seurassa.\u00a0<\/p>\n<p>                <img decoding=\"async\" src=\"https:\/\/www.europesays.com\/fi\/wp-content\/uploads\/2026\/02\/2074928.webp.jpeg\" width=\"576\" height=\"360\" alt=\"Johanna ja Joonas esitteliv\u00e4t kotiaan tammikuussa Seiskalle. Hieman erikoisen kuviosta tekee, ett\u00e4 asunnon omistaa Veijo.\" loading=\"lazy\" \/>            <\/p>\n<p>\n            Johanna ja Joonas esitteliv\u00e4t kotiaan tammikuussa Seiskalle. Hieman erikoisen kuviosta tekee, ett\u00e4 asunnon omistaa Veijo.<br \/>\n            Miikka Kaskinen\n        <\/p>\n<p class=\"article-content article-content-width !bg-background\"><a href=\"https:\/\/www.seiska.fi\/vain-seiskassa\/missa-joonas-rakas-johannan-tukiainen-veijon-kanssa-satamassa-salakuvat\/2065040\" target=\"_blank\" rel=\"nofollow noopener\">Seiskan lukija h\u00e4mm\u00e4styi hiljattain t\u00f6rm\u00e4tess\u00e4\u00e4n Johannaan ja Veijoon Katajanokan satamaterminaalissa<\/a>. Joonasta sen sijaan ei n\u00e4kynyt mailla halmeilla.\u00a0<\/p>\n<p class=\"article-content article-content-width !bg-background\">\u2013 Veijo k\u00e4veli Johannan per\u00e4ss\u00e4 kantaen kaikkia laukkuja, kaksikon tapaan Tukholmaan matkannut lukijamme kertoi.\u00a0\u00a0<\/p>\n<p>R\u00f6yhel\u00f6tyyliss\u00e4 arjessakin<\/p>\n<p class=\"article-content article-content-width !bg-background\">Johannan parisuhdestatus ei ole selvill\u00e4 t\u00e4m\u00e4n jutun kirjoitushetkell\u00e4. Se on kuitenkin selv\u00e4\u00e4, ett\u00e4 juoksevia asioita t\u00e4ytyy hoitaa vaikka rakkaudessa olisi ryppyj\u00e4.\u00a0<\/p>\n<p>                <img decoding=\"async\" src=\"https:\/\/www.europesays.com\/fi\/wp-content\/uploads\/2026\/02\/2074930.webp.jpeg\" width=\"576\" height=\"639\" alt=\"Veijo kulki kuuliaisesti Johannan per\u00e4ss\u00e4 kaksikon matkatavaroista huolehtien.\" loading=\"lazy\" \/>            <\/p>\n<p>\n            Veijo kulki kuuliaisesti Johannan per\u00e4ss\u00e4 kaksikon matkatavaroista huolehtien.<br \/>\n            Seiskan  lukija\n        <\/p>\n<p class=\"article-content article-content-width !bg-background\">Helmikuisena tiistaina Johanna ilmestyikin Helsingin rautatieaseman kupeessa sijaitsevan Postitalon postiin. Kohukaunotar marssi palvelutiskille tuttuun tyyliins\u00e4 muhkeaan prinsessatakkiin ja karvareunaisiin pinkkeihin hanskoihin sonnustautuneena.\u00a0<\/p>\n<p class=\"article-content article-content-width !bg-background\">Johanna oli l\u00e4hett\u00e4m\u00e4ss\u00e4 pakettia. Asian hoiduttua h\u00e4n halusi viel\u00e4 tutustua postimerkkikansioon. H\u00e4n pl\u00e4r\u00e4sikin merkkej\u00e4 hyv\u00e4n tovin.\u00a0<\/p>\n<p class=\"article-content article-content-width !bg-background\">\u2013 Johannan talvitossut olivat kastuneet pahan kerran. My\u00f6s p\u00f6rr\u00f6isten housujen lahkeet olivat uineet loskassa, paikalle sattunut lukijamme kertoo.\u00a0<\/p>\n<p class=\"article-content article-content-width !bg-background\">\u2013 Johanna j\u00e4tti kengist\u00e4\u00e4n ja lahkeistaan l\u00e4t\u00e4k\u00f6n postin lattialle.\u00a0<\/p>\n<p>                <img decoding=\"async\" src=\"https:\/\/www.europesays.com\/fi\/wp-content\/uploads\/2026\/02\/2074911.webp.jpeg\" width=\"576\" height=\"639\" alt=\"Johannan talvityylin kruunasivat Louis Vuitton -merkkiveska sek\u00e4 vaaleanpunainen Hello Kitty -kassi.\" loading=\"lazy\" \/>            <\/p>\n<p>\n            Johannan talvityylin kruunasivat Louis Vuitton -merkkiveska sek\u00e4 vaaleanpunainen Hello Kitty -kassi.<br \/>\n            Seiskan lukija\n        <\/p>\n","protected":false},"excerpt":{"rendered":"Vuotta 2026 ei ole takana viel\u00e4 kahta kuukauttakaan. Johanna Tukiaisen rakkausel\u00e4m\u00e4ss\u00e4 on kuitenkin ehtinyt tapahtua k\u00e4\u00e4nteit\u00e4 kuin Kauniissa&hellip;\n","protected":false},"author":2,"featured_media":168976,"comment_status":"","ping_status":"","sticky":false,"template":"","format":"standard","meta":{"footnotes":"","_share_on_mastodon":"0"},"categories":[136],"tags":[407,137,33,31,30,104,5865,27711,408,4478,1496,7657,16425,32,7957,109],"class_list":["post-168975","post","type-post","status-publish","format-standard","has-post-thumbnail","category-julkkikset","tag-celebrities","tag-entertainment","tag-fi","tag-finland","tag-finnish","tag-helsinki","tag-johanna-tukiainen","tag-joonas","tag-julkkikset","tag-kaak","tag-parisuhde","tag-posti","tag-salakuvat","tag-suomi","tag-veijo-lalli","tag-viihde"],"share_on_mastodon":{"url":"https:\/\/pubeurope.com\/@fi\/116064583945718695","error":""},"_links":{"self":[{"href":"https:\/\/www.europesays.com\/fi\/wp-json\/wp\/v2\/posts\/168975","targetHints":{"allow":["GET"]}}],"collection":[{"href":"https:\/\/www.europesays.com\/fi\/wp-json\/wp\/v2\/posts"}],"about":[{"href":"https:\/\/www.europesays.com\/fi\/wp-json\/wp\/v2\/types\/post"}],"author":[{"embeddable":true,"href":"https:\/\/www.europesays.com\/fi\/wp-json\/wp\/v2\/users\/2"}],"replies":[{"embeddable":true,"href":"https:\/\/www.europesays.com\/fi\/wp-json\/wp\/v2\/comments?post=168975"}],"version-history":[{"count":0,"href":"https:\/\/www.europesays.com\/fi\/wp-json\/wp\/v2\/posts\/168975\/revisions"}],"wp:featuredmedia":[{"embeddable":true,"href":"https:\/\/www.europesays.com\/fi\/wp-json\/wp\/v2\/media\/168976"}],"wp:attachment":[{"href":"https:\/\/www.europesays.com\/fi\/wp-json\/wp\/v2\/media?parent=168975"}],"wp:term":[{"taxonomy":"category","embeddable":true,"href":"https:\/\/www.europesays.com\/fi\/wp-json\/wp\/v2\/categories?post=168975"},{"taxonomy":"post_tag","embeddable":true,"href":"https:\/\/www.europesays.com\/fi\/wp-json\/wp\/v2\/tags?post=168975"}],"curies":[{"name":"wp","href":"https:\/\/api.w.org\/{rel}","templated":true}]}}