{"id":169411,"date":"2026-02-14T05:18:06","date_gmt":"2026-02-14T05:18:06","guid":{"rendered":"https:\/\/www.europesays.com\/fi\/169411\/"},"modified":"2026-02-14T05:18:06","modified_gmt":"2026-02-14T05:18:06","slug":"kiina-eun-tulisi-syventaa-kaytannon-yhteistyota-kanssamme-uutiset","status":"publish","type":"post","link":"https:\/\/www.europesays.com\/fi\/169411\/","title":{"rendered":"Kiina: EU:n tulisi syvent\u00e4\u00e4 k\u00e4yt\u00e4nn\u00f6n yhteisty\u00f6t\u00e4 kanssamme | Uutiset"},"content":{"rendered":"<p>Saksan tiedustelujohtaja: Ven\u00e4j\u00e4 pelaa pitk\u00e4\u00e4 peli\u00e4, Euroopan pit\u00e4\u00e4 vastata aktiivisesti<\/p>\n<p class=\"aw-lzd4tw hrgmTi\">Saksan ulkomaantiedustelun BND:n p\u00e4\u00e4johtaja Martin J\u00e4ger sanoi M\u00fcncheniss\u00e4 hybridioperaatiota k\u00e4sittelev\u00e4n paneelin aluksi, ett\u00e4 Ven\u00e4j\u00e4 pyrkii luomaan hajaannusta sotilasliitto Natossa, yritt\u00e4\u00e4 nostaa Euroopassa valtaan ven\u00e4l\u00e4ismielisi\u00e4 hallituksia sek\u00e4 haluaa halvaannuttaa EU:n.<\/p>\n<p class=\"aw-lzd4tw hrgmTi\">\u2013 Jos Ven\u00e4j\u00e4 onnistuu, seuraukset tunnetaan kaikkialla. Ven\u00e4j\u00e4 voi yritt\u00e4\u00e4 laajentaa vaikutuspiiri\u00e4\u00e4n Euroopan mantereella ja kirist\u00e4\u00e4 eurooppalaisia valtioita, sotilaallisesti, poliittisesti tai taloudellisesti, J\u00e4ger sanoi.<\/p>\n<p class=\"aw-lzd4tw hrgmTi\">J\u00e4gerin mukaan Ven\u00e4j\u00e4n v\u00e4lineit\u00e4 ovat muun muassa disinformaatio, pelottelu, vakoilu, sabotaasi, ilmatilan loukkaukset, palkkamurhat, ulkomailla asuvien oppositiohahmojen vaino.<\/p>\n<p class=\"aw-lzd4tw hrgmTi\">H\u00e4n sanoi, ett\u00e4 Ven\u00e4j\u00e4n sotilastiedustelu GRU yritti vaikuttaa Saksan viime liittop\u00e4iv\u00e4vaaleihin ja Saksan sis\u00e4isiin asioihin levitt\u00e4m\u00e4ll\u00e4 v\u00e4\u00e4r\u00e4\u00e4 tietoa verkossa. <\/p>\n<p>Hybridiuhkien uhka on tunnustettu ja sit\u00e4 vastaan on kehitetty aloitteita, julkilausumia ja strategioita EU:ssa ja Natossa, J\u00e4ger sanoi.<\/p>\n<p class=\"aw-lzd4tw hrgmTi\">\u2013 Emme ole olleet riitt\u00e4v\u00e4n menestyksekk\u00e4it\u00e4. Pelote ei viel\u00e4 toimi. T\u00e4m\u00e4 her\u00e4tt\u00e4\u00e4 kysymyksen, seuraammeko edelleen n\u00e4it\u00e4 kehityskulkuja vai olemmeko saavuttaneet pisteen, jossa meid\u00e4n on ryhdytt\u00e4v\u00e4 aktiivisiin vastatoimiin, J\u00e4ger sanoi.<\/p>\n<p>J\u00e4ger sanoi, ett\u00e4 poliitikkojen ja virkamiesten lis\u00e4ksi hybridioperaatioista pit\u00e4\u00e4 valistaa suurta yleis\u00f6\u00e4.<\/p>\n<p class=\"aw-lzd4tw hrgmTi\">\u2013 Me emme en\u00e4\u00e4 el\u00e4 rauhan aikaa. Ven\u00e4j\u00e4 pelaa pitk\u00e4\u00e4 peli\u00e4. Meid\u00e4n pit\u00e4\u00e4 alkaa tehd\u00e4 niin my\u00f6s, tiedustelupalvelu BND:n p\u00e4\u00e4johtaja sanoi M\u00fcncheniss\u00e4.<\/p>\n<p>J\u00e4gerin mukaan vastapuolelle on teht\u00e4v\u00e4 hyvin selv\u00e4ksi, ett\u00e4 sellaisten toimien jatkaminen ei j\u00e4\u00e4 ilman seurauksia.<\/p>\n<p class=\"aw-lzd4tw hrgmTi\">\u2013 Meid\u00e4n pit\u00e4isi useammin todistaa, ett\u00e4 voimme tehd\u00e4 hyvin samanlaisia asioita, jotta toinen puoli my\u00f6s kokee kipua.<\/p>\n","protected":false},"excerpt":{"rendered":"Saksan tiedustelujohtaja: Ven\u00e4j\u00e4 pelaa pitk\u00e4\u00e4 peli\u00e4, Euroopan pit\u00e4\u00e4 vastata aktiivisesti Saksan ulkomaantiedustelun BND:n p\u00e4\u00e4johtaja Martin J\u00e4ger sanoi M\u00fcncheniss\u00e4&hellip;\n","protected":false},"author":2,"featured_media":169412,"comment_status":"","ping_status":"","sticky":false,"template":"","format":"standard","meta":{"footnotes":"","_share_on_mastodon":"0"},"categories":[14],"tags":[22,23,2267,26,27,33,31,30,17,70,24,25,28,29,12498,2579,15,18,21,32,19,20,2534,56,16,59,60,61,619],"class_list":["post-169411","post","type-post","status-publish","format-standard","has-post-thumbnail","category-ulkomaat","tag-breaking-news","tag-breakingnews","tag-eurooppa","tag-featured-news","tag-featurednews","tag-fi","tag-finland","tag-finnish","tag-headlines","tag-kansainvalinen-politiikka","tag-latest-news","tag-latestnews","tag-main-news","tag-mainnews","tag-munchen","tag-nato","tag-news","tag-otsikot","tag-paauutiset","tag-suomi","tag-top-stories","tag-topstories","tag-turvallisuuspolitiikka","tag-ulkomaat","tag-uutiset","tag-world","tag-world-news","tag-worldnews","tag-yhdysvallat"],"share_on_mastodon":{"url":"https:\/\/pubeurope.com\/@fi\/116067297124479053","error":""},"_links":{"self":[{"href":"https:\/\/www.europesays.com\/fi\/wp-json\/wp\/v2\/posts\/169411","targetHints":{"allow":["GET"]}}],"collection":[{"href":"https:\/\/www.europesays.com\/fi\/wp-json\/wp\/v2\/posts"}],"about":[{"href":"https:\/\/www.europesays.com\/fi\/wp-json\/wp\/v2\/types\/post"}],"author":[{"embeddable":true,"href":"https:\/\/www.europesays.com\/fi\/wp-json\/wp\/v2\/users\/2"}],"replies":[{"embeddable":true,"href":"https:\/\/www.europesays.com\/fi\/wp-json\/wp\/v2\/comments?post=169411"}],"version-history":[{"count":0,"href":"https:\/\/www.europesays.com\/fi\/wp-json\/wp\/v2\/posts\/169411\/revisions"}],"wp:featuredmedia":[{"embeddable":true,"href":"https:\/\/www.europesays.com\/fi\/wp-json\/wp\/v2\/media\/169412"}],"wp:attachment":[{"href":"https:\/\/www.europesays.com\/fi\/wp-json\/wp\/v2\/media?parent=169411"}],"wp:term":[{"taxonomy":"category","embeddable":true,"href":"https:\/\/www.europesays.com\/fi\/wp-json\/wp\/v2\/categories?post=169411"},{"taxonomy":"post_tag","embeddable":true,"href":"https:\/\/www.europesays.com\/fi\/wp-json\/wp\/v2\/tags?post=169411"}],"curies":[{"name":"wp","href":"https:\/\/api.w.org\/{rel}","templated":true}]}}