{"id":17086,"date":"2025-08-26T19:33:11","date_gmt":"2025-08-26T19:33:11","guid":{"rendered":"https:\/\/www.europesays.com\/fi\/17086\/"},"modified":"2025-08-26T19:33:11","modified_gmt":"2025-08-26T19:33:11","slug":"kruununprinsessa-victorian-yllattava-paljastus","status":"publish","type":"post","link":"https:\/\/www.europesays.com\/fi\/17086\/","title":{"rendered":"Kruununprinsessa Victorian yll\u00e4tt\u00e4v\u00e4 paljastus"},"content":{"rendered":"<p>            HENRIC WAUGE \/ AOP\n        <\/p>\n<p class=\"subtitle \">Kuninkaan m\u00f6kki tarjoaa poikkeukselliset rentoutumismahdollisuudet.<\/p>\n<p class=\"article-content article-content-width !bg-background\">Ruotsin kuninkaalliset ovat tottuneet varsin hienoon menoon. Heid\u00e4n kotinsa ovat palatseissa, ja Sollidenin kes\u00e4paikka on sekin linna.<\/p>\n<p class=\"article-content article-content-width !bg-background\">Kuningas\u00a0on kuitenkin my\u00f6s huomattavasti askeettisempi lomapaikka, joka sijaitsee T\u00e4rnabyss\u00e4, Pohjois-Ruotsissa. Pieni kalastusm\u00f6kki eroaa hurjasti esimerkiksi 192-huoneisesta Drottningholmista, jossa kuningas asuu.<\/p>\n<p class=\"article-content article-content-width !bg-background\">Julkisuudelta visusti piilossa pidetty tunturim\u00f6kki on t\u00e4rke\u00e4 paikka my\u00f6s kruununprinsessa, joka vieraili hiljattain samassa l\u00e4\u00e4niss\u00e4 sijaitsevassa kansallispuistossa.<\/p>\n<p class=\"article-content article-content-width !bg-background\">Artikkelin videolla n\u00e4kyy hellyytt\u00e4v\u00e4 hetki Victorian kansallispuistovierailulta.<\/p>\n<p>        <a itemprop=\"url\" href=\"https:\/\/www.seiska.fi\/kuninkaalliset\/huomasitko-katse-kiinnittyy-kruununprinsessa-victorian-jalkoihin\/1865780\" rel=\"nofollow noopener\" target=\"_blank\"><\/p>\n<p>\nHuomasitko?\n<\/p>\n<p class=\"section-date\">\n        <strong class=\"article-section\" data-section=\"kuninkaalliset\"><br \/>\n            kuninkaalliset<br \/>\n        <\/strong><br \/>\n        12.7. 18:00\n    <\/p>\n<p>    Huomasitko? Katse kiinnittyy kruununprinsessa Victorian jalkoihin<\/p>\n<p itemprop=\"description\" class=\"subtitle \">\n    Pohjoismaisissa kuningashuoneissa on vaihdettu rennompaa kes\u00e4tyyli\u00e4 ylle.\n<\/p>\n<p>        <\/a><\/p>\n<p>Reissuaikeita<\/p>\n<p class=\"article-content article-content-width !bg-background\"><a href=\"https:\/\/www.sverigesradio.se\/artikel\/kronprinsessan-pa-besok-i-bjornlandet-vill-till-tarnaby\" target=\"_blank\" rel=\"nofollow noopener\">Sveriges Radio<\/a> oli mukana vaelluksella, ja samalla kuulijat saivat l\u00e4hett\u00e4\u00e4 kysymyksi\u00e4 kruununprinsessalle. Er\u00e4s kysyi Victorialta, onko h\u00e4n ylip\u00e4\u00e4t\u00e4\u00e4n k\u00e4ynyt kuninkaan m\u00f6kill\u00e4.<\/p>\n<p class=\"article-content article-content-width !bg-background\">\u2013 Kyll\u00e4! Mutta siit\u00e4 on kulunut vuosia. Mutta olemme puhuneet, ett\u00e4 k\u00e4visimme siell\u00e4 taas pian. Tai no, is\u00e4 k\u00e4y siell\u00e4 useammin, Victoria kertoi.<\/p>\n<p class=\"article-content article-content-width !bg-background\">Valtaisa Lapin alue on Ruotsin puolellakin kaunista tuntureineen ja metsineen, ja sen luonto on tehnyt Victoriaankin vaikutuksen.<\/p>\n<p class=\"article-content article-content-width !bg-background\">\u2013 Siell\u00e4 on fantastisen kaunista, h\u00e4n kehui is\u00e4ns\u00e4 piilopirtti\u00e4.<\/p>\n<p>        <a itemprop=\"url\" href=\"https:\/\/www.seiska.fi\/kuninkaalliset\/kruununprinsessa-victorian-ja-prinssi-danielin-lomaparatiisissa-draamaa\/1574877\" rel=\"nofollow noopener\" target=\"_blank\"><\/p>\n<p class=\"section-date\">\n        <strong class=\"article-section\" data-section=\"kuninkaalliset\"><br \/>\n            kuninkaalliset<br \/>\n        <\/strong><br \/>\n        11.1. 13:00\n    <\/p>\n<p>    Kruununprinsessa Victorian ja prinssi Danielin lomaparatiisissa draamaa<\/p>\n<p itemprop=\"description\" class=\"subtitle \">\n    Brasilialaiset syytt\u00e4v\u00e4t rikkaita ruotsalaisia kotikyl\u00e4ns\u00e4 rapistumisesta.\n<\/p>\n<p>        <\/a><\/p>\n<p>                <img decoding=\"async\" src=\"https:\/\/www.europesays.com\/fi\/wp-content\/uploads\/2025\/08\/1910681.webp\" width=\"576\" height=\"274\" alt=\"Kuninkaan m\u00f6kki on vaatimaton olosuhteiltaan, mutta riitt\u00e4v\u00e4n suuri kuninkaalliseen k\u00e4ytt\u00f6\u00f6n. Poliisin kuva vuodelta 2021, otettu murtautumisen tutkinnan yhteydess\u00e4.\" loading=\"lazy\" \/>            <\/p>\n<p>\n            Kuninkaan m\u00f6kki on vaatimaton olosuhteiltaan, mutta riitt\u00e4v\u00e4n suuri kuninkaalliseen k\u00e4ytt\u00f6\u00f6n. Poliisin kuva vuodelta 2021, otettu murtautumisen tutkinnan yhteydess\u00e4.<br \/>\n            Polisen\n        <\/p>\n<p>Tavism\u00f6kki<\/p>\n<p class=\"article-content article-content-width !bg-background\">Kaksikerroksinen kalastusm\u00f6kki sijaitsee lyhyen matkan p\u00e4\u00e4ss\u00e4 T\u00e4rnabyst\u00e4, ja <a href=\"https:\/\/www.svenskdam.se\/kungligt\/victoria-om-kungens-okanda-hus-vill-aka-dit\/10991643\" target=\"_blank\" rel=\"nofollow noopener\">Svensk Damtidningin<\/a> mukaan se koostuu kahdesta kerroksesta.<\/p>\n<p class=\"article-content article-content-width !bg-background\">Alakerrassa on iso olohuone, ja taloon mahtuu monta makuuhuonetta.<\/p>\n<p class=\"article-content article-content-width !bg-background\">M\u00f6kki rakennettiin kuninkaan isois\u00e4lle kuningas\u00a0vuonna 1931. Kuningas lomaili Lapissa ahkerasti. Nykyisen kuninkaan reissut m\u00f6kille ovat nekin s\u00e4\u00e4nn\u00f6llisi\u00e4, mutta aina yksityisi\u00e4.<\/p>\n<p>        <a itemprop=\"url\" href=\"https:\/\/www.seiska.fi\/kuninkaalliset\/kruununprinsessa-victorian-asuvalinnasta-nousi-alamolo\/1600128\" rel=\"nofollow noopener\" target=\"_blank\"><\/p>\n<p>\nPrinsessamuoti puhuttaa\n<\/p>\n<p class=\"section-date\">\n        <strong class=\"article-section\" data-section=\"kuninkaalliset\"><br \/>\n            kuninkaalliset<br \/>\n        <\/strong><br \/>\n        2.2. 09:30\n    <\/p>\n<p>    Kruununprinsessa Victorian asuvalinnasta nousi \u00e4l\u00e4m\u00f6l\u00f6<\/p>\n<p itemprop=\"description\" class=\"subtitle \">\n    Ruotsalaisen halpisketjun tukeminen h\u00e4mment\u00e4\u00e4.\n<\/p>\n<p>        <\/a><\/p>\n<p>                <img decoding=\"async\" src=\"https:\/\/www.europesays.com\/fi\/wp-content\/uploads\/2025\/08\/1910566.webp\" width=\"576\" height=\"720\" alt=\"Rakkaus luontoa kohtaan kulkee Ruotsin kuninkaallisilla suvussa.\" loading=\"lazy\" \/>            <\/p>\n<p>\n            Rakkaus luontoa kohtaan kulkee Ruotsin kuninkaallisilla suvussa.<br \/>\n            PELLE T NILSSON \/ AOP\n        <\/p>\n","protected":false},"excerpt":{"rendered":"HENRIC WAUGE \/ AOP Kuninkaan m\u00f6kki tarjoaa poikkeukselliset rentoutumismahdollisuudet. Ruotsin kuninkaalliset ovat tottuneet varsin hienoon menoon. Heid\u00e4n kotinsa&hellip;\n","protected":false},"author":2,"featured_media":17087,"comment_status":"","ping_status":"","sticky":false,"template":"","format":"standard","meta":{"footnotes":""},"categories":[136],"tags":[407,137,33,31,30,408,2273,2272,212,72,6424,2274,32,109],"class_list":{"0":"post-17086","1":"post","2":"type-post","3":"status-publish","4":"format-standard","5":"has-post-thumbnail","7":"category-julkkikset","8":"tag-celebrities","9":"tag-entertainment","10":"tag-fi","11":"tag-finland","12":"tag-finnish","13":"tag-julkkikset","14":"tag-kruununprinsessa-victoria","15":"tag-kuningas-kaarle-kustaa","16":"tag-lifestyle","17":"tag-luonto","18":"tag-mokki","19":"tag-ruotsin-kuninkaalliset","20":"tag-suomi","21":"tag-viihde"},"share_on_mastodon":{"url":"","error":""},"_links":{"self":[{"href":"https:\/\/www.europesays.com\/fi\/wp-json\/wp\/v2\/posts\/17086","targetHints":{"allow":["GET"]}}],"collection":[{"href":"https:\/\/www.europesays.com\/fi\/wp-json\/wp\/v2\/posts"}],"about":[{"href":"https:\/\/www.europesays.com\/fi\/wp-json\/wp\/v2\/types\/post"}],"author":[{"embeddable":true,"href":"https:\/\/www.europesays.com\/fi\/wp-json\/wp\/v2\/users\/2"}],"replies":[{"embeddable":true,"href":"https:\/\/www.europesays.com\/fi\/wp-json\/wp\/v2\/comments?post=17086"}],"version-history":[{"count":0,"href":"https:\/\/www.europesays.com\/fi\/wp-json\/wp\/v2\/posts\/17086\/revisions"}],"wp:featuredmedia":[{"embeddable":true,"href":"https:\/\/www.europesays.com\/fi\/wp-json\/wp\/v2\/media\/17087"}],"wp:attachment":[{"href":"https:\/\/www.europesays.com\/fi\/wp-json\/wp\/v2\/media?parent=17086"}],"wp:term":[{"taxonomy":"category","embeddable":true,"href":"https:\/\/www.europesays.com\/fi\/wp-json\/wp\/v2\/categories?post=17086"},{"taxonomy":"post_tag","embeddable":true,"href":"https:\/\/www.europesays.com\/fi\/wp-json\/wp\/v2\/tags?post=17086"}],"curies":[{"name":"wp","href":"https:\/\/api.w.org\/{rel}","templated":true}]}}