{"id":17123,"date":"2025-08-26T20:28:06","date_gmt":"2025-08-26T20:28:06","guid":{"rendered":"https:\/\/www.europesays.com\/fi\/17123\/"},"modified":"2025-08-26T20:28:06","modified_gmt":"2025-08-26T20:28:06","slug":"selviytyjiin-tiedossa-muutos-iltalehti","status":"publish","type":"post","link":"https:\/\/www.europesays.com\/fi\/17123\/","title":{"rendered":"Selviytyjiin tiedossa muutos &#8211; Iltalehti"},"content":{"rendered":"<ol>\n<li><a href=\"https:\/\/news.google.com\/rss\/articles\/CBMiggFBVV95cUxQcGtlWGJ2STlHa1ZXSEM0dEVEVzYydkd1aUs3cE5nVE1XbHI2OUtnUXpBd2ZRd2lkTFl5M1g0S1dzNkdlMVl5Sk1wOXhRdUpYbzdwZlp5WjZJclhwaEtUYXB6WnYyVUVzbnc0dnhxVV95YVFzZGZudFlsVnlJS3B4YjFR?oc=5\" target=\"_blank\" rel=\"nofollow noopener\">Selviytyjiin tiedossa muutos<\/a>&nbsp;&nbsp;Iltalehti<\/li>\n<li><a href=\"https:\/\/news.google.com\/rss\/articles\/CBMiZkFVX3lxTFBSX0ZDTVNVbjBsYWpTbUxnRTVzRDBpNHNuaE95NXNjREtCTHlGb2tycExRWDU1aWNhSUhJUnZaY1NhbHp6eTlJa2YxcVVUVWVXU3hNdlRGdldFTi1meThMSUM1b3YxZw?oc=5\" target=\"_blank\" rel=\"nofollow noopener\">Selviytyj\u00e4t palaa ruutuun \u2013 poikkeuksellinen uudistus<\/a>&nbsp;&nbsp;Ilta-Sanomat<\/li>\n<li><a href=\"https:\/\/news.google.com\/rss\/articles\/CBMihwFBVV95cUxOaGJRRzMwSDM0bXRmd0RxX0lyQ2VnQTRpTHllU0JOR3RKVDhfanB0cjZnZTItWjdoVXUxdTFwLVJIdk5tMXBZRTkxTlBsYUZ4NEJZRzFYUW1kODNRX3pHcVJ3SFFnV2J6eTlVdV81aVlUSEd2YWJKeTlkY1lnZzJIZjdMVnRkWlk?oc=5\" target=\"_blank\" rel=\"nofollow noopener\">Selviytyj\u00e4t Suomessa historiallinen uudistus<\/a>&nbsp;&nbsp;Seiska.fi<\/li>\n<li><a href=\"https:\/\/news.google.com\/rss\/articles\/CBMiyAFBVV95cUxQSXZFM2ZlTDhPLU84Smlidy1ZSWVPWVlvdzVQU3BMOTNoMktQOV9PVTdQV3JVeXdXOWlWYVBJUzc4VU5qRVpid3VBODBjNzBwSTcxNmhUOVFxUzVnbHd6dUtOWGhSN1liMXFDakw1bTQwTXJJbzh0WHBzN3dsTXdQUWFYeDA3WkdQeHlLc1gxcFBJLWVtXzM5QWJaMmRCNVJobGRCTFR5bFRuZ19ZcEZUX09UU3VxamVudWVWR1JfR1djMHhHMFhwUA?oc=5\" target=\"_blank\" rel=\"nofollow noopener\">Selviytyj\u00e4t Suomi alkaa \u2013 heimoneuvostossa merkitt\u00e4v\u00e4 uudistus<\/a>&nbsp;&nbsp;STT Info<\/li>\n<li><a href=\"https:\/\/news.google.com\/rss\/articles\/CBMiggFBVV95cUxOVzRMRUhBVzBHdkI3Vm1kVFo4bW9CSFFMZThYWS16cTRQTUQtcXVfemNLN2hNYVFVd29kbkFiMzE1Q3FCMDBIY2xiQUFoaURRUkp6LU9IMVd1MTJUQjVrdHdzWXdmdHZfYktLdU96eFFrNnRGRlVtTHdqNE94N3RyNzZ3?oc=5\" target=\"_blank\" rel=\"nofollow noopener\">N\u00e4k\u00f6kulma: N\u00e4in Selviytyj\u00e4t Suomi yll\u00e4tti<\/a>&nbsp;&nbsp;Seiska.fi<\/li>\n<\/ol>\n","protected":false},"excerpt":{"rendered":"Selviytyjiin tiedossa muutos&nbsp;&nbsp;Iltalehti Selviytyj\u00e4t palaa ruutuun \u2013 poikkeuksellinen uudistus&nbsp;&nbsp;Ilta-Sanomat Selviytyj\u00e4t Suomessa historiallinen uudistus&nbsp;&nbsp;Seiska.fi Selviytyj\u00e4t Suomi alkaa \u2013 heimoneuvostossa&hellip;\n","protected":false},"author":2,"featured_media":17124,"comment_status":"","ping_status":"","sticky":false,"template":"","format":"standard","meta":{"footnotes":""},"categories":[133],"tags":[35,153,137,33,31,30,979,32,206,2140,140,139,156,109],"class_list":{"0":"post-17123","1":"post","2":"type-post","3":"status-publish","4":"format-standard","5":"has-post-thumbnail","7":"category-televisiot","8":"tag-24h","9":"tag-audiovisuaalinen-media","10":"tag-entertainment","11":"tag-fi","12":"tag-finland","13":"tag-finnish","14":"tag-sahkoinen-media","15":"tag-suomi","16":"tag-televisiot","17":"tag-tosi-tv-ohjelmat","18":"tag-tv-ja-elokuvat","19":"tag-tv-ohjelmat","20":"tag-tv","21":"tag-viihde"},"share_on_mastodon":{"url":"","error":""},"_links":{"self":[{"href":"https:\/\/www.europesays.com\/fi\/wp-json\/wp\/v2\/posts\/17123","targetHints":{"allow":["GET"]}}],"collection":[{"href":"https:\/\/www.europesays.com\/fi\/wp-json\/wp\/v2\/posts"}],"about":[{"href":"https:\/\/www.europesays.com\/fi\/wp-json\/wp\/v2\/types\/post"}],"author":[{"embeddable":true,"href":"https:\/\/www.europesays.com\/fi\/wp-json\/wp\/v2\/users\/2"}],"replies":[{"embeddable":true,"href":"https:\/\/www.europesays.com\/fi\/wp-json\/wp\/v2\/comments?post=17123"}],"version-history":[{"count":0,"href":"https:\/\/www.europesays.com\/fi\/wp-json\/wp\/v2\/posts\/17123\/revisions"}],"wp:featuredmedia":[{"embeddable":true,"href":"https:\/\/www.europesays.com\/fi\/wp-json\/wp\/v2\/media\/17124"}],"wp:attachment":[{"href":"https:\/\/www.europesays.com\/fi\/wp-json\/wp\/v2\/media?parent=17123"}],"wp:term":[{"taxonomy":"category","embeddable":true,"href":"https:\/\/www.europesays.com\/fi\/wp-json\/wp\/v2\/categories?post=17123"},{"taxonomy":"post_tag","embeddable":true,"href":"https:\/\/www.europesays.com\/fi\/wp-json\/wp\/v2\/tags?post=17123"}],"curies":[{"name":"wp","href":"https:\/\/api.w.org\/{rel}","templated":true}]}}