{"id":17156,"date":"2025-08-26T21:05:07","date_gmt":"2025-08-26T21:05:07","guid":{"rendered":"https:\/\/www.europesays.com\/fi\/17156\/"},"modified":"2025-08-26T21:05:07","modified_gmt":"2025-08-26T21:05:07","slug":"nyt-riitti-erotuomarit-tekivat-kolmesta-ottelusta-rikosilmoituksen","status":"publish","type":"post","link":"https:\/\/www.europesays.com\/fi\/17156\/","title":{"rendered":"Nyt riitti: erotuomarit tekiv\u00e4t kolmesta ottelusta rikosilmoituksen"},"content":{"rendered":"<p>Valioerotuomarikerho haluaa asiattoman ja vaarallisen toiminnan loppuvan v\u00e4litt\u00f6m\u00e4sti.<\/p>\n<p>26.8. 22:45<\/p>\n<p class=\"article-body margin-bottom-24 padding-x-16\">Miesten jalkapalloliigan ja toiseksi korkeimman sarjatason eli Ykk\u00f6sliigan erotuomareita edustava Valioerotuomarikerho kertoi tiistaina <a class=\"article-genericlink\" href=\"https:\/\/x.com\/VEK_1978\/status\/1960314512940113932\/photo\/1\" rel=\"nofollow\">X-tilill\u00e4\u00e4n<\/a> tehneens\u00e4 rikosilmoitukset tapahtumista, jotka liittyv\u00e4t kolmeen elokuussa pelattuun otteluun.<\/p>\n<p class=\"article-body margin-bottom-24 padding-x-16\">Valioerotuomarikerhon mukaan 11. elokuuta pelatun HJK\u2013Ilves-liigaottelun rikosilmoitus liittyy siihen, ett\u00e4 erotuomari sai pelin j\u00e4lkeen &#8221;useita solvaavia viestej\u00e4 ja uhkausviestin siviilinumeroonsa&#8221;. Erotuomari <a class=\"article-personlink\" href=\"https:\/\/www.satakunnankansa.fi\/haku\/?query=Oliver%20Reitala\" rel=\"nofollow noopener\" target=\"_blank\">Oliver Reitala<\/a> antoi ottelussa suoran punaisen kortin Ilveksen <a class=\"article-personlink\" href=\"https:\/\/www.satakunnankansa.fi\/haku\/?query=Joona%20Vetelille\" rel=\"nofollow noopener\" target=\"_blank\">Joona Vetelille<\/a>, mik\u00e4 her\u00e4tti runsaasti keskustelua.<\/p>\n<p class=\"article-body margin-bottom-24 padding-x-16\">Viime lauantaina pelatussa Ilveksen ja Interin v\u00e4lisess\u00e4 liigaottelussa erotuomari &#8221;sai osuman katsomosta lent\u00e4neest\u00e4 t\u00e4ydest\u00e4 oluttuopista&#8221;. Valioerotuomarikerhon mukaan &#8221;lis\u00e4ksi toisesta katsomosta heitettiin kent\u00e4lle useita tuoppeja ja pahvimukeja, joista yksi osui avustavaan erotuomariin&#8221;.<\/p>\n<p class=\"article-body margin-bottom-24 padding-x-16\">Rikosilmoitus on tehty my\u00f6s Ykk\u00f6sliigan ottelusta SalPa\u2013Jippo, joka pelattiin viime lauantaina. Valioerotuomarikerhon mukaan katsomosta kuului rasistisia huutoja ottelun aikana.<\/p>\n<p class=\"article-body margin-bottom-24 padding-x-16\">\u201dJatkossa kaikista vastaavista tapauksista tullaan aina tekem\u00e4\u00e4n rikosilmoitus. Ep\u00e4asiallinen ja vaarallinen toiminta halutaan loppumaan v\u00e4litt\u00f6m\u00e4sti, eik\u00e4 siihen n\u00e4hd\u00e4 en\u00e4\u00e4 muuta lievemp\u00e4\u00e4 keinoa\u201d, Valioerotuomarikerho totesi kyseisist\u00e4 otteluista.<\/p>\n<p class=\"article-body margin-bottom-24 padding-x-16\">Ilveksen ja Interin v\u00e4lisen ottelun tapahtumat etenev\u00e4t my\u00f6s Palloliiton kurinpitoon.<\/p>\n<p class=\"article-body margin-bottom-24 padding-x-16\">\u201dTilanne on eritt\u00e4in valitettava ja her\u00e4tt\u00e4\u00e4 huolta erotuomarien turvallisuudesta kent\u00e4ll\u00e4. Meill\u00e4 ei ole sijaa v\u00e4kivallalle tai uhkaavalle k\u00e4yt\u00f6kselle jalkapallossa\u201d, erotuomarip\u00e4\u00e4llikk\u00f6 <a class=\"article-personlink\" href=\"https:\/\/www.satakunnankansa.fi\/haku\/?query=Johan%20Holmqvist\" rel=\"nofollow noopener\" target=\"_blank\">Johan Holmqvist <\/a>sanoi maanantaina Palloliiton <a class=\"article-genericlink\" href=\"https:\/\/www.palloliitto.fi\/ajankohtaista\/katsomosta-heitetyt-esineet-ovat-turvallisuusriski-ilves-fc-inter\" rel=\"nofollow noopener\" target=\"_blank\">kotisivuilla<\/a>.<\/p>\n<p class=\"article-body margin-bottom-24 padding-x-16\">Rikosilmoituksista kertoi <a class=\"article-genericlink\" href=\"https:\/\/www.aamulehti.fi\/jalkapallo\/art-2000011452921.html\" rel=\"nofollow noopener\" target=\"_blank\">Aamulehti <\/a>tiistaina.<\/p>\n","protected":false},"excerpt":{"rendered":"Valioerotuomarikerho haluaa asiattoman ja vaarallisen toiminnan loppuvan v\u00e4litt\u00f6m\u00e4sti. 26.8. 22:45 Miesten jalkapalloliigan ja toiseksi korkeimman sarjatason eli Ykk\u00f6sliigan&hellip;\n","protected":false},"author":2,"featured_media":2527,"comment_status":"","ping_status":"","sticky":false,"template":"","format":"standard","meta":{"footnotes":""},"categories":[5],"tags":[22,23,26,27,33,31,30,17,24,25,28,29,15,18,21,80,32,19,20,16],"class_list":{"0":"post-17156","1":"post","2":"type-post","3":"status-publish","4":"format-standard","5":"has-post-thumbnail","7":"category-otsikot","8":"tag-breaking-news","9":"tag-breakingnews","10":"tag-featured-news","11":"tag-featurednews","12":"tag-fi","13":"tag-finland","14":"tag-finnish","15":"tag-headlines","16":"tag-latest-news","17":"tag-latestnews","18":"tag-main-news","19":"tag-mainnews","20":"tag-news","21":"tag-otsikot","22":"tag-paauutiset","23":"tag-satakunnan-kansa","24":"tag-suomi","25":"tag-top-stories","26":"tag-topstories","27":"tag-uutiset"},"share_on_mastodon":{"url":"","error":""},"_links":{"self":[{"href":"https:\/\/www.europesays.com\/fi\/wp-json\/wp\/v2\/posts\/17156","targetHints":{"allow":["GET"]}}],"collection":[{"href":"https:\/\/www.europesays.com\/fi\/wp-json\/wp\/v2\/posts"}],"about":[{"href":"https:\/\/www.europesays.com\/fi\/wp-json\/wp\/v2\/types\/post"}],"author":[{"embeddable":true,"href":"https:\/\/www.europesays.com\/fi\/wp-json\/wp\/v2\/users\/2"}],"replies":[{"embeddable":true,"href":"https:\/\/www.europesays.com\/fi\/wp-json\/wp\/v2\/comments?post=17156"}],"version-history":[{"count":0,"href":"https:\/\/www.europesays.com\/fi\/wp-json\/wp\/v2\/posts\/17156\/revisions"}],"wp:featuredmedia":[{"embeddable":true,"href":"https:\/\/www.europesays.com\/fi\/wp-json\/wp\/v2\/media\/2527"}],"wp:attachment":[{"href":"https:\/\/www.europesays.com\/fi\/wp-json\/wp\/v2\/media?parent=17156"}],"wp:term":[{"taxonomy":"category","embeddable":true,"href":"https:\/\/www.europesays.com\/fi\/wp-json\/wp\/v2\/categories?post=17156"},{"taxonomy":"post_tag","embeddable":true,"href":"https:\/\/www.europesays.com\/fi\/wp-json\/wp\/v2\/tags?post=17156"}],"curies":[{"name":"wp","href":"https:\/\/api.w.org\/{rel}","templated":true}]}}