{"id":171632,"date":"2026-02-16T19:40:07","date_gmt":"2026-02-16T19:40:07","guid":{"rendered":"https:\/\/www.europesays.com\/fi\/171632\/"},"modified":"2026-02-16T19:40:07","modified_gmt":"2026-02-16T19:40:07","slug":"kehuttu-scifi-sarja-loppuu-kahden-vuoden-arvailun-jalkeen-laheskaan-riittavan-moni-ei-katsonut-sita","status":"publish","type":"post","link":"https:\/\/www.europesays.com\/fi\/171632\/","title":{"rendered":"Kehuttu scifi-sarja loppuu kahden vuoden arvailun j\u00e4lkeen: &#8221;L\u00e4hesk\u00e4\u00e4n riitt\u00e4v\u00e4n moni ei katsonut sit\u00e4&#8221;"},"content":{"rendered":"<p>Kuva: \u00a9 2024 Netflix, Inc.<\/p>\n<p>Terminator Zero alkoi Netflixiss\u00e4 vuonna 2024. Toisesta kaudesta ei ole kuulunut mit\u00e4\u00e4n, joten nyt saapunut lopetusilmoitus ei ole varsin yll\u00e4tt\u00e4v\u00e4.<\/p>\n<p><a href=\"https:\/\/muropaketti.com\/avainsana\/terminator-zero\/\" rel=\"nofollow noopener\" target=\"_blank\">Terminator Zeron<\/a> luonut Mattson Tomlin on vahvistanut <a href=\"https:\/\/x.com\/mattsontomlin\/status\/2022206384352506048?s=20\" target=\"_blank\" rel=\"noreferrer noopener nofollow\">X-palvelussa<\/a> sarjan tulleen tiens\u00e4 p\u00e4\u00e4h\u00e4n.<\/p>\n<p>\u201dKriitikot ja yleis\u00f6 ottivat sarjan vastaan valtavan hyvin, mutta loppujen lopuksi l\u00e4hesk\u00e4\u00e4n riitt\u00e4v\u00e4n moni ei katsonut sit\u00e4. Olisin mielell\u00e4ni toteuttanut toiselle ja kolmannelle kaudelle suunnitellun tulevaisuuden sodan, mutta olen my\u00f6s hyvin tyytyv\u00e4inen siihen, millainen sarja nyt on\u201d.<\/p>\n<p>Tomlin saattaa my\u00f6hemmin paljastaa koko suunnitelmansa viiden kauden mittaisesta tarinasta.<\/p>\n<p>Kuten Terminator Zeron luoja itsekin totesi, sai Terminator Zero <a href=\"https:\/\/www.rottentomatoes.com\/tv\/terminator_zero\" target=\"_blank\" rel=\"noreferrer noopener nofollow\">sangen suopean vastaanoton <\/a>ilmestyess\u00e4\u00e4n pari vuotta sitten.<\/p>\n<p>Muropaketin arviossa todettiin seuraavaa:<\/p>\n<p>\u201dTerminator Zero sis\u00e4lt\u00e4\u00e4 reippaasti tuttuja elementtej\u00e4, mutta fan service pysyy kerrankin aisoissa. Tarinan sijoittaminen Japaniin on luontevaa, koska kyseess\u00e4 on 2D-animesarja, jota maustetaan maltillisesti tyylikk\u00e4ill\u00e4 3D-kohtauksilla. Tuomion p\u00e4iv\u00e4n ja sit\u00e4 edelt\u00e4v\u00e4n ajan esittely muusta kuin amerikkalaisn\u00e4k\u00f6kulmasta on pirist\u00e4v\u00e4\u00e4. Los Angelesin tapahtumat on n\u00e4hty jo riitt\u00e4v\u00e4n monta kertaa.\u201d<\/p>\n<p><a href=\"https:\/\/muropaketti.com\/elokuvat\/elokuva-arvostelut\/arvostelu-netflixin-uusi-terminator-zero-sarja\/\" rel=\"nofollow noopener\" target=\"_blank\">Netflixin uusi Terminator Zero -sarja on parempi kuin useimmat jatko-osat<\/a><\/p>\n<p>Mahdollisesta seuraavasta Terminator-elokuvasta ei ole viel\u00e4 virallista tietoa, mutta James Cameron on toistuvasti vihjaillut kehittelev\u00e4ns\u00e4 jotain sen tiimoilta. T\u00e4t\u00e4 voi pit\u00e4\u00e4 melko yll\u00e4tt\u00e4v\u00e4n\u00e4, sill\u00e4 Cameronin vuonna 2019 tuottama Terminator: Dark Fate j\u00e4i kauas tavoitteestaan, eik\u00e4 uudelle Terminator-elokuvalle tunnu olevan suurta tilausta.<\/p>\n<p><a href=\"https:\/\/muropaketti.com\/elokuvat\/elokuvauutiset\/james-cameron-tekee-uutta-terminator-elokuvaa-nyt-selvisi-onko-myos-arnold-schwarzenegger-mukana\/\" rel=\"nofollow noopener\" target=\"_blank\">James Cameron tekee uutta Terminator-elokuvaa \u2013 nyt selvisi, onko my\u00f6s Arnold Schwarzenegger mukana<\/a><\/p>\n","protected":false},"excerpt":{"rendered":"Kuva: \u00a9 2024 Netflix, Inc. Terminator Zero alkoi Netflixiss\u00e4 vuonna 2024. Toisesta kaudesta ei ole kuulunut mit\u00e4\u00e4n, joten&hellip;\n","protected":false},"author":2,"featured_media":171633,"comment_status":"","ping_status":"","sticky":false,"template":"","format":"standard","meta":{"footnotes":"","_share_on_mastodon":"0"},"categories":[133],"tags":[137,33,31,30,217,1369,32,206,435,28005,156,109],"class_list":["post-171632","post","type-post","status-publish","format-standard","has-post-thumbnail","category-televisiot","tag-entertainment","tag-fi","tag-finland","tag-finnish","tag-netflix","tag-sarjat","tag-suomi","tag-televisiot","tag-terminator","tag-terminator-zero","tag-tv","tag-viihde"],"share_on_mastodon":{"url":"https:\/\/pubeurope.com\/@fi\/116082011316895302","error":""},"_links":{"self":[{"href":"https:\/\/www.europesays.com\/fi\/wp-json\/wp\/v2\/posts\/171632","targetHints":{"allow":["GET"]}}],"collection":[{"href":"https:\/\/www.europesays.com\/fi\/wp-json\/wp\/v2\/posts"}],"about":[{"href":"https:\/\/www.europesays.com\/fi\/wp-json\/wp\/v2\/types\/post"}],"author":[{"embeddable":true,"href":"https:\/\/www.europesays.com\/fi\/wp-json\/wp\/v2\/users\/2"}],"replies":[{"embeddable":true,"href":"https:\/\/www.europesays.com\/fi\/wp-json\/wp\/v2\/comments?post=171632"}],"version-history":[{"count":0,"href":"https:\/\/www.europesays.com\/fi\/wp-json\/wp\/v2\/posts\/171632\/revisions"}],"wp:featuredmedia":[{"embeddable":true,"href":"https:\/\/www.europesays.com\/fi\/wp-json\/wp\/v2\/media\/171633"}],"wp:attachment":[{"href":"https:\/\/www.europesays.com\/fi\/wp-json\/wp\/v2\/media?parent=171632"}],"wp:term":[{"taxonomy":"category","embeddable":true,"href":"https:\/\/www.europesays.com\/fi\/wp-json\/wp\/v2\/categories?post=171632"},{"taxonomy":"post_tag","embeddable":true,"href":"https:\/\/www.europesays.com\/fi\/wp-json\/wp\/v2\/tags?post=171632"}],"curies":[{"name":"wp","href":"https:\/\/api.w.org\/{rel}","templated":true}]}}